{"id":4797,"date":"2026-01-18T19:38:10","date_gmt":"2026-01-18T18:38:10","guid":{"rendered":"https:\/\/urbinavolant.com\/socioculturalUBU\/?p=4797"},"modified":"2026-01-18T19:59:24","modified_gmt":"2026-01-18T18:59:24","slug":"el-termino-cultura-en-el-mcer-o-el-plan-curricular-del-instituto-cervantes","status":"publish","type":"post","link":"https:\/\/urbinavolant.com\/socioculturalUBU\/2026\/01\/18\/el-termino-cultura-en-el-mcer-o-el-plan-curricular-del-instituto-cervantes\/","title":{"rendered":"El t\u00e9rmino cultura en el MCER o el Plan Curricular del Instituto Cervantes"},"content":{"rendered":"\n<h3 class=\"wp-block-heading\" id=\"elconceptodeculturaenelmcerenelvolumencomplementarioyenelplancurriculardelinstitutocervantes\">El concepto de cultura en el MCER, en el Volumen complementario y en el Plan Curricular del Instituto Cervantes<\/h3>\n\n\n\n<p>El Marco Com\u00fan Europeo de Referencia para las Lenguas presenta la cultura como parte integral de la competencia comunicativa. No se trata \u00fanicamente de saber datos sobre fiestas, monumentos o personajes, sino de contar con recursos para\u00a0<strong>interpretar<\/strong>\u00a0situaciones sociales,\u00a0<strong>actuar<\/strong>\u00a0de manera adecuada y\u00a0<strong>relacionar<\/strong>\u00a0la cultura propia con la cultura meta. El Volumen Complementario del MCER refuerza esta idea al incorporar la\u00a0<strong>mediaci\u00f3n<\/strong>\u00a0y el\u00a0<strong>repertorio pluricultural<\/strong>\u00a0del aprendiente, con descriptores que permiten observar y evaluar estas capacidades. El Plan Curricular del Instituto Cervantes, por su parte, convierte ese marco en una propuesta concreta para ELE mediante\u00a0<strong>inventarios<\/strong>\u00a0y\u00a0<strong>secuenciaci\u00f3n por niveles<\/strong>, de forma que la cultura pueda planificarse, trabajarse y revisarse con criterios claros.<\/p>\n\n\n\n<h3 class=\"wp-block-heading\" id=\"1laculturaenelmcer2001conocimientosocioculturalparaactuarenlacomunidadmeta\">La cultura en el MCER (2001): cultura como competencia para actuar<\/h3>\n\n\n\n<p>El MCER entiende que aprender una lengua implica aprender a desenvolverse en una comunidad concreta. Por eso integra la cultura dentro de las competencias generales del aprendiente. <\/p>\n\n\n\n<p>Esta visi\u00f3n se despliega, sobre todo, en dos planos complementarios.<\/p>\n<ul>\n<li>Por un lado, la\u00a0<strong>competencia sociocultural<\/strong>\u00a0agrupa conocimientos sobre la vida diaria, las convenciones sociales, los valores compartidos y la comunicaci\u00f3n no verbal. Son saberes que ayudan a responder preguntas del tipo \u201c\u00bfqu\u00e9 se espera de m\u00ed en esta situaci\u00f3n?\u201d, \u201c\u00bfc\u00f3mo adapto el registro?\u201d, \u201c\u00bfqu\u00e9 comportamientos son apropiados aqu\u00ed?\u201d.<\/li>\n<li>Por otro lado, la\u00a0<strong>dimensi\u00f3n intercultural<\/strong>\u00a0invita a\u00a0<strong>relacionar<\/strong>\u00a0la cultura de origen con la cultura meta, a\u00a0<strong>reconocer<\/strong>\u00a0semejanzas y diferencias sin caer en estereotipos y a\u00a0<strong>replantear<\/strong>\u00a0interpretaciones cuando aparecen malentendidos.<\/li>\n<\/ul>\n\n\n\n<p>Esta articulaci\u00f3n cultural no se limita a un ap\u00e9ndice te\u00f3rico. Su objetivo es&nbsp;<strong>pragm\u00e1tico<\/strong>: que el aprendiente sepa&nbsp;<strong>interpretar<\/strong>&nbsp;lo que sucede en la interacci\u00f3n y&nbsp;<strong>actuar<\/strong>&nbsp;con adecuaci\u00f3n. El MCER propone descriptores por niveles que permiten graduar este progreso y vincularlo a tareas reales de aula. El resultado es una cultura integrada en la comunicaci\u00f3n, no una \u201cunidad extra\u201d desconectada del uso ling\u00fc\u00edstico.<\/p>\n\n\n\n<h3 class=\"wp-block-heading\" id=\"2laculturaenelvolumencomplementariodelmcer2020repertoriospluriculturalesymediacin\">La cultura en el volumen complementario del MCER (2020): mediaci\u00f3n e identidad pluricultural<\/h3>\n\n\n\n<p>El Volumen Complementario actualiza el enfoque del MCER y sit\u00faa en el centro la figura del&nbsp;<strong>hablante intercultural<\/strong>. El \u00e9nfasis ya no est\u00e1 en \u201cparecer un nativo\u201d, sino en&nbsp;<strong>movilizar<\/strong>&nbsp;la propia biograf\u00eda ling\u00fc\u00edstica y cultural para comprender, explicar y construir puente entre interlocutores. Dos nociones resultan especialmente \u00fatiles en ELE.<\/p>\n\n\n\n<p>La primera es el&nbsp;<strong>repertorio pluricultural<\/strong>. Cada aprendiente re\u00fane experiencias, saberes y referencias de distintas culturas y las integra de forma din\u00e1mica. Ese repertorio no es una suma de compartimentos estancos, sino un conjunto articulado que se activa seg\u00fan el contexto. En t\u00e9rminos pr\u00e1cticos, significa que el alumno puede&nbsp;<strong>apoyarse<\/strong>&nbsp;en lo que ya sabe (de su cultura o de otras lenguas) para interpretar situaciones nuevas en espa\u00f1ol, y que esa activaci\u00f3n es una&nbsp;<strong>fortaleza did\u00e1ctica<\/strong>, no un obst\u00e1culo.<\/p>\n\n\n\n<p>La segunda es la&nbsp;<strong>mediaci\u00f3n<\/strong>. El Volumen Complementario incorpora descriptores para observar c\u00f3mo el aprendiente&nbsp;<strong>explica<\/strong>&nbsp;significados culturales,&nbsp;<strong>gestiona<\/strong>&nbsp;malentendidos y&nbsp;<strong>facilita<\/strong>&nbsp;la comunicaci\u00f3n cuando los participantes no comparten las mismas claves. En ELE, esto se traduce en tareas como aclarar el valor social de la sobremesa, interpretar el uso de la iron\u00eda en determinados contextos o explicar por qu\u00e9 la puntualidad puede ser m\u00e1s flexible en ciertos \u00e1mbitos. Adem\u00e1s, el documento actualiza escalas para contextos contempor\u00e1neos (interacci\u00f3n en l\u00ednea), incorpora un nivel&nbsp;<strong>pre\u2011A1<\/strong>&nbsp;y atiende a la&nbsp;<strong>lengua de signos<\/strong>, ampliando el alcance inclusivo del marco.<\/p>\n\n\n\n<p>El mensaje central del Volumen Complementario es claro:&nbsp;<strong>el objetivo no es parecer un nativo, sino ser un hablante intercultural capaz de interpretar, relacionar y mediar.<\/strong><\/p>\n\n\n\n<h3 class=\"wp-block-heading\" id=\"3laculturaenelpcictresinventariosparaoperacionalizarelconcepto\">La cultura en el PCIR: de la teor\u00eda a la puesta en pr\u00e1ctica<\/h3>\n\n\n\n<p>El Plan Curricular del Instituto Cervantes toma el marco conceptual del MCER y lo&nbsp;<strong>operacionaliza<\/strong>&nbsp;para el espa\u00f1ol. Su aportaci\u00f3n clave es la organizaci\u00f3n de los contenidos culturales en&nbsp;<strong>tres inventarios<\/strong>&nbsp;que responden de forma sencilla a tres preguntas docentes.<\/p>\n\n\n\n<p>El\u00a0<strong>inventario de referentes culturales (qu\u00e9)<\/strong>\u00a0re\u00fane conocimientos sobre productos, hechos, figuras e instituciones del mundo hispanohablante. Sirve para disponer de un contexto compartido: literatura, cine, arte, historia reciente, celebraciones p\u00fablicas o patrimonio. <\/p>\n\n\n\n<p>El\u00a0<strong>inventario de saberes y comportamientos socioculturales (c\u00f3mo)<\/strong>\u00a0se centra en modos de vida y normas de interacci\u00f3n: tratamientos de cortes\u00eda, gesti\u00f3n de turnos de palabra, distancias interpersonales, horarios cotidianos, rituales sociales o variaci\u00f3n diat\u00f3pica y diastr\u00e1tica del espa\u00f1ol.<\/p>\n<p>Por \u00faltimo, el\u00a0<strong>inventario de habilidades y actitudes interculturales (por qu\u00e9)<\/strong>\u00a0fomenta procedimientos y disposiciones como observar sin prejuicios, comparar con criterio, interpretar desde la l\u00f3gica interna de la cultura meta y\u00a0<strong>mediar<\/strong>\u00a0entre interlocutores.<\/p>\n\n\n\n<p>Esta estructura se acompa\u00f1a de una&nbsp;<strong>progresi\u00f3n por niveles<\/strong>. En&nbsp;<strong>A1\u2013A2 (aproximaci\u00f3n)<\/strong>&nbsp;se seleccionan contenidos cercanos a la experiencia inmediata del estudiante. En&nbsp;<strong>B1\u2013B2 (profundizaci\u00f3n)<\/strong>&nbsp;se analizan sistemas y pr\u00e1cticas con mayor alcance social. En&nbsp;<strong>C1\u2013C2 (consolidaci\u00f3n)<\/strong>&nbsp;se aborda la complejidad hist\u00f3rica y la diversidad del \u00e1mbito hispanohablante, articulando referencias y comportamientos con implicaciones interculturales m\u00e1s profundas. Todo ello permite dise\u00f1ar cursos en los que la cultura no se \u201ca\u00f1ade\u201d al final, sino que&nbsp;<strong>estructura<\/strong>&nbsp;objetivos, tareas y evaluaci\u00f3n.<\/p>\n\n\n\n<h2 class=\"wp-block-heading\" id=\"4relacinentremcervolumencomplementarioypcic\">Relaci\u00f3n entre MCER, volumen complementario y PCIC<\/h2>\n\n\n\n<p>Los tres textos forman una l\u00ednea coherente. El\u00a0<strong>MCER<\/strong>\u00a0ofrece la\u00a0<strong>filosof\u00eda de base<\/strong>: la cultura como parte de la competencia comunicativa, con foco en interpretar y actuar de manera adecuada. El\u00a0<strong>Volumen Complementario<\/strong>\u00a0<strong>actualiza<\/strong>\u00a0esa base y a\u00f1ade descriptores para la\u00a0<strong>mediaci\u00f3n<\/strong>\u00a0y el\u00a0<strong>repertorio pluricultural<\/strong>, desplazando el modelo del \u201cnativo\u201d hacia el del\u00a0<strong>hablante intercultural<\/strong>. El\u00a0<strong>PCIC<\/strong>\u00a0<strong>concreta<\/strong>\u00a0qu\u00e9 contenidos culturales trabajar en ELE y c\u00f3mo\u00a0<strong>secuenciarlos<\/strong>\u00a0por niveles mediante inventarios claros. En conjunto, proporcionan a docentes y estudiantes un recorrido que va de la idea general a la herramienta concreta:\u00a0<strong>qu\u00e9<\/strong>\u00a0conocer,\u00a0<strong>c\u00f3mo<\/strong>\u00a0comportarse y\u00a0<strong>por qu\u00e9<\/strong>\u00a0mediar.<\/p>\n\n\n\n<p>En conjunto, estos documentos muestran que&nbsp;<strong>aprender una lengua es aprender formas de interpretar, actuar y relacionarse<\/strong>, no solo palabras o estructuras.<\/p>\n\n\n\n<h2 class=\"wp-block-heading\" id=\"5sntesisfinalparaestudiantes\">S\u00edntesis<\/h2>\n\n\n\n<ul class=\"wp-block-list\">\n<li>La cultura no es solo informaci\u00f3n: es\u00a0<strong>interpretaci\u00f3n, comportamiento y mediaci\u00f3n<\/strong>.<\/li>\n\n\n\n<li>El objetivo en ELE no es \u201chablar como un nativo\u201d, sino\u00a0<strong>interactuar con competencia sociocultural e intercultural<\/strong>.<\/li>\n\n\n\n<li>MCER + Volumen Complementario + PCIC forman un marco coherente para trabajar la cultura en tres planos:\u00a0<strong>qu\u00e9<\/strong>,\u00a0<strong>c\u00f3mo<\/strong>\u00a0y\u00a0<strong>por qu\u00e9<\/strong>.<\/li>\n<\/ul>\n\n\n","protected":false},"excerpt":{"rendered":"<p>El concepto de cultura en el MCER, en el Volumen complementario y en el Plan Curricular del Instituto Cervantes El Marco Com\u00fan Europeo de Referencia para las Lenguas presenta la cultura como parte integral de la competencia comunicativa. No se trata \u00fanicamente de saber datos sobre fiestas, monumentos o personajes, sino de contar con recursos &hellip; <a href=\"https:\/\/urbinavolant.com\/socioculturalUBU\/2026\/01\/18\/el-termino-cultura-en-el-mcer-o-el-plan-curricular-del-instituto-cervantes\/\" class=\"more-link\">Sigue leyendo <span class=\"screen-reader-text\">El t\u00e9rmino cultura en el MCER o el Plan Curricular del Instituto Cervantes<\/span><\/a><\/p>\n","protected":false},"author":1,"featured_media":0,"comment_status":"open","ping_status":"open","sticky":false,"template":"","format":"standard","meta":{"jetpack_post_was_ever_published":false,"_jetpack_newsletter_access":"","_jetpack_dont_email_post_to_subs":false,"_jetpack_newsletter_tier_id":0,"_jetpack_memberships_contains_paywalled_content":false,"_jetpack_memberships_contains_paid_content":false,"footnotes":"","jetpack_publicize_message":"","jetpack_publicize_feature_enabled":true,"jetpack_social_post_already_shared":true,"jetpack_social_options":{"image_generator_settings":{"template":"highway","default_image_id":0,"font":"","enabled":false},"version":2}},"categories":[2],"tags":[],"class_list":["post-4797","post","type-post","status-publish","format-standard","hentry","category-pragmatica"],"jetpack_publicize_connections":[],"jetpack_featured_media_url":"","jetpack_sharing_enabled":true,"jetpack_shortlink":"https:\/\/wp.me\/pbrJ5y-1fn","_links":{"self":[{"href":"https:\/\/urbinavolant.com\/socioculturalUBU\/wp-json\/wp\/v2\/posts\/4797","targetHints":{"allow":["GET"]}}],"collection":[{"href":"https:\/\/urbinavolant.com\/socioculturalUBU\/wp-json\/wp\/v2\/posts"}],"about":[{"href":"https:\/\/urbinavolant.com\/socioculturalUBU\/wp-json\/wp\/v2\/types\/post"}],"author":[{"embeddable":true,"href":"https:\/\/urbinavolant.com\/socioculturalUBU\/wp-json\/wp\/v2\/users\/1"}],"replies":[{"embeddable":true,"href":"https:\/\/urbinavolant.com\/socioculturalUBU\/wp-json\/wp\/v2\/comments?post=4797"}],"version-history":[{"count":3,"href":"https:\/\/urbinavolant.com\/socioculturalUBU\/wp-json\/wp\/v2\/posts\/4797\/revisions"}],"predecessor-version":[{"id":4801,"href":"https:\/\/urbinavolant.com\/socioculturalUBU\/wp-json\/wp\/v2\/posts\/4797\/revisions\/4801"}],"wp:attachment":[{"href":"https:\/\/urbinavolant.com\/socioculturalUBU\/wp-json\/wp\/v2\/media?parent=4797"}],"wp:term":[{"taxonomy":"category","embeddable":true,"href":"https:\/\/urbinavolant.com\/socioculturalUBU\/wp-json\/wp\/v2\/categories?post=4797"},{"taxonomy":"post_tag","embeddable":true,"href":"https:\/\/urbinavolant.com\/socioculturalUBU\/wp-json\/wp\/v2\/tags?post=4797"}],"curies":[{"name":"wp","href":"https:\/\/api.w.org\/{rel}","templated":true}]}}