{"id":4455,"date":"2020-01-07T12:36:47","date_gmt":"2020-01-07T11:36:47","guid":{"rendered":"https:\/\/urbinavolant.com\/socioculturalUBU\/?p=4455"},"modified":"2026-02-11T11:44:50","modified_gmt":"2026-02-11T10:44:50","slug":"el-termino-cultura","status":"publish","type":"post","link":"https:\/\/urbinavolant.com\/socioculturalUBU\/2020\/01\/07\/el-termino-cultura\/","title":{"rendered":"El t\u00e9rmino &#8216;cultura&#8217; y caracter\u00edsticas del concepto"},"content":{"rendered":"\n<p><em>Esta secci\u00f3n ha sido revisada, ampliada y reestructurada el d\u00eda 18 de enero de 2026. Para citarla, pues, es necesario hacer referencia de esta fecha.<\/em><\/p>\n\n\n\n<p>Al aprender una lengua no solo incorporamos palabras y reglas, sino tambi\u00e9n&nbsp;<strong>formas de mirar el mundo<\/strong>. La cultura explica por qu\u00e9 ciertas pr\u00e1cticas comunicativas tienen sentido: por qu\u00e9 hay sobremesa, c\u00f3mo se negocian los turnos de palabra, qu\u00e9 implica decir&nbsp;<em>ma\u00f1ana<\/em>en distintos contextos. <\/p>\n\n\n\n<p>En la did\u00e1ctica de ELE, la cultura no es un \u201cextra\u201d decorativo, sino una&nbsp;<strong>competencia esencial<\/strong>&nbsp;que orienta el comportamiento comunicativo y evita malentendidos.<\/p>\n\n\n\n<h2 class=\"wp-block-heading\">EL T\u00c9RMINO CULTURA<\/h2>\n\n\n\n<p>Dada la dificultad para definir de forma adecuada el t\u00e9rmino <em>cultura<\/em>, se hace necesario realizar un recorrido por las principales definiciones del t\u00e9rmino desde diferentes perspectivas.<\/p>\n\n\n\n<p>La cultura tiene unos efectos y consecuencias indudables en la ense\u00f1anza de una LE\/L2.<\/p>\n\n\n\n<p>Existen tantas definiciones de cultura como disciplinas que estudian a los seres humanos. Aunque podamos manejar tantas definiciones de&nbsp;<em>cultura&nbsp;<\/em>como disciplinas que estudian la especie humana, la mayor\u00eda coinciden en considerarla como una serie de habilidades y conocimientos de car\u00e1cter colectivo, compartidos y organizados con unas reglas comunes.<\/p>\n\n\n\n<p>Nos podemos acercar al t\u00e9rmino <em>cultura<\/em> desde tres perspectivas:<\/p>\n\n\n\n<p><strong>Desde el punto de vista etimol\u00f3gico:<\/strong><\/p>\n\n\n\n<p>La cultura, en su origen, tiene que ver con la labranza de la tierra y luego, por extensi\u00f3n, con el cultivo de la mente y del esp\u00edritu.<\/p>\n\n\n\n<p><strong>Desde el punto de vista normativo:<\/strong><\/p>\n\n\n\n<p>El <em>DLE<\/em> define el t\u00e9rmino <em>cultura<\/em> de la manera que sigue:<\/p>\n\n\n\n<ol class=\"wp-block-list\">\n<li>Cultivo.<\/li>\n\n\n\n<li>Conjunto&nbsp;de&nbsp;conocimientos&nbsp;que&nbsp;permite&nbsp;a&nbsp;alguien&nbsp;desarrollar&nbsp;su&nbsp;juicio&nbsp;cr\u00edtico.<\/li>\n\n\n\n<li>Conjunto&nbsp;de&nbsp;modos&nbsp;de&nbsp;vida&nbsp;y&nbsp;costumbres,&nbsp;conocimientos&nbsp;y&nbsp;grado&nbsp;de&nbsp;desarrollo&nbsp;art\u00edstico,&nbsp;cient\u00edfico,&nbsp;industrial,&nbsp;en&nbsp;una&nbsp;\u00e9poca,&nbsp;grupo&nbsp;social,&nbsp;<abbr title=\"etc\u00e9tera\">etc.<\/abbr><\/li>\n<\/ol>\n\n\n\n<p>Y define \u00abcultura popular\u00bb como:  \u00abConjunto&nbsp;de&nbsp;las&nbsp;manifestaciones&nbsp;en&nbsp;que&nbsp;se&nbsp;expresa&nbsp;la&nbsp;vida&nbsp;tradicional&nbsp;de&nbsp;un&nbsp;pueblo\u00bb.<\/p>\n\n\n\n<p>En consecuencia, seg\u00fan esta definici\u00f3n, podemos deducir que existen, al menos, tres tipos de culturas: una cultura de car\u00e1cter erudito e individual, una cultura con una vertiente m\u00e1s social y una tercera cultura que a\u00fana el car\u00e1cter social con el car\u00e1cter tradicional.<\/p>\n\n\n\n<p><strong>Desde el punto de vista de disciplinas como la antropolog\u00eda, la sociolog\u00eda o la traducci\u00f3n:<\/strong><\/p>\n\n\n\n<p>Desde un \u00e1ngulo antropol\u00f3gico, la cultura comprende una serie de s\u00edmbolos y signos que se aprenden y transmiten socialmente. Desde un \u00e1ngulo sociol\u00f3gico, la cultura es una construcci\u00f3n del ser humano, un mapa mental con significados y una gu\u00eda de comportamiento por la que es posible entender nuestro mundo. Al nacer, nuestra comunidad nos proporciona los mecanismos para interpretar la realidad. en este sentido, la cultura define nuestras relaciones con los dem\u00e1s miembros de la sociedad.<\/p>\n\n\n\n<p>Definiciones de cultura de sociol\u00f3gos y antrop\u00f3logos:<\/p>\n\n\n\n<ul class=\"wp-block-list\">\n<li>Taylor, en 1871: la cultura ser\u00eda \u00abaquel todo complejo que incluye el conocimiento, las creencias, el arte, la moral, el derecho, las costumbres, y cualesquiera otros h\u00e1bitos y capacidades adquiridos por el hombre\u00bb.<\/li>\n\n\n\n<li>Goodenough, en 1957: \u00abLa cultura de una sociedad consiste en todo aquello que es necesario conocer o creer para actuar de una manera aceptable para sus miembros. La cultura no es un fen\u00f3meno material; no consiste en cosas, personas, comportamientos o emociones. Es, m\u00e1s bien, una organizaci\u00f3n de estas cosas. Son las formas que las cosas adoptan en la mente de las personas, sus modelos para percibir, relacionar e interpretar de otro modo estas cosas\u00bb. <\/li>\n\n\n\n<li>Geertz (1973): la cultura como red de significados. Geertz entiende la cultura como un&nbsp;sistema simb\u00f3lico: un conjunto de significados compartidos que permite a las personas&nbsp;interpretar&nbsp;su experiencia y orientar su conducta. No se trata solo de observar comportamientos, sino de comprender&nbsp;qu\u00e9 significan&nbsp;para quienes los realizan. Para ello propone la&nbsp;descripci\u00f3n densa, es decir, analizar no solo lo que se hace, sino el sentido que ese acto tiene dentro de una comunidad. Un ejemplo t\u00edpico es el&nbsp;gui\u00f1o: no basta describir el movimiento del p\u00e1rpado; su significado depende del contexto y puede expresar complicidad, iron\u00eda o coqueteo. Entenderlo implica conocer el&nbsp;c\u00f3digo cultural.<\/li>\n<\/ul>\n\n\n\n<ul class=\"wp-block-list\">\n<li>La cultura tiene que ver, por lo tanto, con un sistema de ideas, creencias y formas de desarrollo que se crean y transmiten dentro de una sociedad. Conocer los elementos que forman parte de un sistema cultural facilita de manera evidente la comunicaci\u00f3n entre dos interlocutores.<\/li>\n<\/ul>\n\n\n\n<table style=\"font-weight: 400; width: 100%; height: 535px;\">\n<tbody>\n<tr style=\"height: 73px;\">\n<td style=\"width: 33.333333%; height: 73px;\" width=\"192\">\n<p>Autor<\/p>\n<\/td>\n<td style=\"width: 33.333333%; height: 73px;\" width=\"192\">\n<p>Idea clave<\/p>\n<\/td>\n<td style=\"width: 33.333333%; height: 73px;\" width=\"192\">\n<p>Implicaci\u00f3n para ELE<\/p>\n<\/td>\n<\/tr>\n<tr style=\"height: 164px;\">\n<td style=\"width: 33.333333%; height: 164px;\" width=\"192\">\n<p>Tylor (1871)<\/p>\n<\/td>\n<td style=\"width: 33.333333%; height: 164px;\" width=\"192\">\n<p>La cultura es un conjunto de pr\u00e1cticas visibles<\/p>\n<\/td>\n<td style=\"width: 33.333333%; height: 164px;\" width=\"192\">\n<p>Ayuda a decidir <strong>qu\u00e9<\/strong> elementos culturales ense\u00f1ar (fiestas, horarios, costumbres)<\/p>\n<\/td>\n<\/tr>\n<tr style=\"height: 134px;\">\n<td style=\"width: 33.333333%; height: 134px;\" width=\"192\">\n<p>Goodenough (1957)<\/p>\n<\/td>\n<td style=\"width: 33.333333%; height: 134px;\" width=\"192\">\n<p>La cultura son las reglas para comportarse<\/p>\n<\/td>\n<td style=\"width: 33.333333%; height: 134px;\" width=\"192\">\n<p>Permite ense\u00f1ar <strong>c\u00f3mo<\/strong> <strong>actuar<\/strong> (t\u00fa\/usted, cortes\u00eda, interacci\u00f3n)<\/p>\n<\/td>\n<\/tr>\n<tr style=\"height: 164px;\">\n<td style=\"width: 33.333333%; height: 164px;\" width=\"192\">\n<p>Geertz (1973)<\/p>\n<\/td>\n<td style=\"width: 33.333333%; height: 164px;\" width=\"192\">\n<p>La cultura es una red de significados<\/p>\n<\/td>\n<td style=\"width: 33.333333%; height: 164px;\" width=\"192\">\n<p>Ayuda a explicar <strong>por qu\u00e9<\/strong> ciertas pr\u00e1cticas tienen <strong>sentido<\/strong> (sobremesa, horarios)<\/p>\n<\/td>\n<\/tr>\n<\/tbody>\n<\/table>\n\n\n\n<h2 class=\"wp-block-heading\"><strong>Pilares b\u00e1sicos del concepto de cultura:<\/strong><\/h2>\n\n\n\n<p>El concepto de cultura se entiende mejor si se organiza en tres pilares que conectan lo visible con lo profundo y con la pr\u00e1ctica cotidiana.<\/p>\n\n\n\n<h4 class=\"wp-block-heading\">1. Productos<\/h4>\n\n\n\n<p>Son las manifestaciones externas que una comunidad crea y reconoce.<\/p>\n\n\n\n<ul class=\"wp-block-list\">\n<li><strong>Qu\u00e9 incluye:<\/strong>&nbsp;literatura, cine, m\u00fasica, folclore, arte, arquitectura, gastronom\u00eda, celebraciones p\u00fablicas.<\/li>\n\n\n\n<li><strong>Para ELE:<\/strong>&nbsp;aportan contexto y referentes que facilitan la comprensi\u00f3n de textos y conversaciones.<\/li>\n\n\n\n<li><strong>Ejemplos:<\/strong>&nbsp;<em>Don Quijote<\/em>, cine de Almod\u00f3var, tapas, fallas de Valencia.<\/li>\n<\/ul>\n\n\n\n<h4 class=\"wp-block-heading\">2. Valores<\/h4>\n\n\n\n<p>Son las creencias e ideas que sostienen la vida social y dan sentido a lo que se hace.<\/p>\n\n\n\n<ul class=\"wp-block-list\">\n<li><strong>Qu\u00e9 incluye:<\/strong>&nbsp;concepciones sobre familia, trabajo, tiempo, autoridad; instituciones y normas colectivas.<\/li>\n\n\n\n<li><strong>Para ELE:<\/strong>&nbsp;explican por qu\u00e9 ciertas pr\u00e1cticas son adecuadas y otras no, y permiten anticipar malentendidos interculturales.<\/li>\n\n\n\n<li><strong>Ejemplos:<\/strong>&nbsp;importancia de la sobremesa, visi\u00f3n flexible del tiempo social, valor de la cercan\u00eda en el trato.<\/li>\n<\/ul>\n\n\n\n<h4 class=\"wp-block-heading\">3. Comportamientos<\/h4>\n\n\n\n<p>Son las acciones habituales que expresan valores en la vida diaria.<\/p>\n\n\n\n<ul class=\"wp-block-list\">\n<li><strong>Qu\u00e9 incluye:<\/strong>&nbsp;saludos, tratamiento de t\u00fa\/usted, horarios, rituales sociales, vestimenta, prox\u00e9mica, h\u00e1bitos alimentarios<\/li>\n\n\n\n<li><strong>Para ELE:<\/strong>&nbsp;gu\u00edan c\u00f3mo actuar en situaciones reales y evitan choques pragm\u00e1ticos<\/li>\n\n\n\n<li><strong>ejemplos:<\/strong>&nbsp;dos besos en el saludo, cenar tarde, mantener poca distancia interpersonal entre amigos<\/li>\n<\/ul>\n\n\n\n<hr class=\"wp-block-separator has-alpha-channel-opacity\"\/>\n\n\n\n<p>En resumen, los productos muestran la cultura, los valores la justifican y los comportamientos la ponen en pr\u00e1ctica. Trabajar estos tres planos en ELE ayuda a pasar de \u201csaber sobre\u201d la cultura a&nbsp;<strong>saber actuar e interpretar<\/strong>&nbsp;en contextos reales.<\/p>\n\n\n\n<h2 class=\"wp-block-heading\">Caracter\u00edsticas del concepto de cultura<\/h2>\n\n\n\n<p>Rasgos comunes que definen el concepto de cultura:<\/p>\n\n\n\n<h4 class=\"wp-block-heading\">A) Naturaleza<\/h4>\n\n\n\n<ul class=\"wp-block-list\">\n<li><strong>Simb\u00f3lica:<\/strong>&nbsp;se expresa mediante s\u00edmbolos y significados compartidos.<br><strong>Ejemplos:<\/strong>&nbsp;banderas y himnos; gestos como el pulgar arriba; expresiones idiom\u00e1ticas (<em>vale<\/em>,&nbsp;<em>\u00a1qu\u00e9 va!<\/em>).<\/li>\n\n\n\n<li><strong>Arbitraria:<\/strong>&nbsp;las normas no son \u201cnaturales\u201d, sino convencionales y var\u00edan entre comunidades.<br><strong>Ejemplos:<\/strong>&nbsp;horarios de comidas tard\u00edos en Espa\u00f1a frente a otros pa\u00edses; costumbre de besos en saludos; normas sobre calzado dentro de casa.<\/li>\n\n\n\n<li><strong>Sist\u00e9mica:<\/strong>&nbsp;sus partes est\u00e1n interrelacionadas; cambiar una afecta a las dem\u00e1s.<br><strong>Ejemplos:<\/strong>&nbsp;Incorporaci\u00f3n masiva de la mujer al trabajo \u2192 ajuste de horarios, cuidado compartido, nuevas formas de ocio.<\/li>\n<\/ul>\n\n\n\n<h4 class=\"wp-block-heading\">B) Transmisi\u00f3n<\/h4>\n\n\n\n<ul class=\"wp-block-list\">\n<li><strong>Compartida:<\/strong>&nbsp;ss un sistema com\u00fan que identifica a un grupo.<br><strong>Ejemplos:<\/strong>&nbsp;calendarios festivos; referencias medi\u00e1ticas comunes; rutinas escolares.<\/li>\n\n\n\n<li><strong>Aprendida:<\/strong>&nbsp;Se adquiere por socializaci\u00f3n, no por herencia biol\u00f3gica.<br><strong>Ejemplos:<\/strong>&nbsp;f\u00f3rmulas de cortes\u00eda, turnos de palabra, cu\u00e1ndo usar&nbsp;<em>t\u00fa\/usted<\/em>.<\/li>\n<\/ul>\n\n\n\n<h4 class=\"wp-block-heading\">C) Funcionamiento<\/h4>\n\n\n\n<ul class=\"wp-block-list\">\n<li><strong>Categoriza la realidad:<\/strong>&nbsp;orienta c\u00f3mo clasificamos y entendemos el mundo.<br><strong>Ejemplos:<\/strong>&nbsp;conceptos de \u201cpuntualidad\u201d, \u201cespacio personal\u201d o \u201c\u00e9xito\u201d seg\u00fan contextos culturales.<\/li>\n\n\n\n<li><strong>Opaca para los Propios miembros:<\/strong>&nbsp;muchas reglas son impl\u00edcitas y pasan inadvertidas.<br><strong>Ejemplos:<\/strong>&nbsp;interpretar la iron\u00eda; saber cu\u00e1ndo \u201cno hace falta\u201d decir&nbsp;<em>gracias<\/em>; leer el tono de un&nbsp;<em>ya te llamar\u00e9<\/em>.<\/li>\n\n\n\n<li><strong>Selectiva:<\/strong>&nbsp;unos rasgos se transmiten con fuerza y otros se pierden.<br><strong>Ejemplos:<\/strong>&nbsp;desuso de ciertas f\u00f3rmulas de tratamiento; permanencia de la sobremesa; adaptaci\u00f3n de recetas tradicionales.<\/li>\n<\/ul>\n\n\n\n<h4 class=\"wp-block-heading\">D) Din\u00e1mica<\/h4>\n\n\n\n<ul class=\"wp-block-list\">\n<li><strong>Cambia con el tiempo:<\/strong>&nbsp;es una realidad viva que se transforma con lo social y lo tecnol\u00f3gico.<br><strong>Ejemplos:<\/strong>&nbsp;digitalizaci\u00f3n de tr\u00e1mites; nuevas formas de cortes\u00eda en chats; cambios en ocio juvenil.<\/li>\n\n\n\n<li><strong>Persistente:<\/strong>&nbsp;a la vez, algunos elementos se fijan y perduran.<br><strong>Ejemplos:<\/strong>&nbsp;Rituales familiares; celebraciones locales; patrimonios culinarios.<\/li>\n<\/ul>\n\n\n\n<h4 class=\"wp-block-heading\">E) Diversidad<\/h4>\n\n\n\n<ul class=\"wp-block-list\">\n<li><strong>Heterog\u00e9nea:<\/strong>&nbsp;no es monol\u00edtica; existen variaciones regionales, generacionales y sociales.<br><strong>Ejemplos:<\/strong>&nbsp;diferencias entre Espa\u00f1a e Hispanoam\u00e9rica; registros juveniles vs. formales; usos locales de l\u00e9xico (coche\/auto\/carro).<\/li>\n<\/ul>\n\n\n\n<p>En suma, cultura es un sistema simb\u00f3lico, compartido y aprendido, que organiza la realidad con reglas en gran parte impl\u00edcitas; cambia con el tiempo, mantiene elementos persistentes y presenta diversidad interna.&nbsp;Estos rasgos explican por qu\u00e9, en ELE, no basta con conocer datos: hay que&nbsp;interpretar significados,&nbsp;saber actuar&nbsp;en contextos reales y&nbsp;mediar&nbsp;entre culturas.<\/p>\n\n\n\n<h3 class=\"wp-block-heading\">Universalismo y relativismo cultural aplicados a ELE<\/h3>\n\n\n\n<hr class=\"wp-block-separator has-alpha-channel-opacity\"\/>\n\n\n\n<p>El componente sociocultural en ELE implica no solo presentar informaci\u00f3n sobre la cultura meta, sino tambi\u00e9n ayudar al alumnado a comprender&nbsp;<strong>c\u00f3mo interpretamos las pr\u00e1cticas culturales<\/strong>&nbsp;y qu\u00e9 modelos utilizamos para explicar la diversidad humana. En este debate, dos enfoques te\u00f3ricos han marcado la reflexi\u00f3n sobre la cultura: el&nbsp;<strong>universalismo<\/strong>&nbsp;y el&nbsp;<strong>relativismo cultural<\/strong>. Ambos resultan \u00fatiles para el docente, siempre que se integren de forma equilibrada y cr\u00edtica.<\/p>\n\n\n\n<h4 class=\"wp-block-heading\" id=\"universalismoculturallocomncomobaseparalacomprensin\">Universalismo cultural: lo com\u00fan como base para la comprensi\u00f3n<\/h4>\n\n\n\n<p>El universalismo sostiene que, m\u00e1s all\u00e1 de la diversidad de manifestaciones culturales, existen&nbsp;<strong>principios, necesidades y funciones humanas compartidas<\/strong>. Estas estructuras comunes permiten establecer puentes de comprensi\u00f3n entre distintas comunidades y facilitan que el aprendiz pueda relacionar sus propios esquemas culturales con los de la lengua meta.<\/p>\n\n\n\n<p>En el \u00e1mbito de ELE, este enfoque ayuda a:<\/p>\n\n\n\n<ul class=\"wp-block-list\">\n<li>Identificar funciones comunicativas presentes en todas las culturas (por ejemplo, saludar, despedirse, expresar agradecimiento o gestionar el desacuerdo) y utilizarlas como punto de entrada.<\/li>\n\n\n\n<li>Mostrar que la cultura meta no es radicalmente ajena, sino&nbsp;<strong>una variaci\u00f3n<\/strong>&nbsp;sobre patrones humanos universales.<\/li>\n\n\n\n<li>Reducir visiones esencialistas que conciben las culturas como entidades fijas, totalmente diferenciadas y sin espacios de contacto.<\/li>\n<\/ul>\n\n\n\n<p>En definitiva, el universalismo facilita una primera aproximaci\u00f3n que da seguridad al aprendiz y le permite&nbsp;<strong>reconocer continuidades<\/strong>&nbsp;entre su experiencia y las pr\u00e1cticas de la comunidad hispanohablante.<\/p>\n\n\n\n<h4 class=\"wp-block-heading\" id=\"relativismoculturalcomprenderdesdeelmarcointerno\">Relativismo cultural: comprender desde el marco interno<\/h4>\n\n\n\n<p>El relativismo cultural parte de una premisa complementaria: cada pr\u00e1ctica, norma o valor solo puede entenderse plenamente desde&nbsp;<strong>los significados y l\u00f3gicas internas<\/strong>&nbsp;de la cultura que los genera. Lo que desde fuera puede parecer extra\u00f1o o incluso inapropiado adquiere coherencia cuando se interpreta desde los criterios propios de esa comunidad.<\/p>\n\n\n\n<p>Aplicado a ELE, este enfoque recuerda que:<\/p>\n\n\n\n<ul class=\"wp-block-list\">\n<li>Las categor\u00edas de \u201ccorrecto\u201d o \u201cincorrecto\u201d carecen de sentido fuera de un contexto cultural espec\u00edfico; lo relevante es la&nbsp;<strong>adecuaci\u00f3n<\/strong>&nbsp;a la situaci\u00f3n comunicativa.<\/li>\n\n\n\n<li>Dimensiones como la cortes\u00eda, el uso del humor, los gestos, la distancia interpersonal o la gesti\u00f3n del silencio var\u00edan de manera significativa entre culturas.<\/li>\n\n\n\n<li>El docente debe evitar lecturas etnoc\u00e9ntricas y fomentar explicaciones&nbsp;<strong>contextualizadas<\/strong>, que permitan al alumnado comprender por qu\u00e9 una comunidad act\u00faa y comunica de determinadas maneras.<\/li>\n<\/ul>\n\n\n\n<p>El relativismo favorece una actitud abierta, atenta a la diversidad y capaz de&nbsp;<strong>descentrarse<\/strong>&nbsp;para interpretar pr\u00e1cticas que no coinciden con el propio marco cultural.<\/p>\n\n\n\n<h4 class=\"wp-block-heading\" id=\"haciaunaarticulacinequilibradaenelauladeele\">Hacia una articulaci\u00f3n equilibrada en el aula de ELE<\/h4>\n\n\n\n<p>La ense\u00f1anza sociocultural eficaz requiere integrar ambos enfoques. Ni el universalismo ni el relativismo, tomados de forma aislada, bastan para comprender la complejidad cultural. La pr\u00e1ctica docente se beneficia de una posici\u00f3n intermedia, que combina:<\/p>\n\n\n\n<ul class=\"wp-block-list\">\n<li>Punto de partida compartido: los elementos universales ayudan a activar conocimientos previos y a disminuir la sensaci\u00f3n de extra\u00f1eza.<\/li>\n\n\n\n<li>Profundizaci\u00f3n contextualizada: las particularidades culturales se analizan a la luz de los valores, normas y pr\u00e1cticas propias de la comunidad hispanohablante.<\/li>\n\n\n\n<li>Desarrollo de una actitud intercultural: el alumnado aprende a comparar, a empatizar y a mantener una distancia cr\u00edtica que le permita interpretar y actuar en situaciones reales.<\/li>\n<\/ul>\n\n\n\n<p>El objetivo final es que los estudiantes construyan una&nbsp;<strong>competencia intercultural robusta<\/strong>, capaz de conciliar la identificaci\u00f3n de afinidades humanas con la valoraci\u00f3n informada de la diversidad cultural. En ese equilibrio se sit\u00faa el verdadero aprendizaje sociocultural en ELE.<\/p>\n\n\n\n<h3 class=\"wp-block-heading\">Para saber m\u00e1s&#8230;<\/h3>\n\n\n\n<ul class=\"wp-block-list\">\n<li>Cruz P\u00e9rez, M. A., Ortiz Erazo, M. D., Yantalema Morocho, F., &amp; Orozco Barreno, P. C. (2018).&nbsp;<a href=\"https:\/\/dialnet.unirioja.es\/descarga\/articulo\/6566331.pdf\" target=\"_blank\" rel=\"noreferrer noopener\">Relativismo cultural, etnocentrismo e interculturalidad en la educaci\u00f3n y la sociedad en general<\/a>.&nbsp;<em>Academo: Revista de Investigaci\u00f3n en Ciencias Sociales y Humanidades<\/em>, 5(2), julio-diciembre.<\/li>\n\n\n\n<li>https:\/\/dialnet.unirioja.es\/descarga\/articulo\/6566331.pdf<\/li>\n\n\n\n<li>Jim\u00e9nez-Ram\u00edrez, J. (2018).&nbsp;<em>La ense\u00f1anza de cultura<\/em>. Madrid: Arco Libros.<\/li>\n\n\n\n<li>Jim\u00e9nez-Ram\u00edrez, J. (2019). Cultura e interculturalidad (Culture and intercultural commnucation). En J. Mu\u00f1oz-Basols, E. Gironzetti, &amp; M. Lacorte (Eds.),&nbsp;<em>The Routledge Handbook of Spanish Language Teaching<\/em>&nbsp;(pp. 243\u2013257). Abingdon, Oxon: Routledge.<\/li>\n\n\n\n<li>Mart\u00ednez-Atienza de Dios, M., &amp; Zamorano Aguilar, A. (Eds.). (2018).&nbsp;<em>Teor\u00eda y metodolog\u00eda para la ense\u00f1anza de ELE. 3: Programaci\u00f3n y dise\u00f1o de unidades did\u00e1cticas<\/em>. Madrid: enClave-ELE.<\/li>\n<\/ul>\n","protected":false},"excerpt":{"rendered":"<p>Esta secci\u00f3n ha sido revisada, ampliada y reestructurada el d\u00eda 18 de enero de 2026. Para citarla, pues, es necesario hacer referencia de esta fecha. Al aprender una lengua no solo incorporamos palabras y reglas, sino tambi\u00e9n&nbsp;formas de mirar el mundo. La cultura explica por qu\u00e9 ciertas pr\u00e1cticas comunicativas tienen sentido: por qu\u00e9 hay sobremesa, &hellip; <a href=\"https:\/\/urbinavolant.com\/socioculturalUBU\/2020\/01\/07\/el-termino-cultura\/\" class=\"more-link\">Sigue leyendo <span class=\"screen-reader-text\">El t\u00e9rmino &#8216;cultura&#8217; y caracter\u00edsticas del concepto<\/span><\/a><\/p>\n","protected":false},"author":1,"featured_media":0,"comment_status":"open","ping_status":"open","sticky":false,"template":"","format":"standard","meta":{"jetpack_post_was_ever_published":false,"_jetpack_newsletter_access":"","_jetpack_dont_email_post_to_subs":false,"_jetpack_newsletter_tier_id":0,"_jetpack_memberships_contains_paywalled_content":false,"_jetpack_memberships_contains_paid_content":false,"footnotes":"","jetpack_publicize_message":"","jetpack_publicize_feature_enabled":true,"jetpack_social_post_already_shared":true,"jetpack_social_options":{"image_generator_settings":{"template":"highway","default_image_id":0,"font":"","enabled":false},"version":2}},"categories":[12],"tags":[],"class_list":["post-4455","post","type-post","status-publish","format-standard","hentry","category-cultura"],"jetpack_publicize_connections":[],"jetpack_featured_media_url":"","jetpack_sharing_enabled":true,"jetpack_shortlink":"https:\/\/wp.me\/pbrJ5y-19R","_links":{"self":[{"href":"https:\/\/urbinavolant.com\/socioculturalUBU\/wp-json\/wp\/v2\/posts\/4455","targetHints":{"allow":["GET"]}}],"collection":[{"href":"https:\/\/urbinavolant.com\/socioculturalUBU\/wp-json\/wp\/v2\/posts"}],"about":[{"href":"https:\/\/urbinavolant.com\/socioculturalUBU\/wp-json\/wp\/v2\/types\/post"}],"author":[{"embeddable":true,"href":"https:\/\/urbinavolant.com\/socioculturalUBU\/wp-json\/wp\/v2\/users\/1"}],"replies":[{"embeddable":true,"href":"https:\/\/urbinavolant.com\/socioculturalUBU\/wp-json\/wp\/v2\/comments?post=4455"}],"version-history":[{"count":23,"href":"https:\/\/urbinavolant.com\/socioculturalUBU\/wp-json\/wp\/v2\/posts\/4455\/revisions"}],"predecessor-version":[{"id":4838,"href":"https:\/\/urbinavolant.com\/socioculturalUBU\/wp-json\/wp\/v2\/posts\/4455\/revisions\/4838"}],"wp:attachment":[{"href":"https:\/\/urbinavolant.com\/socioculturalUBU\/wp-json\/wp\/v2\/media?parent=4455"}],"wp:term":[{"taxonomy":"category","embeddable":true,"href":"https:\/\/urbinavolant.com\/socioculturalUBU\/wp-json\/wp\/v2\/categories?post=4455"},{"taxonomy":"post_tag","embeddable":true,"href":"https:\/\/urbinavolant.com\/socioculturalUBU\/wp-json\/wp\/v2\/tags?post=4455"}],"curies":[{"name":"wp","href":"https:\/\/api.w.org\/{rel}","templated":true}]}}