{"id":6290,"date":"2020-11-23T09:07:11","date_gmt":"2020-11-23T08:07:11","guid":{"rendered":"http:\/\/urbinavolant.com\/scripta\/?p=6290"},"modified":"2020-11-23T10:33:37","modified_gmt":"2020-11-23T09:33:37","slug":"redaccion-y-escritura-academica-para-docentes","status":"publish","type":"post","link":"https:\/\/urbinavolant.com\/scripta\/redaccion-y-escritura-academica-para-docentes\/","title":{"rendered":"Redacci\u00f3n y escritura acad\u00e9mica para docentes"},"content":{"rendered":"\n<p>Los d\u00edas 24, 25 y 26 de noviembre de 2020 imparto, dentro de la programaci\u00f3n de los cursos del IFIE de la Universidad de Burgos, un curso titulado \u00abRedacci\u00f3n y escritura acad\u00e9mica para docentes\u00bb. Como puede ser de utilidad para todo el mundo, dejo una sucinta bibliograf\u00eda sobre el asunto:<\/p>\n\n\n\n<ul class=\"wp-block-list\"><li>Cassany, D. (2007).\u00a0<em>Afilar el lapicero. Gu\u00eda de redacci\u00f3n para profesionales<\/em>. Anagrama.<\/li><li>Fuentes Rodr\u00edguez, C. (2011).\u00a0<em>Gu\u00eda pr\u00e1ctica de escritura y redacci\u00f3n<\/em>. Espasa.<\/li><li>G\u00f3mez Torrego, L. (2009). Las normas acad\u00e9micas: \u00faltimos cambios. En\u00a0<em>Ortograf\u00eda y Gram\u00e1tica<\/em>. SM.<\/li><li>G\u00f3mez Torrego, L. (2011).\u00a0<em>Hablar y escribir correctamente\u202f: gram\u00e1tica normativa del espa\u00f1ol actual<\/em>\u00a0(4<sup>a<\/sup>). Arco LIbros.<\/li><li>Instituto Cervantes. (2013).\u00a0<em>Las 500 dudas m\u00e1s frecuentes del espa\u00f1ol<\/em>\u00a0(5<sup>a<\/sup>). Espasa.<\/li><li>Montol\u00edo, E. (Ed.). (2018).\u00a0<em>Manual de escritura acad\u00e9mica y profesional (vol. I y II): Estrategias gramaticales y discursivas<\/em>. Ariel.<\/li><li>Fuentes Rodr\u00edguez, C. (2011).\u00a0<em>Gu\u00eda pr\u00e1ctica de escritura y redacci\u00f3n<\/em>. Espasa.<\/li><li>Pinker, S., &amp; Calles Vales, J. (2019).\u00a0<em>El sentido del Estilo\u202f: La gu\u00eda de escritura del pensador del siglo XXI<\/em>. Capitan Swing.<\/li><li>Real Academia Espa\u00f1ola &#8211; Asociaci\u00f3n de Academias de la Lengua Espa\u00f1ola. (2013).\u00a0<em>El buen uso del espa\u00f1ol<\/em>. Espasa.<\/li><li>Real Academia Espa\u00f1ola &#8211; Asociaci\u00f3n de Academias de la Lengua Espa\u00f1ola. (2018).\u00a0<em>Libro de estilo de la lengua espa\u00f1ola seg\u00fan la norma panhisp\u00e1nica<\/em>. Espasa.<\/li><li>Real Academia Espa\u00f1ola &#8211; Asociaci\u00f3n de Academias de la Lengua Espa\u00f1ola. (2010).\u00a0<em>Ortograf\u00eda de la lengua espa\u00f1ola<\/em>. Espasa-Calpe.<\/li><li>Regueiro Rodr\u00edguez, M. L., &amp; S\u00e1ez Rivera, D. M. (2013).\u00a0<em>El espa\u00f1ol acad\u00e9mico. Gu\u00eda pr\u00e1ctica para la elaboraci\u00f3n de textos acad\u00e9micos<\/em>. Madrid: Arco Libros.<\/li><\/ul>\n","protected":false},"excerpt":{"rendered":"<p>Los d\u00edas 24, 25 y 26 de noviembre de 2020 imparto, dentro de la programaci\u00f3n de los cursos del IFIE de la Universidad de Burgos, un curso titulado \u00abRedacci\u00f3n y escritura acad\u00e9mica para docentes\u00bb. Como puede ser de utilidad para todo el mundo, dejo una sucinta bibliograf\u00eda sobre el asunto: Cassany, D. (2007).\u00a0Afilar el lapicero. [&hellip;]<\/p>\n","protected":false},"author":1,"featured_media":0,"comment_status":"open","ping_status":"open","sticky":false,"template":"","format":"standard","meta":{"_exactmetrics_skip_tracking":false,"_exactmetrics_sitenote_active":false,"_exactmetrics_sitenote_note":"","_exactmetrics_sitenote_category":0,"jetpack_post_was_ever_published":false,"_jetpack_newsletter_access":"","_jetpack_dont_email_post_to_subs":false,"_jetpack_newsletter_tier_id":0,"_jetpack_memberships_contains_paywalled_content":false,"_jetpack_memberships_contains_paid_content":false,"footnotes":"","jetpack_publicize_message":"","jetpack_publicize_feature_enabled":true,"jetpack_social_post_already_shared":true,"jetpack_social_options":{"image_generator_settings":{"template":"highway","default_image_id":0,"font":"","enabled":false},"version":2}},"categories":[22],"tags":[],"class_list":["post-6290","post","type-post","status-publish","format-standard","hentry","category-docencia"],"jetpack_publicize_connections":[],"jetpack_featured_media_url":"","jetpack_sharing_enabled":true,"jetpack_shortlink":"https:\/\/wp.me\/p3zkbD-1Ds","_links":{"self":[{"href":"https:\/\/urbinavolant.com\/scripta\/wp-json\/wp\/v2\/posts\/6290","targetHints":{"allow":["GET"]}}],"collection":[{"href":"https:\/\/urbinavolant.com\/scripta\/wp-json\/wp\/v2\/posts"}],"about":[{"href":"https:\/\/urbinavolant.com\/scripta\/wp-json\/wp\/v2\/types\/post"}],"author":[{"embeddable":true,"href":"https:\/\/urbinavolant.com\/scripta\/wp-json\/wp\/v2\/users\/1"}],"replies":[{"embeddable":true,"href":"https:\/\/urbinavolant.com\/scripta\/wp-json\/wp\/v2\/comments?post=6290"}],"version-history":[{"count":5,"href":"https:\/\/urbinavolant.com\/scripta\/wp-json\/wp\/v2\/posts\/6290\/revisions"}],"predecessor-version":[{"id":6295,"href":"https:\/\/urbinavolant.com\/scripta\/wp-json\/wp\/v2\/posts\/6290\/revisions\/6295"}],"wp:attachment":[{"href":"https:\/\/urbinavolant.com\/scripta\/wp-json\/wp\/v2\/media?parent=6290"}],"wp:term":[{"taxonomy":"category","embeddable":true,"href":"https:\/\/urbinavolant.com\/scripta\/wp-json\/wp\/v2\/categories?post=6290"},{"taxonomy":"post_tag","embeddable":true,"href":"https:\/\/urbinavolant.com\/scripta\/wp-json\/wp\/v2\/tags?post=6290"}],"curies":[{"name":"wp","href":"https:\/\/api.w.org\/{rel}","templated":true}]}}