{"id":6050,"date":"2018-03-11T18:35:55","date_gmt":"2018-03-11T17:35:55","guid":{"rendered":"http:\/\/urbinavolant.com\/scripta\/?p=6050"},"modified":"2018-03-11T18:35:55","modified_gmt":"2018-03-11T17:35:55","slug":"hablemos-de-nuevo-sobre-las-almondigas","status":"publish","type":"post","link":"https:\/\/urbinavolant.com\/scripta\/hablemos-de-nuevo-sobre-las-almondigas\/","title":{"rendered":"Hablemos de nuevo sobre las \u00abalm\u00f3ndigas\u00bb"},"content":{"rendered":"<p style=\"text-align: center;\"><a href=\"https:\/\/flic.kr\/p\/ErjJNU\"><img data-recalc-dims=\"1\" loading=\"lazy\" decoding=\"async\" class=\"aligncenter size-full wp-image-6052\" src=\"https:\/\/i0.wp.com\/urbinavolant.com\/scripta\/wp-content\/uploads\/2018\/03\/25228125608_f3faf7521c_z.jpg?resize=625%2C625&#038;ssl=1\" alt=\"\" width=\"625\" height=\"625\" srcset=\"https:\/\/i0.wp.com\/urbinavolant.com\/scripta\/wp-content\/uploads\/2018\/03\/25228125608_f3faf7521c_z.jpg?w=640&amp;ssl=1 640w, https:\/\/i0.wp.com\/urbinavolant.com\/scripta\/wp-content\/uploads\/2018\/03\/25228125608_f3faf7521c_z.jpg?resize=150%2C150&amp;ssl=1 150w, https:\/\/i0.wp.com\/urbinavolant.com\/scripta\/wp-content\/uploads\/2018\/03\/25228125608_f3faf7521c_z.jpg?resize=300%2C300&amp;ssl=1 300w, https:\/\/i0.wp.com\/urbinavolant.com\/scripta\/wp-content\/uploads\/2018\/03\/25228125608_f3faf7521c_z.jpg?resize=80%2C80&amp;ssl=1 80w, https:\/\/i0.wp.com\/urbinavolant.com\/scripta\/wp-content\/uploads\/2018\/03\/25228125608_f3faf7521c_z.jpg?resize=266%2C266&amp;ssl=1 266w, https:\/\/i0.wp.com\/urbinavolant.com\/scripta\/wp-content\/uploads\/2018\/03\/25228125608_f3faf7521c_z.jpg?resize=184%2C184&amp;ssl=1 184w\" sizes=\"auto, (max-width: 625px) 100vw, 625px\" \/><\/a><\/p>\n<p style=\"text-align: justify;\">Hace ya tiempo, <a href=\"https:\/\/urbinavolant.com\/scripta\/pero-que-mala-es-la-rae-y-que-tontos-son-los-academicos-madre-mia-sobre-almondigas-murciegalos-y-toballas\/\">habl\u00e9 sobre murci\u00e9galos, alm\u00f3ndigas y toballas<\/a>, pero parece que los ling\u00fcistas predicamos en el desierto y que muchos prefieren un prejuicio bien asumido o un bulo por internet difundido por doquier que una realidad. Vaya por delante que me encanta que la lengua sea objeto de conversaci\u00f3n. De alg\u00fan modo, demuestra que apreciamos y valoramos nuestra forma de comunicarnos con los dem\u00e1s.<\/p>\n<p style=\"text-align: justify;\">Hablo de nuevo sobre <em>alm\u00f3ndigas<\/em>, pero a trav\u00e9s del interesant\u00edsimo art\u00edculo de Lola Pons en El Pa\u00eds titulado <a href=\"https:\/\/verne.elpais.com\/verne\/2018\/03\/06\/articulo\/1520325761_808313.html\">\u00abToda la verdad sobre alm\u00f3ndiga\u00bb<\/a>. O, mejor, no hablo sobre <em>alm\u00f3ndigas<\/em> porque Lola Pons lo explica tan acertadamente que lo m\u00e1s recomendable es que le\u00e1is el art\u00edculo poni\u00e9ndole en el contexto de los cambios de <em>b\/v<\/em> hacia <em>m\u00a0<\/em>que han experimentado otras palabras. Para los que andan despistados, respecto a la <em>alm\u00f3ndiga<\/em> y la RAE, dig\u00e1moslo de forma telegr\u00e1fica: s\u00ed, es cierto que <a href=\"http:\/\/dle.rae.es\/?id=20CAqSi\"><em>alm\u00f3ndiga<\/em> aparece en el <em>DLE<\/em><\/a>. No, no es cierto que la RAE \u00abacaba de\u00bb admitir, en un delirio apocal\u00edptico, esta palabra junto con otras palabras \u00abhorripilantes\u00bb como <em>cocreta<\/em> (que, por si los amantes de los bulos no lo sab\u00edan, no aparece en este diccionario). Y recordemos que, cuando aparece <em>alm\u00f3ndiga<\/em> en el <em>DLE<\/em>, podemos comprobar, por un lado, que se remite a la palabra culta <em>alb\u00f3ndiga<\/em> (la fet\u00e9n, para los puristas) y que el horror de internet viene con marcas de vulgar y desusada.<\/p>\n<p style=\"text-align: justify;\">Conviene aqu\u00ed tener en cuenta lo que nos dice Lola Pons sobre un aspecto m\u00e1s general que saca la cosa (y la palabra) de la an\u00e9cdota para ofrecer un marco de reflexi\u00f3n mucho m\u00e1s necesaria: para que una palabra aparezca en el diccionario no es necesario que sea \u00abla buena\u00bb, sino que tambi\u00e9n est\u00e1n registradas las que se usan por otras circunstancias en una determinada zona, en un determinado registro, en un determinado \u00abnivel\u00bb de lengua. Como dice la profesora Pons, quitar determinado tipo de palabras no tiene ning\u00fan sentido porque estar\u00edamos ignorando que una lengua es heterog\u00e9nea: \u00abEn cierta medida el diccionario es cementerio, es barrio rojo y es descampado: recoge palabras muertas, palabras marcadas como poco apropiadas para seg\u00fan qu\u00e9 contextos y palabras que solo usan una parte de los que hablamos espa\u00f1ol\u00bb, dice Pons.<\/p>\n<p style=\"text-align: justify;\">Como nos recuerda la ling\u00fcista y colaboradora de prensa Elena \u00c1lvarez Mellado en su art\u00edculo <a href=\"https:\/\/www.eldiario.es\/zonacritica\/mito-palabras-RAE-diccionario-DRAE_6_621947828.html\">\u00abEl mito de las palabras que no est\u00e1n en la RAE\u00bb<\/a>: \u00abLas palabras no pertenecen a la RAE ni a los diccionarios, pertenecen a los hablantes. Los hablantes crean, producen, inventan palabras, y los diccionarios las recogen. Nunca al rev\u00e9s. Todas las palabras que aparecen hoy en el diccionario fueron acu\u00f1adas en alg\u00fan momento y estuvieron fuera. Aun as\u00ed, tenemos tan interiorizada la idea de que es el diccionario el que crea la lengua que decimos alegremente que una palabra no existe cuando no la encontramos en el diccionario\u00bb. Teniendo en cuenta, por cierto, que hay mundos y palabras y diccionarios m\u00e1s all\u00e1 de la RAE.<\/p>\n<p style=\"text-align: justify;\">Y, como concluye el art\u00edculo, sorprende que haya una tendencia social para que el diccionario sea un elemento sancionador de la verdad y la correcci\u00f3n y no un notario de lo que existe en otros lugares y en otros barrios, en otras comunidades. Y, sobre todo, \u00abtanto discutir entre estas dos variantes nos est\u00e1 alejando del asunto principal que Espa\u00f1a debe dirimir: \u00bfen qu\u00e9 bar de este pa\u00eds sirven las mejores alb\u00f3ndigas?\u00bb.<\/p>\n<p>Aprovecho para recomendar la lectura de las colaboraciones en prensa de <a href=\"https:\/\/verne.elpais.com\/autor\/maria_dolores_pons_rodriguez\/a\">Lola Pons<\/a> (en Twitter, <a href=\"https:\/\/twitter.com\/Nosolodeyod\">@Nosolodeyod<\/a>) y de <a href=\"https:\/\/www.eldiario.es\/autores\/elena_alvarez_mellado\/\">Elena \u00c1lvarez Mellado<\/a> (<a href=\"https:\/\/twitter.com\/lirondos\">@lirondos<\/a> en Twitter). Y finalizo con una peque\u00f1a apuesta: \u00bfqu\u00e9 nos jugamos a que muchas de mis amistades en las redes sociales (apuesto 20 a 1 en Facebook) comentan algo sobre alm\u00f3ndigas sin haber le\u00eddo estas l\u00edneas accidentales ni las esenciales de Pons?<\/p>\n<p>(Este art\u00edculo aparece inicialmente en <a href=\"https:\/\/urbinavolant.com\/scripta\/\">ScriptaManent<\/a>).<\/p>\n","protected":false},"excerpt":{"rendered":"<p>Hace ya tiempo, habl\u00e9 sobre murci\u00e9galos, alm\u00f3ndigas y toballas, pero parece que los ling\u00fcistas predicamos en el desierto y que muchos prefieren un prejuicio bien asumido o un bulo por internet difundido por doquier que una realidad. Vaya por delante que me encanta que la lengua sea objeto de conversaci\u00f3n. De alg\u00fan modo, demuestra que [&hellip;]<\/p>\n","protected":false},"author":1,"featured_media":0,"comment_status":"open","ping_status":"open","sticky":false,"template":"","format":"standard","meta":{"_exactmetrics_skip_tracking":false,"_exactmetrics_sitenote_active":false,"_exactmetrics_sitenote_note":"","_exactmetrics_sitenote_category":0,"jetpack_post_was_ever_published":false,"_jetpack_newsletter_access":"","_jetpack_dont_email_post_to_subs":false,"_jetpack_newsletter_tier_id":0,"_jetpack_memberships_contains_paywalled_content":false,"_jetpack_memberships_contains_paid_content":false,"footnotes":"","jetpack_publicize_message":"","jetpack_publicize_feature_enabled":true,"jetpack_social_post_already_shared":true,"jetpack_social_options":{"image_generator_settings":{"template":"highway","default_image_id":0,"font":"","enabled":false},"version":2}},"categories":[14,2],"tags":[],"class_list":["post-6050","post","type-post","status-publish","format-standard","hentry","category-lengua","category-linguistica"],"jetpack_publicize_connections":[],"jetpack_featured_media_url":"","jetpack_sharing_enabled":true,"jetpack_shortlink":"https:\/\/wp.me\/p3zkbD-1zA","_links":{"self":[{"href":"https:\/\/urbinavolant.com\/scripta\/wp-json\/wp\/v2\/posts\/6050","targetHints":{"allow":["GET"]}}],"collection":[{"href":"https:\/\/urbinavolant.com\/scripta\/wp-json\/wp\/v2\/posts"}],"about":[{"href":"https:\/\/urbinavolant.com\/scripta\/wp-json\/wp\/v2\/types\/post"}],"author":[{"embeddable":true,"href":"https:\/\/urbinavolant.com\/scripta\/wp-json\/wp\/v2\/users\/1"}],"replies":[{"embeddable":true,"href":"https:\/\/urbinavolant.com\/scripta\/wp-json\/wp\/v2\/comments?post=6050"}],"version-history":[{"count":2,"href":"https:\/\/urbinavolant.com\/scripta\/wp-json\/wp\/v2\/posts\/6050\/revisions"}],"predecessor-version":[{"id":6053,"href":"https:\/\/urbinavolant.com\/scripta\/wp-json\/wp\/v2\/posts\/6050\/revisions\/6053"}],"wp:attachment":[{"href":"https:\/\/urbinavolant.com\/scripta\/wp-json\/wp\/v2\/media?parent=6050"}],"wp:term":[{"taxonomy":"category","embeddable":true,"href":"https:\/\/urbinavolant.com\/scripta\/wp-json\/wp\/v2\/categories?post=6050"},{"taxonomy":"post_tag","embeddable":true,"href":"https:\/\/urbinavolant.com\/scripta\/wp-json\/wp\/v2\/tags?post=6050"}],"curies":[{"name":"wp","href":"https:\/\/api.w.org\/{rel}","templated":true}]}}