{"id":310,"date":"2015-09-29T13:31:49","date_gmt":"2015-09-29T11:31:49","guid":{"rendered":"http:\/\/urbinavolant.com\/scripta\/?p=310"},"modified":"2015-09-29T13:37:34","modified_gmt":"2015-09-29T11:37:34","slug":"hablemos-de-los-dictados","status":"publish","type":"post","link":"https:\/\/urbinavolant.com\/scripta\/hablemos-de-los-dictados\/","title":{"rendered":"Hablemos de los dictados"},"content":{"rendered":"<p style=\"text-align: center;\"><a href=\"https:\/\/flic.kr\/p\/6SUvoL\"><img data-recalc-dims=\"1\" loading=\"lazy\" decoding=\"async\" class=\"aligncenter size-full wp-image-312\" src=\"https:\/\/i0.wp.com\/urbinavolant.com\/scripta\/wp-content\/uploads\/2015\/09\/3857853340_4f59c128b3_z.jpg?resize=625%2C469&#038;ssl=1\" alt=\"Homework, by \u00c9ktor\" width=\"625\" height=\"469\" srcset=\"https:\/\/i0.wp.com\/urbinavolant.com\/scripta\/wp-content\/uploads\/2015\/09\/3857853340_4f59c128b3_z.jpg?w=640&amp;ssl=1 640w, https:\/\/i0.wp.com\/urbinavolant.com\/scripta\/wp-content\/uploads\/2015\/09\/3857853340_4f59c128b3_z.jpg?resize=300%2C225&amp;ssl=1 300w\" sizes=\"auto, (max-width: 625px) 100vw, 625px\" \/><\/a><\/p>\n<p>Vamos a dedicar unas l\u00edneas a hablar de los dictados (y no de los dictados de nuestra conciencia, sino de los dictados en las clases de Lengua).<\/p>\n<p style=\"text-align: justify;\">Hace unos pocos d\u00edas <a href=\"http:\/\/En Francia, el Gobierno socialista va a contemplar en su reforma educativa dictados y ejercicios de c\u00e1lculo mental que ser\u00e1n obligatorios a diario en la Escuela Elemental (el equivalente a Primaria). En Espa\u00f1a ya lo hacemos. El Gobierno del PPrecuper\u00f3 los dictados el a\u00f1o pasado, al introducirlos de forma expresa en el desarrollo curricular de la Ley Org\u00e1nica para la Mejora Educativa (Lomce). El real decreto del curr\u00edculo de Primaria, publicado en el BOE en marzo de 2014, no concreta si los dictados tienen que ser o no diarios, pero lo que es seguro es que \u00abson de obligado cumplimiento\u00bb, seg\u00fan confirma a este peri\u00f3dico un portavoz oficial del Ministerio de Educaci\u00f3n.\" target=\"_blank\">se nos ha informado<\/a> de que Francia va a recuperar dos elementos tradicionales en la ense\u00f1anza: los dictados y los ejercicios de c\u00e1lculo mental ser\u00e1n obligatorios en el nivel equivalente a la Educaci\u00f3n Primaria. En esta misma noticia se nos recuerda que la <a href=\"https:\/\/www.boe.es\/boe\/dias\/2014\/03\/01\/pdfs\/BOE-A-2014-2222.pdf\" target=\"_blank\">LOMCE<\/a> hab\u00eda recuperado el dictado como elemento indispensable dentro de la pr\u00e1ctica educativa.<\/p>\n<p style=\"text-align: justify;\"><strong>La pr\u00e1ctica del dictado suscita grandes controversias<\/strong>: mientras es saludado por algunos como algo necesario (cuando lanc\u00e9 la noticia el otro d\u00eda a trav\u00e9s de las redes sociales, me sorprendi\u00f3 la acogida favorable que obtuvo por personas muy j\u00f3venes), <a href=\"https:\/\/www.boe.es\/boe\/dias\/2014\/03\/01\/pdfs\/BOE-A-2014-2222.pdf\" target=\"_blank\">otras muchas voces<\/a> sostienen que es una pr\u00e1ctica desfasada y que existen otros procedimientos m\u00e1s eficaces para mejorar nuestra capacidad ling\u00fc\u00edstica.<\/p>\n<p style=\"text-align: justify;\">En torno a la <strong>eficacia del dictado<\/strong>, conviene subrayar\u00a0algunos pormenores: <strong>no se puede negar que el dictado tenga resultados positivos<\/strong>, tal y como sostiene el neuropsic\u00f3logo \u00c1lvaro Bilbao,autor de\u00a0<em><a href=\"http:\/\/www.xn--elcerebrodelnio-crb.com\/libro.html\" target=\"_blank\">El cerebro del ni\u00f1o explicado a los padres<\/a>\u00a0<\/em>(Barcelona, Plataforma Editorial, 215). <a href=\"http:\/\/cadenaser.com\/programa\/2015\/09\/28\/la_ventana\/1443460095_418181.html\" target=\"_blank\">En una reciente entrevista concedida a Carles Francino en el programa <em>La Ventan<\/em>a<\/a> de la Cadena Ser, Bilbao sostiene las bondades del dictado como herramienta para mejorar la atenci\u00f3n y la concentraci\u00f3n, como elemento para mejorar algunas funciones de la memoria y como instrumento para la mejora de la caligraf\u00eda, que tiene beneficios en aspectos psicomotrices. En un tiempo en el que los ni\u00f1os est\u00e1n cada vez m\u00e1s acostumbrados a manejar dispositivos en los que la escritura se corrige, de forma muchas veces dudosa e incorrecta, parece que el dictado conserva esa capacidad de ejercicio y reflexi\u00f3n.<\/p>\n<p style=\"text-align: justify;\">No obstante, <strong>debemos destacar algunos elementos normalmente asociados al dictado y que son mucho m\u00e1s dif\u00edciles\u00a0de demostrar<\/strong>.<\/p>\n<p style=\"text-align: justify;\">El primero de ellos es el de la <strong>lectura<\/strong>: suele decirse que un dictado favorece el gusto por la lectura. Normalmente, creemos que se asocia el dictado a ese placer lector por una relaci\u00f3n de causa-efecto mal entendida: como en las \u00e9pocas en las que se realizaban de forma habitual dictados en el aula se le\u00eda m\u00e1s, suele pensarse que es el dictado la herramienta que ha conseguido ese h\u00e1bito lector. Sin embargo, es f\u00e1cil deducir que el abandono de la lectura (y no solo en las personas j\u00f3venes) se debe, por un lado, a una p\u00e9sima gesti\u00f3n de la ense\u00f1anza de la lectura en los colegios (aspecto en el que no nos podemos detener aqu\u00ed) y, por otro lado, a la innegable presencia e importancia concedida a los elementos audiovisuales.<\/p>\n<p style=\"text-align: justify;\">El segundo es la <strong>ortograf\u00eda<\/strong>. En lo tocante a la ortograf\u00eda, hemos de subrayar que un dictado nunca ense\u00f1a a mejorar la ortograf\u00eda, sino que, a lo sumo, eval\u00faa el nivel ortogr\u00e1fico del que lo realiza. No se tiene mejor ortograf\u00eda por hacer dictados: se hacen buenos dictados si se tiene buena ortograf\u00eda. La ortograf\u00eda est\u00e1 firmemente vinculada a la memoria visual y el sometimiento al ejercicio del dictado, al\u00a0contrario de lo que suele pensarse, no la hace mejorar de forma significativa: todos conocemos a personas sometidas durante a\u00f1os a ejercicios de dictado que siguieron teniendo una p\u00e9sima ortograf\u00eda. La ortograf\u00eda no se mejora ni haciendo dictados ni leyendo mucho, tal y como suele sostenerse de forma demasiado optimista. La ortograf\u00eda solo se mejora si logramos que se vinculen las graf\u00edas a las palabras y las palabras a las graf\u00edas. \u00bfSon mejores en ortograf\u00eda aquellos que conocen las reglas? Sabemos que hay muchas personas que conocen las reglas de acentuaci\u00f3n pero no las aplican.<\/p>\n<p style=\"text-align: justify;\">Por lo tanto, hay en el dictado beneficios, sin lugar a dudas. Pero hay que saber exactamente qu\u00e9 perseguimos cuando utilizamos un dictado. Si con el dictado queremos conseguir personas m\u00e1s competentes en la ortograf\u00eda, es mucho mejor que fomentemos, de una vez por todas, los m\u00e9todos que aut\u00e9nticamente funcionan.<\/p>\n<p style=\"text-align: justify;\"><a href=\"https:\/\/flic.kr\/p\/6SUvoL\" target=\"_blank\">Imagen de \u00c9ktor<\/a>.<\/p>\n<p style=\"text-align: justify;\">\n","protected":false},"excerpt":{"rendered":"<p>Vamos a dedicar unas l\u00edneas a hablar de los dictados (y no de los dictados de nuestra conciencia, sino de los dictados en las clases de Lengua). Hace unos pocos d\u00edas se nos ha informado de que Francia va a recuperar dos elementos tradicionales en la ense\u00f1anza: los dictados y los ejercicios de c\u00e1lculo mental [&hellip;]<\/p>\n","protected":false},"author":1,"featured_media":0,"comment_status":"open","ping_status":"open","sticky":false,"template":"","format":"standard","meta":{"_exactmetrics_skip_tracking":false,"_exactmetrics_sitenote_active":false,"_exactmetrics_sitenote_note":"","_exactmetrics_sitenote_category":0,"jetpack_post_was_ever_published":false,"_jetpack_newsletter_access":"","_jetpack_dont_email_post_to_subs":false,"_jetpack_newsletter_tier_id":0,"_jetpack_memberships_contains_paywalled_content":false,"_jetpack_memberships_contains_paid_content":false,"footnotes":"","jetpack_publicize_message":"","jetpack_publicize_feature_enabled":true,"jetpack_social_post_already_shared":true,"jetpack_social_options":{"image_generator_settings":{"template":"highway","default_image_id":0,"font":"","enabled":false},"version":2}},"categories":[14],"tags":[],"class_list":["post-310","post","type-post","status-publish","format-standard","hentry","category-lengua"],"jetpack_publicize_connections":[],"jetpack_featured_media_url":"","jetpack_sharing_enabled":true,"jetpack_shortlink":"https:\/\/wp.me\/p3zkbD-50","_links":{"self":[{"href":"https:\/\/urbinavolant.com\/scripta\/wp-json\/wp\/v2\/posts\/310","targetHints":{"allow":["GET"]}}],"collection":[{"href":"https:\/\/urbinavolant.com\/scripta\/wp-json\/wp\/v2\/posts"}],"about":[{"href":"https:\/\/urbinavolant.com\/scripta\/wp-json\/wp\/v2\/types\/post"}],"author":[{"embeddable":true,"href":"https:\/\/urbinavolant.com\/scripta\/wp-json\/wp\/v2\/users\/1"}],"replies":[{"embeddable":true,"href":"https:\/\/urbinavolant.com\/scripta\/wp-json\/wp\/v2\/comments?post=310"}],"version-history":[{"count":4,"href":"https:\/\/urbinavolant.com\/scripta\/wp-json\/wp\/v2\/posts\/310\/revisions"}],"predecessor-version":[{"id":315,"href":"https:\/\/urbinavolant.com\/scripta\/wp-json\/wp\/v2\/posts\/310\/revisions\/315"}],"wp:attachment":[{"href":"https:\/\/urbinavolant.com\/scripta\/wp-json\/wp\/v2\/media?parent=310"}],"wp:term":[{"taxonomy":"category","embeddable":true,"href":"https:\/\/urbinavolant.com\/scripta\/wp-json\/wp\/v2\/categories?post=310"},{"taxonomy":"post_tag","embeddable":true,"href":"https:\/\/urbinavolant.com\/scripta\/wp-json\/wp\/v2\/tags?post=310"}],"curies":[{"name":"wp","href":"https:\/\/api.w.org\/{rel}","templated":true}]}}