{"id":115,"date":"2020-11-23T12:02:11","date_gmt":"2020-11-23T12:02:11","guid":{"rendered":"https:\/\/urbinavolant.com\/redaccionyescrituraacademica\/?p=115"},"modified":"2020-11-23T12:34:02","modified_gmt":"2020-11-23T12:34:02","slug":"cuestiones-relacionadas-con-la-acentuacion","status":"publish","type":"post","link":"https:\/\/urbinavolant.com\/redaccionyescrituraacademica\/?p=115","title":{"rendered":"Cuestiones relacionadas con la acentuaci\u00f3n"},"content":{"rendered":"\n<p>Nuestra lengua utiliza las tildes para saber la s\u00edlaba que ha de pronunciarse con mayor intensidad. La gran ventaja de la existencia de tildes en nuestro sistema gr\u00e1fico es que, si estas no existiesen, no podr\u00edamos saber c\u00f3mo pronunciar aquellas palabras que no conocemos.<\/p>\n\n\n\n<p>La tilde, por ejemplo, nos permite distinguir entre <em>p\u00fablico, publico o public\u00f3<\/em>; entre <em>t\u00e9rmino, termino o termin\u00f3<\/em>; entre <em>fr\u00edo o frio<\/em>.<\/p>\n\n\n\n<p>En un curso de estas caracter\u00edsticas, no vamos a explicar las reglas generales de la acentuaci\u00f3n, pero s\u00ed daremos algunas pautas que pueden resultar \u00fatiles para el uso de las tildes.<\/p>\n\n\n\n<h3 class=\"wp-block-heading\">Combinaciones de vocales<\/h3>\n\n\n\n<p>No obstante, s\u00ed parece conveniente recordar que, cuando aparece una secuencia de varias vocales seguidas, una de ellas ha de ser la vocal m\u00e1s \u00abimportante\u00bb por constituir el n\u00facleo sil\u00e1bico (la vocal fuerte) y otra la que constituye el margen sil\u00e1bico (la vocal d\u00e9bil).<\/p>\n\n\n\n<figure class=\"wp-block-table\"><table><tbody><tr><td>Vocales fuertes<\/td><td><em>a, e, o<\/em><\/td><td>siempre son n\u00facleo sil\u00e1bico<\/td><\/tr><tr><td>Vocales d\u00e9biles<\/td><td><em>i, u<\/em><\/td><td>pueden ser n\u00facleo sil\u00e1bico o margen sil\u00e1bico<\/td><\/tr><\/tbody><\/table><\/figure>\n\n\n\n<p>Recordar esta tabla tan sencilla nos permite solucionar los problemas que podemos tener para acentuar los diptongos y los hiatos:<\/p>\n\n\n\n<ol class=\"wp-block-list\"><li>Cuando hay <strong>dos vocales fuertes<\/strong> (<em>a, e, o<\/em>), sean las que sean, como siempre son n\u00facleos sil\u00e1bicos han de estar en s\u00edlabas diferentes. Lo mismo ocurre cuando hay <strong>dos vocales iguales<\/strong>: <em>n\u00fa-cle-o, S\u00e1-ez, co-or-di-na-do-ra<\/em>, <em>chi-i-ta<\/em>. Tener presente esta regla tan sencilla hace que no tengamos dudas para considerar <em>n\u00facleo<\/em> una palabra esdr\u00fajula o <em>S\u00e1ez<\/em> una palabra llana que acaba en consonante distinta de <em>-n o -s<\/em>.<\/li><li>Cuando hay <strong>dos vocales d\u00e9biles<\/strong> (<em>i, u<\/em>), forman una \u00fanica s\u00edlaba. Independientemente de como las pronunciemos, siempre forman una \u00fanica s\u00edlaba y esto nos permite seguir las reglas generales para acentuarlas: <em>ruin, je-sui-ta, ca-su\u00eds-ti-ca<\/em>. Y aqu\u00ed tenemos la regla: <em>casu\u00edstica<\/em> lleva tilde por ser una palabra esdr\u00fajula.<\/li><li>Cuando hay una <strong>vocal d\u00e9bil<\/strong> (<em>i, u<\/em>) con una <strong>vocal fuerte<\/strong> (<em>a, e, o<\/em>), o viceversa. Cuando las reglas generales indican que hay que escribir acento gr\u00e1fico, la tilde se pone sobre la vocal fuerte: <em>sab\u00e9is<\/em>, <em>renunci\u00e9<\/em> (son agudas terminadas en vocal, <em>-n o -s<\/em>). En cambio, cuando el acento recae sobre una vocal d\u00e9bil, la tilde siempre va en la vocal d\u00e9bil: <em>Sa\u00fal, ra\u00edz, le\u00eddo<\/em>.<\/li><\/ol>\n\n\n\n<h3 class=\"wp-block-heading\">Acento diacr\u00edtico<\/h3>\n\n\n\n<p>El acento diacr\u00edtico no se establece para diferenciar dos palabras que se escriben igual, aunque tengan distinto significado. Escribimos siempre <em>vino<\/em>, sea el verbo <em>venir<\/em> o la bebida.<\/p>\n\n\n\n<p>El acento diacr\u00edtico en los monos\u00edlabos sirve para distinguir palabras que se escriben igual, pero en la que una de las formas es t\u00f3nica (lleva acento) de otra que es \u00e1tona (no se acent\u00faa). Por ejemplo, cuando yo digo <em>Mi hermana es mayor que yo<\/em>, comprobamos que, al decir <em>mi<\/em>, no ponemos ninguna intensidad en esa s\u00edlaba, mientras que si digo <em>Vino detr\u00e1s de m\u00ed toda la carrera<\/em>, el pronombre personal s\u00ed se pronuncia con una intensidad especial.<\/p>\n\n\n\n<p>Pore so, hay varias tildes diacr\u00edticas: <\/p>\n\n\n\n<figure class=\"wp-block-table\"><table><tbody><tr><td>&nbsp;<\/td><td>Sin acento<\/td><td>&nbsp;<\/td><td>Con acento<\/td><\/tr><tr><td>mi:<\/td><td>cuando es posesivo y va junto a un nombre<br><em>cre\u00eda que era de mi hermana<\/em><br>cuando es el nombre de la nota musical<br><em>despu\u00e9s del mi viene un fa<\/em><\/td><td>m\u00ed:<\/td><td>cuando es pronombre, como\u00a0<em>ti, \u00e9l\/ella,<\/em>\u00a0y va tras preposici\u00f3n<br><em>esto es para m\u00ed<\/em><br><em>lo he hecho por m\u00ed misma<\/em><\/td><\/tr><tr><td>tu:<\/td><td>cuando es posesivo y va seguido de nombre<br><em>esto es de tu amiga<\/em><\/td><td>t\u00fa:<\/td><td>cuando es pronombre, como\u00a0<em>yo, \u00e9l\/ella,<\/em>\u00a0y no va seguido de nombre\u00a0<em>esta de la foto eres t\u00fa<\/em><\/td><\/tr><tr><td>el:<\/td><td>cuando es un art\u00edculo, como\u00a0<em>la, los, las,\u00a0<\/em>suele ir junto a un nombre<br><em>el coche est\u00e1 bien, pero el de Ana est\u00e1 mejor<\/em><\/td><td>\u00e9l:<\/td><td>cuando es un pronombre, como\u00a0<em>yo, t\u00fa,<\/em>\u00a0no puede ir al lado de un nombre<br><em>me lo dijo \u00e9l<\/em><br><em>no es para ti, sino para \u00e9l<\/em><\/td><\/tr><tr><td>te:<\/td><td>cuando es pronombre y va junto a un verbo o junto a otro pronombre<br>\u00a0<em>no te doy nada, que no te lo doy<\/em><\/td><td>t\u00e9:<\/td><td>cuando es el nombre de una infusi\u00f3n (y tambi\u00e9n en plural)<br><em>pides t\u00e9 con leche, porque<\/em>\u00a0los t\u00e9s se han puesto de\u00a0<em>moda<\/em><\/td><\/tr><tr><td>se:<\/td><td>cuando es un pronombre y va junto a un verbo o junto a otro pronombre<br><em>se lo dijo a Ana, se ve que es verdad<\/em><\/td><td>s\u00e9:<\/td><td>cuando es una forma del verbo\u00a0<em>saber o ser<\/em><br><em>s\u00e9 un poco m\u00e1s amable, por favor <\/em><br><em>no s\u00e9 de qu\u00e9 me hablas<\/em><\/td><\/tr><tr><td>de:<\/td><td>cuando es una preposici\u00f3n\u00a0<em>creo que es de oro<\/em><\/td><td>d\u00e9:<\/td><td>cuando es una forma del verbo\u00a0<em>dar no creo que me lo d\u00e9<\/em><\/td><\/tr><tr><td>si:<\/td><td>cuando es una conjunci\u00f3n e introduce una condici\u00f3n o una pregunta indirecta<br><em>no s\u00e9 si vendr\u00e1 (= \u00bfvendr\u00e1?)<\/em><br><em>si viene, que traiga la pel\u00edcula<\/em><br>cuando es el nombre de una nota musical<br><em>has confundido un si con un la<\/em><\/td><td>s\u00ed:s\u00ed:<\/td><td>cuando es un pronombre personal, como\u00a0<em>m\u00ed, ti, y<\/em>\u00a0va tras preposici\u00f3n<br><em>se hizo da\u00f1o a s\u00ed mismo<\/em><br><em>le atrajo hacia s\u00ed<\/em><br>cuando es un adverbio, y significa lo contrario de\u00a0<em>no<\/em><br><em>me contest\u00f3 que s\u00ed<\/em><\/td><\/tr><tr><td>mas:<\/td><td>cuando significa lo mismo que\u00a0<em>pero  <\/em><br><em>es rico, mas no es feliz<\/em><\/td><td>m\u00e1s:<\/td><td>cuando significa lo contrario de\u00a0<em>menos<\/em><br><em> no quiero m\u00e1s pan<\/em><\/td><\/tr><tr><td>aun:<\/td><td>cuando significa lo mismo que\u00a0<em>incluso\u00a0<\/em><br><em>aun sin dinero, me ir\u00eda de vacaciones<\/em><\/td><td>a\u00fan:<\/td><td>cuando significa lo mismo que\u00a0<em>todav\u00eda<\/em><br><em>a\u00fan no he terminado<\/em><\/td><\/tr><\/tbody><\/table><figcaption>Tomado de Montol\u00edo, E. (Ed.). (2018).\u00a0Manual de escritura acad\u00e9mica y profesional (vol. I y II): Estrategias gramaticales y discursivas. Barcelona: Ariel.<\/figcaption><\/figure>\n\n\n\n<p>El otro gran grupo de acentos diacr\u00edticos es el que distingue a los pronombres relativos y las conjunciones que tienen la misma forma que los interrogativos o exclamativos:<\/p>\n\n\n\n<ul class=\"wp-block-list\"><li>Los relativos y las conjunciones no se acent\u00faan: <em>Dice que vendr\u00e1, Llama a quien quieras, Como cuanto puede, Come tanto como yo, Lo he comprado donde me dijiste, Llegar\u00e9 cuando pueda; Leo porque me gusta.<\/em><\/li><li>Los interrogativos o exclamativos s\u00ed se acent\u00faan:<em> \u00bfQu\u00e9 quieres ahora?, \u00a1Qui\u00e9n iba a decirlo!, \u00bfCu\u00e1nto te ha costado?, \u00a1C\u00f3mo te pones por tan poca cosa!, Dime d\u00f3nde estar\u00e9is, \u00bfDesde cu\u00e1ndo tienes ese m\u00f3vil?, \u00bfPor qu\u00e9 eres tan insistente?<\/em><\/li><\/ul>\n\n\n\n<h3 class=\"wp-block-heading\">\u00a1Ya no hay excepciones!<\/h3>\n\n\n\n<p>Hasta la publicaci\u00f3n de la <em>Ortograf\u00eda de la lengua espa\u00f1ola<\/em> de 2010, hab\u00eda algunas \u00abexcepciones\u00bb en la escritura de dos vocales seguidas: antes de esta fecha, era costumbre escribir <s><em>gui\u00f3n, fri\u00f3, li\u00f3, hu\u00ed<\/em>, <em>truh\u00e1n<\/em><\/s>). <\/p>\n\n\n\n<p>Ahora las cosas son mucho m\u00e1s sencillas, puesto que no hay excepciones. Desde el punto de vista fonol\u00f3gico, <em>guion<\/em>, por ejemplo, es una palabra monos\u00edlaba y, por lo tanto, no tiene tilde. Se comportan, por lo tanto, todas igual: <em>guion, frio, lio, hui, truhan<\/em>.<\/p>\n\n\n\n<p>De esta manera, conseguimos ser consecuentes: no era l\u00f3gico que <em>fr\u00edo<\/em> tuviese tilde y <em><s>fri\u00f3<\/s><\/em> tambi\u00e9n. Es m\u00e1s l\u00f3gico que <em>fr\u00edo<\/em> tenga tilde porque, en la combinaci\u00f3n de vocal d\u00e9bil y vocal fuerte el acento lo lleva la vocal d\u00e9bil, mientras que en <em>frio<\/em> no haya acento porque, siguiendo las reglas de la acentuaci\u00f3n, los monos\u00edlabos no se acent\u00faan.<\/p>\n\n\n\n<p>Tampoco hay excepciones en los demostrativos y en la palabra <em>solo<\/em>: como en los demostrativos <em>este, ese, aquel <\/em>y la palabra solo todas las palabras son t\u00f3nicas, ya no llevan tilde.<\/p>\n\n\n\n<p><\/p>\n\n\n\n<h3 class=\"wp-block-heading\">Vamos a practicar&#8230;<\/h3>\n\n\n\n<p>Se\u00f1ala la tilde en estas palabras si es preciso:<\/p>\n\n\n\n<ul class=\"wp-block-list\"><li>aullido<\/li><li>maulla<\/li><li>reir<\/li><li>Saiz<\/li><li>Saez<\/li><li>Miriam<\/li><li>rubies<\/li><li>biceps<\/li><li>ahi<\/li><li>cantaseis<\/li><li>leido<\/li><li>triada<\/li><li>oceano<\/li><li>periodico<\/li><li>lie<\/li><li>creais<\/li><\/ul>\n\n\n\n<ul class=\"wp-block-list\"><li>No se si me dira que si o que no.<\/li><li>Si el compra el perro, lo sacara a pasear el tambien.<\/li><li>Todo lo hace por si misma.<\/li><li>Por mucho que trabajes, aun te falta mucho por mejorar.<\/li><li>Aun diciendomelo tu no me lo puedo creer.<\/li><li>\u00bfSe puede saber quien te crees que eres?<\/li><li>\u00bfHasta cuando vas a seguir haciendo todo lo que te digan?<\/li><li>A mi no me importa por que lo hizo<\/li><li>No consigo entender como te cabe todo eso en una maleta tan peque\u00f1a.<\/li><li>\u00bfA que parece nuevo?<\/li><li>\u00bfPorque sea simp\u00e1tico tengo que aguantar todas esas tonter\u00edas?<\/li><li>\u00a1Como llueve! Como no pare de llover, vamos a tener que irnos a casa.<\/li><\/ul>\n\n\n\n<p><\/p>\n","protected":false},"excerpt":{"rendered":"<p>Nuestra lengua utiliza las tildes para saber la s\u00edlaba que ha de pronunciarse con mayor intensidad. La gran ventaja de la existencia de tildes en nuestro sistema gr\u00e1fico es que, si estas no existiesen, no podr\u00edamos saber c\u00f3mo pronunciar aquellas palabras que no conocemos. La tilde, por ejemplo, nos permite distinguir entre p\u00fablico, publico o &hellip; <a href=\"https:\/\/urbinavolant.com\/redaccionyescrituraacademica\/?p=115\" class=\"more-link\">Continuar leyendo<span class=\"screen-reader-text\"> \u00abCuestiones relacionadas con la acentuaci\u00f3n\u00bb<\/span><\/a><\/p>\n","protected":false},"author":1,"featured_media":0,"comment_status":"open","ping_status":"open","sticky":false,"template":"","format":"standard","meta":{"footnotes":""},"categories":[4,3],"tags":[],"class_list":["post-115","post","type-post","status-publish","format-standard","hentry","category-acentuacion","category-tildes"],"_links":{"self":[{"href":"https:\/\/urbinavolant.com\/redaccionyescrituraacademica\/index.php?rest_route=\/wp\/v2\/posts\/115","targetHints":{"allow":["GET"]}}],"collection":[{"href":"https:\/\/urbinavolant.com\/redaccionyescrituraacademica\/index.php?rest_route=\/wp\/v2\/posts"}],"about":[{"href":"https:\/\/urbinavolant.com\/redaccionyescrituraacademica\/index.php?rest_route=\/wp\/v2\/types\/post"}],"author":[{"embeddable":true,"href":"https:\/\/urbinavolant.com\/redaccionyescrituraacademica\/index.php?rest_route=\/wp\/v2\/users\/1"}],"replies":[{"embeddable":true,"href":"https:\/\/urbinavolant.com\/redaccionyescrituraacademica\/index.php?rest_route=%2Fwp%2Fv2%2Fcomments&post=115"}],"version-history":[{"count":6,"href":"https:\/\/urbinavolant.com\/redaccionyescrituraacademica\/index.php?rest_route=\/wp\/v2\/posts\/115\/revisions"}],"predecessor-version":[{"id":123,"href":"https:\/\/urbinavolant.com\/redaccionyescrituraacademica\/index.php?rest_route=\/wp\/v2\/posts\/115\/revisions\/123"}],"wp:attachment":[{"href":"https:\/\/urbinavolant.com\/redaccionyescrituraacademica\/index.php?rest_route=%2Fwp%2Fv2%2Fmedia&parent=115"}],"wp:term":[{"taxonomy":"category","embeddable":true,"href":"https:\/\/urbinavolant.com\/redaccionyescrituraacademica\/index.php?rest_route=%2Fwp%2Fv2%2Fcategories&post=115"},{"taxonomy":"post_tag","embeddable":true,"href":"https:\/\/urbinavolant.com\/redaccionyescrituraacademica\/index.php?rest_route=%2Fwp%2Fv2%2Ftags&post=115"}],"curies":[{"name":"wp","href":"https:\/\/api.w.org\/{rel}","templated":true}]}}