{"id":5636,"date":"2026-01-24T10:13:13","date_gmt":"2026-01-24T09:13:13","guid":{"rendered":"https:\/\/urbinavolant.com\/pragmaubu\/?p=5636"},"modified":"2026-01-24T10:13:51","modified_gmt":"2026-01-24T09:13:51","slug":"el-componente-pragmatico-en-ele","status":"publish","type":"post","link":"https:\/\/urbinavolant.com\/pragmaubu\/2026\/01\/24\/el-componente-pragmatico-en-ele\/","title":{"rendered":"El componente pragm\u00e1tico en ELE"},"content":{"rendered":"\n<p><em>Este apartado se ha escrito el 24 de enero de 2026.<\/em><\/p>\n\n\n\n<p>La ense\u00f1anza del espa\u00f1ol como lengua extranjera exige una\u00a0<strong>visi\u00f3n comunicativa e integrada de la lengua<\/strong>, donde la correcci\u00f3n gramatical y l\u00e9xica se articula con la\u00a0<strong>adecuaci\u00f3n pragm\u00e1tica<\/strong>: lo decisivo no es solo\u00a0<em>qu\u00e9 se dice<\/em>, sino\u00a0<em>qu\u00e9 se hace con lo que se dice<\/em>\u00a0en situaciones concretas, con interlocutores reales y prop\u00f3sitos definidos dentro de un contexto determinado.<\/p>\n\n\n\n<p>En este marco,\u00a0<strong>la competencia pragm\u00e1tica<\/strong>\u00a0abarca la interpretaci\u00f3n de significados literales e\u00a0<strong>impl\u00edcitos<\/strong>, la elecci\u00f3n de\u00a0<strong>estrategias<\/strong>\u00a0y\u00a0<strong>recursos discursivos<\/strong>\u00a0seg\u00fan el contexto y la gesti\u00f3n de la\u00a0<strong>relaci\u00f3n interpersonal<\/strong>\u00a0y de los\u00a0<strong>valores socioculturales<\/strong>\u00a0que la sustentan.<\/p>\n\n\n\n<p>Esta competencia no es accesoria, es\u00a0<strong>vertebral<\/strong> y <strong>fundamental<\/strong>: los\u00a0<strong>errores pragm\u00e1ticos<\/strong>\u00a0suelen tener consecuencias comunicativas y sociales m\u00e1s graves que los gramaticales (siendo estos importantes), porque afectan a la imagen, a la cortes\u00eda y a la interpretaci\u00f3n de intenciones de los interlocutores. Su tratamiento\u00a0<strong>expl\u00edcito y contextualizado<\/strong>\u00a0desde los niveles iniciales mejora la eficacia comunicativa y la integraci\u00f3n del aprendiente en la comunidad de habla.\u00a0<\/p>\n\n\n\n<p>Los marcos curriculares actuales permiten\u00a0<strong>hacer este nivel pragm\u00e1tico m\u00e1s operativo<\/strong>. El\u00a0<strong>MCER<\/strong>\u00a0y su\u00a0<strong>Volumen complementario<\/strong>\u00a0incorporan descriptores de interacci\u00f3n, mediaci\u00f3n e incluso comunicaci\u00f3n en l\u00ednea; el\u00a0<strong>PCIC<\/strong>\u00a0organiza el componente pragm\u00e1tico\u2011discursivo en\u00a0<strong>funciones<\/strong>,\u00a0<strong>t\u00e1cticas y estrategias<\/strong>\u00a0y\u00a0<strong>g\u00e9neros<\/strong>, graduados de A1 a C2. Esta doble referencia facilita planificar objetivos, secuencias de actividades y criterios de evaluaci\u00f3n\u00a0<strong>al ritmo evolutivo<\/strong>\u00a0del alumnado.<\/p>\n\n\n\n<p>A lo largo de la asignatura, desplegaremos tres planos que se\u00a0<strong>entrelazan<\/strong>:<\/p>\n\n\n\n<ul class=\"wp-block-list\">\n<li>Un\u00a0<strong>plano discursivo<\/strong>, dedicado a la\u00a0<strong>coherencia y cohesi\u00f3n<\/strong>, los\u00a0<strong>marcadores del discurso<\/strong>, la\u00a0<strong>gesti\u00f3n de turnos<\/strong>\u00a0y temas, y las convenciones de\u00a0<strong>g\u00e9neros<\/strong>\u00a0y\u00a0<strong>pr\u00e1cticas comunicativas<\/strong>\u00a0actuales, incluidas las\u00a0<strong>digitales y multimodales<\/strong>.<\/li>\n\n\n\n<li>Un\u00a0<strong>plano cognitivo y sociocultural<\/strong>, centrado en\u00a0<strong>representaciones mentales<\/strong>,\u00a0<strong>esquemas<\/strong>\u00a0y\u00a0<strong>normas compartidas<\/strong>\u00a0que gu\u00edan inferencias, presuposiciones y expectativas. Aqu\u00ed aparecen la\u00a0<strong>transferencia<\/strong>\u00a0y la\u00a0<strong>interferencia<\/strong>\u00a0pragm\u00e1ticas, fundamentales en el aprendizaje y clave para explicar similitudes y choques entre L1 y L2.<\/li>\n\n\n\n<li>Un\u00a0<strong>plano de acci\u00f3n comunicativa<\/strong>, donde se abordan\u00a0<strong>actos de habla<\/strong>\u00a0y\u00a0<strong>funciones<\/strong> <strong>comunicativas<\/strong>\u00a0(pedir, rechazar, invitar, disculparse, opinar\u2026), las\u00a0<strong>estructuras argumentativas<\/strong>, la\u00a0<strong>cortes\u00eda<\/strong>, la\u00a0<strong>atenuaci\u00f3n<\/strong>\u00a0y la\u00a0<strong>intensificaci\u00f3n<\/strong>, as\u00ed como fen\u00f3menos como\u00a0<strong>iron\u00eda<\/strong>\u00a0y\u00a0<strong>humor<\/strong>. En este sentido, es importante atender a la\u00a0<strong>variaci\u00f3n<\/strong>\u00a0regional y situacional en el mundo hispano.<\/li>\n<\/ul>\n\n\n\n<p>En lo metodol\u00f3gico, se propone un\u00a0<strong>enfoque combinado<\/strong>\u00a0que integra\u00a0<strong>input aut\u00e9ntico<\/strong>\u00a0(corpus, audiovisuales, textos reales),\u00a0<strong>tareas<\/strong>\u00a0y\u00a0<strong>juegos de rol<\/strong>\u00a0con\u00a0<strong>conciencia metapragm\u00e1tica<\/strong>\u00a0y\u00a0<strong>an\u00e1lisis contrastivo<\/strong>\u00a0guiado. La evidencia did\u00e1ctica muestra que la\u00a0<strong>instrucci\u00f3n expl\u00edcita<\/strong>, apoyada en muestras reales y reflexi\u00f3n, favorece aprendizajes duraderos.<\/p>\n\n\n\n<p>La\u00a0<strong>evaluaci\u00f3n<\/strong>\u00a0de la competencia pragm\u00e1tica exige instrumentos sensibles al\u00a0<strong>contexto<\/strong>\u00a0y a la\u00a0<strong>variaci\u00f3n<\/strong>: pruebas de comprensi\u00f3n y producci\u00f3n pragm\u00e1tica, escalas de valoraci\u00f3n,\u00a0<strong>portolios<\/strong>\u00a0y observaci\u00f3n de interacciones aut\u00e9nticas. <\/p>\n\n\n\n<p>Con este marco, los contenidos que siguen profundizan y se\u00a0<strong>encadenan<\/strong>: desde la\u00a0<strong>visi\u00f3n comunicativa de la lengua<\/strong>\u00a0y la\u00a0<strong>competencia pragm\u00e1tica<\/strong>, pasando por\u00a0<strong>estrategias<\/strong>\u00a0y\u00a0<strong>contrastes<\/strong>\u00a0entre hablantes nativos, no nativos y aprendientes;\u00a0<strong>estructuras argumentativas<\/strong>\u00a0y\u00a0<strong>marcadores del discurso<\/strong>;\u00a0<strong>esquemas sociocognitivos<\/strong>,\u00a0<strong>actos de habla<\/strong>,\u00a0<strong>cooperaci\u00f3n<\/strong>,\u00a0<strong>presuposiciones<\/strong>\u00a0e\u00a0<strong>inferencias<\/strong>;\u00a0<strong>teor\u00eda de la relevancia<\/strong>,\u00a0<strong>iron\u00eda<\/strong>\u00a0y\u00a0<strong>humor<\/strong>;\u00a0<strong>cortes\u00eda<\/strong>,\u00a0<strong>atenuaci\u00f3n<\/strong>\u00a0e\u00a0<strong>intensificaci\u00f3n<\/strong>;\u00a0<strong>pragmagram\u00e1tica<\/strong>\u00a0y, finalmente, un repertorio de\u00a0<strong>habilidades sociales<\/strong>\u00a0para el aula de ELE y la conexi\u00f3n con el\u00a0<strong>componente sociocultural<\/strong>.<\/p>\n<p>El objetivo es dotar a los estudiantes y profesores de <strong>criterios claros<\/strong>\u00a0para\u00a0<strong>planificar, secuenciar y evaluar<\/strong>\u00a0tareas y materiales, alineados con MCER\/PCIC y con la diversidad real del espa\u00f1ol contempor\u00e1neo.<\/p>\n<p>\u00a0<\/p>\n\n\n","protected":false},"excerpt":{"rendered":"<p>Este apartado se ha escrito el 24 de enero de 2026. La ense\u00f1anza del espa\u00f1ol como lengua extranjera exige una\u00a0visi\u00f3n comunicativa e integrada de la lengua, donde la correcci\u00f3n gramatical y l\u00e9xica se articula con la\u00a0adecuaci\u00f3n pragm\u00e1tica: lo decisivo no es solo\u00a0qu\u00e9 se dice, sino\u00a0qu\u00e9 se hace con lo que se dice\u00a0en situaciones concretas, con &hellip; <a href=\"https:\/\/urbinavolant.com\/pragmaubu\/2026\/01\/24\/el-componente-pragmatico-en-ele\/\" class=\"more-link\">Continuar leyendo<span class=\"screen-reader-text\"> \u00abEl componente pragm\u00e1tico en ELE\u00bb<\/span><\/a><\/p>\n","protected":false},"author":1,"featured_media":0,"comment_status":"open","ping_status":"open","sticky":false,"template":"","format":"standard","meta":{"jetpack_post_was_ever_published":false,"_jetpack_newsletter_access":"","_jetpack_dont_email_post_to_subs":false,"_jetpack_newsletter_tier_id":0,"_jetpack_memberships_contains_paywalled_content":false,"_jetpack_memberships_contains_paid_content":false,"footnotes":"","jetpack_publicize_message":"","jetpack_publicize_feature_enabled":true,"jetpack_social_post_already_shared":true,"jetpack_social_options":{"image_generator_settings":{"template":"highway","default_image_id":0,"font":"","enabled":false},"version":2}},"categories":[12,13,2],"tags":[],"class_list":["post-5636","post","type-post","status-publish","format-standard","hentry","category-analisis-del-discurso","category-ele-l2","category-pragmatica"],"jetpack_publicize_connections":[],"jetpack_featured_media_url":"","jetpack_sharing_enabled":true,"jetpack_shortlink":"https:\/\/wp.me\/p7dpbU-1sU","_links":{"self":[{"href":"https:\/\/urbinavolant.com\/pragmaubu\/wp-json\/wp\/v2\/posts\/5636","targetHints":{"allow":["GET"]}}],"collection":[{"href":"https:\/\/urbinavolant.com\/pragmaubu\/wp-json\/wp\/v2\/posts"}],"about":[{"href":"https:\/\/urbinavolant.com\/pragmaubu\/wp-json\/wp\/v2\/types\/post"}],"author":[{"embeddable":true,"href":"https:\/\/urbinavolant.com\/pragmaubu\/wp-json\/wp\/v2\/users\/1"}],"replies":[{"embeddable":true,"href":"https:\/\/urbinavolant.com\/pragmaubu\/wp-json\/wp\/v2\/comments?post=5636"}],"version-history":[{"count":1,"href":"https:\/\/urbinavolant.com\/pragmaubu\/wp-json\/wp\/v2\/posts\/5636\/revisions"}],"predecessor-version":[{"id":5637,"href":"https:\/\/urbinavolant.com\/pragmaubu\/wp-json\/wp\/v2\/posts\/5636\/revisions\/5637"}],"wp:attachment":[{"href":"https:\/\/urbinavolant.com\/pragmaubu\/wp-json\/wp\/v2\/media?parent=5636"}],"wp:term":[{"taxonomy":"category","embeddable":true,"href":"https:\/\/urbinavolant.com\/pragmaubu\/wp-json\/wp\/v2\/categories?post=5636"},{"taxonomy":"post_tag","embeddable":true,"href":"https:\/\/urbinavolant.com\/pragmaubu\/wp-json\/wp\/v2\/tags?post=5636"}],"curies":[{"name":"wp","href":"https:\/\/api.w.org\/{rel}","templated":true}]}}