{"id":4848,"date":"2021-02-19T12:06:31","date_gmt":"2021-02-19T11:06:31","guid":{"rendered":"https:\/\/urbinavolant.com\/pragmaubu\/?p=4848"},"modified":"2021-02-19T12:06:35","modified_gmt":"2021-02-19T11:06:35","slug":"una-pista-para-trabajar-los-marcadores-discursivos-en-la-argumentacion-publicitaria","status":"publish","type":"post","link":"https:\/\/urbinavolant.com\/pragmaubu\/2021\/02\/19\/una-pista-para-trabajar-los-marcadores-discursivos-en-la-argumentacion-publicitaria\/","title":{"rendered":"Una pista para trabajar los marcadores discursivos en la argumentaci\u00f3n publicitaria"},"content":{"rendered":"\n<p>Para trabajar un marcador discursivo, puede jugarse con una estrategia argumentativa. En el material indicado m\u00e1s abajo vas a encontrar un <em>spot<\/em> publicitario lleno de estereotipos y una din\u00e1mica de trabajo con marcadores discursivos argumentativos para fortalecer o romper estos t\u00f3picos estereotipados.<\/p>\n\n\n\n<p>Lo que aparece aqu\u00ed es una parte de la presentaci\u00f3n de mi ponencia en el VI Congreso Internacional del Espa\u00f1ol en Castilla y Le\u00f3n:<\/p>\n\n\n\n<p>Urbina Fonturbel, R. (2020). La publicidad como elemento dinamizador en ELE. En\u00a0<em>VI Congreso Internacional del Espa\u00f1ol en Castilla y Le\u00f3n<\/em>.<\/p>\n\n\n\n<div class=\"wp-block-file\"><a href=\"https:\/\/urbinavolant.com\/pragmaubu\/wp-content\/uploads\/2021\/02\/La-publicidad-como-elemento-dinamizador-en-ELE-con-enlaces-a-videos-3.pdf\">La publicidad como elemento dinamizador en ELE<\/a><a href=\"https:\/\/urbinavolant.com\/pragmaubu\/wp-content\/uploads\/2021\/02\/La-publicidad-como-elemento-dinamizador-en-ELE-con-enlaces-a-videos-3.pdf\" class=\"wp-block-file__button\" download>Descarga<\/a><\/div>\n","protected":false},"excerpt":{"rendered":"<p>Para trabajar un marcador discursivo, puede jugarse con una estrategia argumentativa. En el material indicado m\u00e1s abajo vas a encontrar un spot publicitario lleno de estereotipos y una din\u00e1mica de trabajo con marcadores discursivos argumentativos para fortalecer o romper estos t\u00f3picos estereotipados. Lo que aparece aqu\u00ed es una parte de la presentaci\u00f3n de mi ponencia &hellip; <a href=\"https:\/\/urbinavolant.com\/pragmaubu\/2021\/02\/19\/una-pista-para-trabajar-los-marcadores-discursivos-en-la-argumentacion-publicitaria\/\" class=\"more-link\">Continuar leyendo<span class=\"screen-reader-text\"> \u00abUna pista para trabajar los marcadores discursivos en la argumentaci\u00f3n publicitaria\u00bb<\/span><\/a><\/p>\n","protected":false},"author":1,"featured_media":0,"comment_status":"open","ping_status":"open","sticky":false,"template":"","format":"standard","meta":{"jetpack_post_was_ever_published":false,"_jetpack_newsletter_access":"","_jetpack_dont_email_post_to_subs":false,"_jetpack_newsletter_tier_id":0,"_jetpack_memberships_contains_paywalled_content":false,"_jetpack_memberships_contains_paid_content":false,"footnotes":"","jetpack_publicize_message":"","jetpack_publicize_feature_enabled":true,"jetpack_social_post_already_shared":true,"jetpack_social_options":{"image_generator_settings":{"template":"highway","default_image_id":0,"font":"","enabled":false},"version":2}},"categories":[11,2,8],"tags":[],"class_list":["post-4848","post","type-post","status-publish","format-standard","hentry","category-argumentacion","category-pragmatica","category-publicidad"],"jetpack_publicize_connections":[],"jetpack_featured_media_url":"","jetpack_sharing_enabled":true,"jetpack_shortlink":"https:\/\/wp.me\/p7dpbU-1gc","_links":{"self":[{"href":"https:\/\/urbinavolant.com\/pragmaubu\/wp-json\/wp\/v2\/posts\/4848","targetHints":{"allow":["GET"]}}],"collection":[{"href":"https:\/\/urbinavolant.com\/pragmaubu\/wp-json\/wp\/v2\/posts"}],"about":[{"href":"https:\/\/urbinavolant.com\/pragmaubu\/wp-json\/wp\/v2\/types\/post"}],"author":[{"embeddable":true,"href":"https:\/\/urbinavolant.com\/pragmaubu\/wp-json\/wp\/v2\/users\/1"}],"replies":[{"embeddable":true,"href":"https:\/\/urbinavolant.com\/pragmaubu\/wp-json\/wp\/v2\/comments?post=4848"}],"version-history":[{"count":1,"href":"https:\/\/urbinavolant.com\/pragmaubu\/wp-json\/wp\/v2\/posts\/4848\/revisions"}],"predecessor-version":[{"id":4851,"href":"https:\/\/urbinavolant.com\/pragmaubu\/wp-json\/wp\/v2\/posts\/4848\/revisions\/4851"}],"wp:attachment":[{"href":"https:\/\/urbinavolant.com\/pragmaubu\/wp-json\/wp\/v2\/media?parent=4848"}],"wp:term":[{"taxonomy":"category","embeddable":true,"href":"https:\/\/urbinavolant.com\/pragmaubu\/wp-json\/wp\/v2\/categories?post=4848"},{"taxonomy":"post_tag","embeddable":true,"href":"https:\/\/urbinavolant.com\/pragmaubu\/wp-json\/wp\/v2\/tags?post=4848"}],"curies":[{"name":"wp","href":"https:\/\/api.w.org\/{rel}","templated":true}]}}