{"id":4734,"date":"2021-02-08T18:48:39","date_gmt":"2021-02-08T17:48:39","guid":{"rendered":"https:\/\/urbinavolant.com\/pragmaubu\/?p=4734"},"modified":"2026-02-06T12:26:05","modified_gmt":"2026-02-06T11:26:05","slug":"novedades","status":"publish","type":"post","link":"https:\/\/urbinavolant.com\/pragmaubu\/2021\/02\/08\/novedades\/","title":{"rendered":"Novedades"},"content":{"rendered":"\n<p style=\"font-size:16px\">Esta web est\u00e1 concebida como un elemento din\u00e1mico para aprender pragm\u00e1tica y, por ello, se van incorporando contenidos de manera progresiva. Iremos dejando aqu\u00ed nota de las actualizaciones que vayamos realizando en la web.<\/p>\n\n\n\n<p style=\"font-size:16px\">Lamentablemente, siempre se escapan erratas. Si te das cuenta de alguna, te agradecer\u00e9 much\u00edsimo que me mandes un mensaje para poder subsanarla cuanto antes. \u00a1Gracias de antemano por tu colaboraci\u00f3n!<\/p>\n\n\n\n<h3 class=\"wp-block-heading\" id=\"7-de-diciembre-de-2021\">1-6 de febrero de 2026<\/h3>\n\n\n\n<ul class=\"wp-block-list\">\n<li>Reestructuraci\u00f3n de contenidos de la web.<\/li>\n\n\n\n<li>Replanteamiento te\u00f3rico y pr\u00e1ctico de los primeros temas.<\/li>\n\n\n\n<li>Actualizaciones t\u00e9cnicas.<\/li>\n<\/ul>\n\n\n\n<h3 class=\"wp-block-heading\" id=\"7-de-diciembre-de-2021\">12-24 de enero de 2026<\/h3>\n\n\n\n<ul class=\"wp-block-list\">\n<li>Reestructuraci\u00f3n de contenidos de la web.<\/li>\n\n\n\n<li>Replanteamiento te\u00f3rico y pr\u00e1ctico de los primeros apartados.<\/li>\n\n\n\n<li>Actualizaciones t\u00e9cnicas.<\/li>\n<\/ul>\n\n\n\n<h3 class=\"wp-block-heading\" id=\"7-de-diciembre-de-2021\">26 de enero de 2025<\/h3>\n\n\n\n<ul class=\"wp-block-list\">\n<li>Actualizaci\u00f3n de la bibliograf\u00eda.<\/li>\n<\/ul>\n\n\n\n<h3 class=\"wp-block-heading\" id=\"7-de-diciembre-de-2021\">20 de enero de 2025<\/h3>\n\n\n\n<ul class=\"wp-block-list\">\n<li>Actualizaci\u00f3n para el segundo semestre del curso.<\/li>\n\n\n\n<li>Correcci\u00f3n de erratas.<\/li>\n<\/ul>\n\n\n\n<h3 class=\"wp-block-heading\" id=\"7-de-diciembre-de-2021\">27 de noviembre de 2024<\/h3>\n\n\n\n<ul class=\"wp-block-list\">\n<li>Correcci\u00f3n de erratas.<\/li>\n<\/ul>\n\n\n\n<h3 class=\"wp-block-heading\" id=\"7-de-diciembre-de-2021\">30 de octubre de 2024<\/h3>\n\n\n\n<ul class=\"wp-block-list\">\n<li>Actualizaci\u00f3n de la bibliograf\u00eda.<\/li>\n<\/ul>\n\n\n\n<h3 class=\"wp-block-heading\" id=\"7-de-diciembre-de-2021\">29 de marzo de 2024<\/h3>\n\n\n\n<ul class=\"wp-block-list\">\n<li>Correcci\u00f3n de erratas.<\/li>\n\n\n\n<li>Introducci\u00f3n de un <a href=\"https:\/\/urbinavolant.com\/pragmaubu\/2024\/03\/28\/compendio-para-explicar-las-presuposiciones-y-las-implicaturas\/\" target=\"_blank\" rel=\"noreferrer noopener\">compendio para analizar las caracter\u00edsticas y diferencias entre presuposiciones e implicaturas<\/a>. <\/li>\n<\/ul>\n\n\n\n<h3 class=\"wp-block-heading\" id=\"7-de-diciembre-de-2021\">14 de febrero de 2024<\/h3>\n\n\n\n<ul class=\"wp-block-list\">\n<li>Correcci\u00f3n de erratas.<\/li>\n<\/ul>\n\n\n\n<h3 class=\"wp-block-heading\" id=\"7-de-diciembre-de-2021\">17 de enero de 2024<\/h3>\n\n\n\n<ul class=\"wp-block-list\">\n<li>Cambio y adaptaci\u00f3n de los apartados para el curso 2023-2024.<\/li>\n<\/ul>\n\n\n\n<h3 class=\"wp-block-heading\" id=\"7-de-diciembre-de-2021\">9 de marzo de 2023<\/h3>\n\n\n\n<ul class=\"wp-block-list\">\n<li>Adici\u00f3n de referencias bibliogr\u00e1ficas a alg\u00fan apartado y a la bibliograf\u00eda general.<\/li>\n<\/ul>\n\n\n\n<h3 class=\"wp-block-heading\" id=\"7-de-diciembre-de-2021\">23 de febrero de 2023<\/h3>\n\n\n\n<ul class=\"wp-block-list\">\n<li>Correcci\u00f3n de erratas.<\/li>\n<\/ul>\n\n\n\n<h3 class=\"wp-block-heading\" id=\"7-de-diciembre-de-2021\">17 de febrero de 2023<\/h3>\n\n\n\n<ul class=\"wp-block-list\">\n<li>Ampliaci\u00f3n del apartado <a rel=\"noreferrer noopener\" href=\"https:\/\/urbinavolant.com\/pragmaubu\/2016\/02\/12\/por-que-la-pragmatica\/\" target=\"_blank\">\u00bfPor qu\u00e9 la Pragm\u00e1tica?<\/a><\/li>\n\n\n\n<li>Adici\u00f3n del apartado <a href=\"https:\/\/urbinavolant.com\/pragmaubu\/2023\/02\/17\/un-poquito-mas-sobre-presuposiciones\/\" target=\"_blank\" rel=\"noreferrer noopener\">Un poquito m\u00e1s sobre las presuposiciones<\/a>.<\/li>\n<\/ul>\n\n\n\n<h3 class=\"wp-block-heading\" id=\"7-de-diciembre-de-2021\">4 de febrero de 2023<\/h3>\n\n\n\n<ul class=\"wp-block-list\">\n<li>Correcci\u00f3n de erratas.<\/li>\n<\/ul>\n\n\n\n<h3 class=\"wp-block-heading\" id=\"7-de-diciembre-de-2021\">16 de abril de 2022<\/h3>\n\n\n\n<ul class=\"wp-block-list\">\n<li>Correcci\u00f3n de erratas.<\/li>\n<\/ul>\n\n\n\n<h3 class=\"wp-block-heading\" id=\"7-de-diciembre-de-2021\">16 de febrero de 2022<\/h3>\n\n\n\n<ul class=\"wp-block-list\">\n<li>Correcci\u00f3n de erratas.<\/li>\n<\/ul>\n\n\n\n<h3 class=\"wp-block-heading\" id=\"7-de-diciembre-de-2021\">7 de febrero de 2022<\/h3>\n\n\n\n<ul class=\"wp-block-list\">\n<li>Preparaci\u00f3n de los apartados previos para el curso 2021-2022.<\/li>\n<\/ul>\n\n\n\n<h3 class=\"wp-block-heading\" id=\"7-de-diciembre-de-2021\">7 de diciembre de 2021<\/h3>\n\n\n\n<ul class=\"wp-block-list\">\n<li>Correcci\u00f3n de erratas y actualizaci\u00f3n de la bibliograf\u00eda.<\/li>\n<\/ul>\n\n\n\n<h3 class=\"wp-block-heading\" id=\"28-de-octubre-de-2021\">28 de octubre de 2021<\/h3>\n\n\n\n<ul class=\"wp-block-list\">\n<li>Actualizaci\u00f3n del apartado <a rel=\"noreferrer noopener\" href=\"https:\/\/urbinavolant.com\/pragmaubu\/2021\/01\/19\/los-actos-de-habla-y-las-funciones-comunicativas-en-la-ensenanza-de-ele-2\/\" target=\"_blank\">\u00abLos actos de habla y las funciones comunicativas en la ense\u00f1anza de ELE\u00bb<\/a>.<\/li>\n\n\n\n<li>Actualizaci\u00f3n de erratas y de la bibliograf\u00eda.<\/li>\n<\/ul>\n\n\n\n<h3 class=\"wp-block-heading\" id=\"29-de-septiembre-de-2021\">29 de septiembre de 2021<\/h3>\n\n\n\n<ul class=\"wp-block-list\">\n<li>Actualizaci\u00f3n de los documentos b\u00e1sicos de ELE en la bibliograf\u00eda.<\/li>\n<\/ul>\n\n\n\n<h3 class=\"wp-block-heading\" id=\"30-de-agosto-de-2021\">30 de agosto de 2021<\/h3>\n\n\n\n<ul class=\"wp-block-list\">\n<li>Actualizaci\u00f3n de la bibliograf\u00eda general de ELE.<\/li>\n\n\n\n<li>Correcci\u00f3n de erratas<\/li>\n<\/ul>\n\n\n\n<h3 class=\"wp-block-heading\" id=\"6-de-abril-de-2021\">6 de abril de 2021<\/h3>\n\n\n\n<ul class=\"wp-block-list\">\n<li>Incorporaci\u00f3n del apartado <a href=\"https:\/\/urbinavolant.com\/pragmaubu\/2021\/04\/05\/la-teoria-de-la-relevancia-en-ele\/\" target=\"_blank\" rel=\"noreferrer noopener\">Teor\u00eda de la relevancia en ELE<\/a>.<\/li>\n<\/ul>\n\n\n\n<h3 class=\"wp-block-heading\" id=\"15-de-marzo-de-2021\">15 de marzo de 2021<\/h3>\n\n\n\n<ul class=\"wp-block-list\">\n<li>Correcci\u00f3n de un enlace de la bibliograf\u00eda del apartado <a href=\"https:\/\/urbinavolant.com\/pragmaubu\/2021\/01\/19\/los-actos-de-habla-y-las-funciones-comunicativas-en-la-ensenanza-de-ele-2\/\" target=\"_blank\" rel=\"noreferrer noopener\">Los actos de habla y las funciones comunicativas en la ense\u00f1anza de ELE<\/a>.<\/li>\n<\/ul>\n\n\n\n<h3 class=\"wp-block-heading\" id=\"13-de-marzo-de-2021\">13 de marzo de 2021<\/h3>\n\n\n\n<ul class=\"wp-block-list\">\n<li>Actualizaci\u00f3n de la bibliograf\u00eda en el apartado <a href=\"https:\/\/urbinavolant.com\/pragmaubu\/2021\/01\/11\/estrategias-pragmaticas\/\" target=\"_blank\" rel=\"noreferrer noopener\">Estrategias pragm\u00e1ticas<\/a>.<\/li>\n<\/ul>\n\n\n\n<h3 class=\"wp-block-heading\" id=\"10-de-marzo-de-2021\">10 de marzo de 2021<\/h3>\n\n\n\n<ul class=\"wp-block-list\">\n<li>Correcci\u00f3n de una errata en el cuadro de <a href=\"https:\/\/urbinavolant.com\/pragmaubu\/2016\/03\/13\/condiciones-de-enunciacion-de-las-expresiones-performativas\/\" target=\"_blank\" rel=\"noreferrer noopener\">Condiciones de enunciaci\u00f3n de las expresiones performativas<\/a>.<\/li>\n<\/ul>\n\n\n\n<h3 class=\"wp-block-heading\" id=\"24-de-febrero-de-2021\">24 de febrero de 2021<\/h3>\n\n\n\n<ul class=\"wp-block-list\">\n<li>Redacci\u00f3n de contenidos para el MELE (no visibles en su totalidad: algunos est\u00e1n en borrador).<\/li>\n<\/ul>\n\n\n\n<h3 class=\"wp-block-heading\" id=\"23-de-febrero-de-2021\">23 de febrero de 2021<\/h3>\n\n\n\n<ul class=\"wp-block-list\">\n<li>Incorporaci\u00f3n de una referencia en la bibliograf\u00eda.<\/li>\n\n\n\n<li>Soluci\u00f3n a un par de enlaces rotos.<\/li>\n\n\n\n<li>Adici\u00f3n de una referencia en <a href=\"https:\/\/urbinavolant.com\/pragmaubu\/2021\/01\/14\/los-marcadores-del-discurso\/\" target=\"_blank\" rel=\"noreferrer noopener\">Marcadores del discurso<\/a>.<\/li>\n<\/ul>\n\n\n\n<h3 class=\"wp-block-heading\" id=\"21-de-febrero-de-2021\">21 de febrero de 2021<\/h3>\n\n\n\n<ul class=\"wp-block-list\">\n<li>Actualizaci\u00f3n en la bibliograf\u00eda en <a href=\"https:\/\/urbinavolant.com\/pragmaubu\/2021\/01\/14\/los-marcadores-del-discurso\/\" target=\"_blank\" rel=\"noreferrer noopener\">Los marcadores del discurso.<\/a><\/li>\n<\/ul>\n\n\n\n<h3 class=\"wp-block-heading\" id=\"19-de-febrero-de-2021-de-2021\">19 de febrero de 2021 de 2021<\/h3>\n\n\n\n<ul class=\"wp-block-list\">\n<li>Actualizaci\u00f3n de la <a rel=\"noreferrer noopener\" href=\"https:\/\/urbinavolant.com\/pragmaubu\/2011\/05\/02\/la-pragmatica-bibliografia-breve\/\" target=\"_blank\">bibliograf\u00eda<\/a>.<\/li>\n\n\n\n<li>Introducci\u00f3n de un elemento en <a href=\"https:\/\/urbinavolant.com\/pragmaubu\/2021\/01\/14\/los-marcadores-del-discurso\/\" data-type=\"post\" data-id=\"4646\">Los marcadores del discurso<\/a>.<\/li>\n\n\n\n<li>Correcci\u00f3n de erratas.<\/li>\n<\/ul>\n\n\n\n<h3 class=\"wp-block-heading\" id=\"17-de-febrero-de-2021-de-2021\">17 de febrero de 2021 de 2021<\/h3>\n\n\n\n<ul class=\"wp-block-list\">\n<li>Correcci\u00f3n de un enlace de la bibliograf\u00eda de <a rel=\"noreferrer noopener\" href=\"https:\/\/urbinavolant.com\/pragmaubu\/2020\/12\/28\/vision-comunicativa-de-la-lengua-la-competencia-pragmatica\/\" target=\"_blank\">Visi\u00f3n comunicativa de la lengua. La competencia pragm\u00e1tica<\/a>.<\/li>\n\n\n\n<li>Adici\u00f3n de bibliograf\u00eda y ampliaci\u00f3n de contenido de <a href=\"https:\/\/urbinavolant.com\/pragmaubu\/2021\/01\/19\/los-actos-de-habla-y-las-funciones-comunicativas-en-la-ensenanza-de-ele-2\/\" data-type=\"post\" data-id=\"4691\">Los actos de habla y las funciones comunicativas en la ense\u00f1anza de ELE<\/a>.<\/li>\n\n\n\n<li>Incorporaci\u00f3n de algunas precisiones en <a rel=\"noreferrer noopener\" href=\"https:\/\/urbinavolant.com\/pragmaubu\/2021\/01\/14\/las-representaciones-mentales-y-los-esquemas-mentales-esquemas-mentales-socialmente-compartidos-transferencia-e-interferencia-pragmaticas\/\" target=\"_blank\">Las representaciones mentales y los esquemas mentales. Esquemas mentales socialmente compartidos. Transferencia e interferencia pragm\u00e1ticas<\/a>.<\/li>\n<\/ul>\n\n\n\n<h3 class=\"wp-block-heading\" id=\"15-de-febrero-de-2021-de-2021\">15 de febrero de 2021 de 2021<\/h3>\n\n\n\n<ul class=\"wp-block-list\">\n<li>Ampliaci\u00f3n y correcci\u00f3n del apartado<a rel=\"noreferrer noopener\" href=\"https:\/\/urbinavolant.com\/pragmaubu\/2016\/02\/08\/que-es-la-pragmatica\/\" target=\"_blank\"> \u00bfQu\u00e9 es la Pragm\u00e1tica?<\/a><\/li>\n\n\n\n<li>Creaci\u00f3n del apartado <a href=\"https:\/\/urbinavolant.com\/pragmaubu\/2021\/02\/15\/el-nivel-pragmatico-en-la-ensenanza-de-ele\/\" target=\"_blank\" rel=\"noreferrer noopener\">El nivel pragm\u00e1tico en la ense\u00f1anza de ELE<\/a>.<\/li>\n<\/ul>\n\n\n\n<h2 class=\"wp-block-heading\" id=\"11-de-febrero-de-2021-de-2021\">11 de febrero de 2021 de 2021<\/h2>\n\n\n\n<ul class=\"wp-block-list\">\n<li>Correcci\u00f3n de erratas en  el apartado <a rel=\"noreferrer noopener\" href=\"https:\/\/urbinavolant.com\/pragmaubu\/2020\/12\/28\/vision-comunicativa-de-la-lengua-la-competencia-pragmatica\/\" target=\"_blank\">La visi\u00f3n comunicativa de la lengua. La competencia pragm\u00e1tica<\/a>.<\/li>\n<\/ul>\n\n\n\n<h2 class=\"wp-block-heading\" id=\"10-de-febrero-de-2021-de-2021\">10 de febrero de 2021 de 2021<\/h2>\n\n\n\n<ul class=\"wp-block-list\">\n<li><a href=\"https:\/\/urbinavolant.com\/pragmaubu\/guion-de-la-asignatura\/\" target=\"_blank\" rel=\"noreferrer noopener\">Peque\u00f1as modificaciones en la Gu\u00eda de Pragm\u00e1tica del espa\u00f1ol<\/a>.<\/li>\n\n\n\n<li>Modificaciones e incorporaci\u00f3n de bibliograf\u00eda en <a rel=\"noreferrer noopener\" href=\"https:\/\/urbinavolant.com\/pragmaubu\/2016\/04\/06\/maximas-y-submaximas-del-principio-de-cooperacion\/\" target=\"_blank\">M\u00e1ximas del principio de cooperaci\u00f3n<\/a>.<\/li>\n\n\n\n<li>Incorporaci\u00f3n de m\u00e1s ejemplos en<a rel=\"noreferrer noopener\" href=\"https:\/\/urbinavolant.com\/pragmaubu\/2018\/01\/14\/violaciones-de-las-maximas-del-principio-de-cooperacion\/\" target=\"_blank\"> Jugando con las m\u00e1ximas o violando las m\u00e1ximas del principio de cooperaci\u00f3n<\/a>.<\/li>\n<\/ul>\n\n\n\n<h2 class=\"wp-block-heading\" id=\"8-de-febrero-de-2021-de-2021\">8 de febrero de 2021 de 2021<\/h2>\n\n\n\n<ul class=\"wp-block-list\">\n<li>Peque\u00f1o retoque en la p\u00e1gina de inicio.<\/li>\n\n\n\n<li>Actualizaci\u00f3n de la <a rel=\"noreferrer noopener\" href=\"https:\/\/urbinavolant.com\/pragmaubu\/2011\/05\/02\/la-pragmatica-bibliografia-breve\/\" target=\"_blank\">bibliograf\u00eda<\/a>.<\/li>\n\n\n\n<li>Actualizaci\u00f3n del apartado <a rel=\"noopener\" href=\"https:\/\/urbinavolant.com\/pragmaubu\/2020\/12\/28\/vision-comunicativa-de-la-lengua-la-competencia-pragmatica\/\" target=\"_blank\">La visi\u00f3n comunicativa de la lengua. La competencia pragm\u00e1tica<\/a>.<\/li>\n<\/ul>\n","protected":false},"excerpt":{"rendered":"<p>Esta web est\u00e1 concebida como un elemento din\u00e1mico para aprender pragm\u00e1tica y, por ello, se van incorporando contenidos de manera progresiva. Iremos dejando aqu\u00ed nota de las actualizaciones que vayamos realizando en la web. Lamentablemente, siempre se escapan erratas. Si te das cuenta de alguna, te agradecer\u00e9 much\u00edsimo que me mandes un mensaje para poder &hellip; <a href=\"https:\/\/urbinavolant.com\/pragmaubu\/2021\/02\/08\/novedades\/\" class=\"more-link\">Continuar leyendo<span class=\"screen-reader-text\"> \u00abNovedades\u00bb<\/span><\/a><\/p>\n","protected":false},"author":1,"featured_media":0,"comment_status":"open","ping_status":"open","sticky":false,"template":"","format":"standard","meta":{"jetpack_post_was_ever_published":false,"_jetpack_newsletter_access":"","_jetpack_dont_email_post_to_subs":false,"_jetpack_newsletter_tier_id":0,"_jetpack_memberships_contains_paywalled_content":false,"_jetpack_memberships_contains_paid_content":false,"footnotes":"","jetpack_publicize_message":"","jetpack_publicize_feature_enabled":true,"jetpack_social_post_already_shared":true,"jetpack_social_options":{"image_generator_settings":{"template":"highway","default_image_id":0,"font":"","enabled":false},"version":2}},"categories":[12,11,4,13,2],"tags":[],"class_list":["post-4734","post","type-post","status-publish","format-standard","hentry","category-analisis-del-discurso","category-argumentacion","category-comunicacion","category-ele-l2","category-pragmatica"],"jetpack_publicize_connections":[],"jetpack_featured_media_url":"","jetpack_sharing_enabled":true,"jetpack_shortlink":"https:\/\/wp.me\/p7dpbU-1em","_links":{"self":[{"href":"https:\/\/urbinavolant.com\/pragmaubu\/wp-json\/wp\/v2\/posts\/4734","targetHints":{"allow":["GET"]}}],"collection":[{"href":"https:\/\/urbinavolant.com\/pragmaubu\/wp-json\/wp\/v2\/posts"}],"about":[{"href":"https:\/\/urbinavolant.com\/pragmaubu\/wp-json\/wp\/v2\/types\/post"}],"author":[{"embeddable":true,"href":"https:\/\/urbinavolant.com\/pragmaubu\/wp-json\/wp\/v2\/users\/1"}],"replies":[{"embeddable":true,"href":"https:\/\/urbinavolant.com\/pragmaubu\/wp-json\/wp\/v2\/comments?post=4734"}],"version-history":[{"count":52,"href":"https:\/\/urbinavolant.com\/pragmaubu\/wp-json\/wp\/v2\/posts\/4734\/revisions"}],"predecessor-version":[{"id":5793,"href":"https:\/\/urbinavolant.com\/pragmaubu\/wp-json\/wp\/v2\/posts\/4734\/revisions\/5793"}],"wp:attachment":[{"href":"https:\/\/urbinavolant.com\/pragmaubu\/wp-json\/wp\/v2\/media?parent=4734"}],"wp:term":[{"taxonomy":"category","embeddable":true,"href":"https:\/\/urbinavolant.com\/pragmaubu\/wp-json\/wp\/v2\/categories?post=4734"},{"taxonomy":"post_tag","embeddable":true,"href":"https:\/\/urbinavolant.com\/pragmaubu\/wp-json\/wp\/v2\/tags?post=4734"}],"curies":[{"name":"wp","href":"https:\/\/api.w.org\/{rel}","templated":true}]}}