{"id":4476,"date":"2020-02-14T18:42:10","date_gmt":"2020-02-14T17:42:10","guid":{"rendered":"http:\/\/urbinavolant.com\/pragmaubu\/?p=4476"},"modified":"2026-01-30T18:28:23","modified_gmt":"2026-01-30T17:28:23","slug":"la-pragmatica-entre-lo-social-y-lo-cognitivo","status":"publish","type":"post","link":"https:\/\/urbinavolant.com\/pragmaubu\/2020\/02\/14\/la-pragmatica-entre-lo-social-y-lo-cognitivo\/","title":{"rendered":"La Pragm\u00e1tica, entre lo cognitivo y lo social"},"content":{"rendered":"\n<p>En el estudio de la pragm\u00e1tica se reconocen dos grandes perspectivas que, lejos de oponerse, se completan mutuamente. Por un lado, la&nbsp;<strong>dimensi\u00f3n cognitiva<\/strong>, que considera el lenguaje como una capacidad mental que nos permite interpretar lo que otros quieren comunicar; por otro, la&nbsp;<strong>dimensi\u00f3n social<\/strong>, que entiende el lenguaje como una actividad situada, siempre inscrita en relaciones, normas y contextos concretos. <\/p>\n\n\n\n<p>Ambas perspectivas muestran que el lenguaje humano no es solo un c\u00f3digo, sino una forma de&nbsp;<strong>pensar, relacionarnos y actuar conjuntamente<\/strong>. La pragm\u00e1tica revela que comunicarse implica activar procesos mentales complejos y, al mismo tiempo, ajustarse a expectativas sociales que hacen posible la convivencia y la comprensi\u00f3n mutua.<\/p>\n\n\n\n<p>La comprensi\u00f3n adecuada surge cuando la mente integra lo que recibe con lo que ya sabe para ubicarlo dentro de una situaci\u00f3n social concreta.<\/p>\n\n\n\n<h3 class=\"wp-block-heading\">La dimensi\u00f3n cognitiva: c\u00f3mo hace posible la mente la interpretaci\u00f3n<\/h3>\n\n\n\n<p>Interpretar no es repetir lo literal, sino&nbsp;<strong>construir sentido<\/strong>&nbsp;activando conocimientos previos, expectativas y pistas del contexto (l\u00e9xicas, pros\u00f3dicas, gestuales). Por eso entendemos iron\u00edas, insinuaciones o sobreentendidos sin que se digan expl\u00edcitamente.<\/p>\n\n\n\n<p><strong>Ejemplo 1<\/strong><br>\u2014 \u00bfVienes a la reuni\u00f3n?<br>\u2014&nbsp;<em>Si eso, me paso luego<\/em>.<br>La expresi\u00f3n&nbsp;<em>si eso<\/em>&nbsp;no a\u00f1ade informaci\u00f3n de contenido, pero orienta la interpretaci\u00f3n:&nbsp;<strong>compromiso d\u00e9bil<\/strong>&nbsp;y baja probabilidad de asistencia. La mente completa lo no dicho con lo que sabe del hablante y de la situaci\u00f3n.<\/p>\n\n\n\n<p><strong>Ejemplo 2<\/strong><br>\u2014Luis, no cierres la ventana del despacho, por favor, que luego est\u00e1 muy cargado.<br>\u2014Vale, Marta.<br>[Al volver, Marta encuentra la ventana cerrada y la sala cargada]<br>\u2014Gracias, Luis.<\/p>\n\n\n\n<p>Una simple entonaci\u00f3n ascendente en&nbsp;<em>gracias\u2026<\/em>&nbsp;puede activar una lectura&nbsp;<strong>ir\u00f3nica<\/strong>&nbsp;si el contexto apunta a reproche. La se\u00f1al ac\u00fastica funciona como pista que gu\u00eda la inferencia.<\/p>\n\n\n\n<p>En definitiva, la mente realiza hip\u00f3tesis sobre los significados y los ajusta a la situaci\u00f3n comunicativa. Para ello, cuanta con que algunas expresiones dan pistas para integrar todo lo dem\u00e1s. Por lo tanto, la interpretaci\u00f3n siempre es din\u00e1mica y sensible al contexto.<\/p>\n\n\n\n<h3 class=\"wp-block-heading\">La dimensi\u00f3n social: el lenguaje como acci\u00f3n y relaci\u00f3n<\/h3>\n\n\n\n<p>Hablamos siempre&nbsp;<strong>en situaci\u00f3n<\/strong>: con alguien, en un lugar, por un motivo, bajo normas impl\u00edcitas. La adecuaci\u00f3n depende de&nbsp;<strong>qui\u00e9n<\/strong>,&nbsp;<strong>con qui\u00e9n<\/strong>,&nbsp;<strong>d\u00f3nde<\/strong>&nbsp;y&nbsp;<strong>para qu\u00e9<\/strong>.<\/p>\n\n\n\n<p><strong>Ejemplo 3<\/strong><br>En un mostrador,&nbsp;<em>Me pones un caf\u00e9, porfa<\/em>&nbsp;suena&nbsp;<strong>natural y eficiente<\/strong>. En una primera toma de contacto por correo con una autoridad, se espera un registro m\u00e1s&nbsp;<strong>cuidadoso<\/strong>&nbsp;y&nbsp;<strong>enmarcado<\/strong>&nbsp;en f\u00f3rmulas de cortes\u00eda. Lo social orienta qu\u00e9 se percibe apropiado.<\/p>\n\n\n\n<p><strong>Ejemplo 4<\/strong><br>El tratamiento&nbsp;<em>t\u00fa\/usted<\/em>&nbsp;no solo marca distancia:&nbsp;<strong>posiciona<\/strong>&nbsp;a los interlocutores en una relaci\u00f3n determinada. Un cambio deliberado de&nbsp;<em>usted<\/em> a&nbsp;<em>t\u00fa<\/em>&nbsp;puede&nbsp;<strong>acercar<\/strong>&nbsp;o&nbsp;<strong>tensar<\/strong>&nbsp;la interacci\u00f3n, seg\u00fan el momento y la cultura organizativa.<\/p>\n\n\n\n<p>Por lo tanto, existen normas de cortes\u00eda y roles comunicativos que condicionan la forma y el tono de nuestra comunicaci\u00f3n. La cultura nos sirve para moldear qu\u00e9 se considera directo, amable o descort\u00e9s.<\/p>\n\n\n\n<h3 class=\"wp-block-heading\" id=\"3unenfoqueintegradorpensarensociedadrelacionarseconmente\">Un enfoque integrador: pensar en sociedad, relacionarse con mente<\/h3>\n\n\n\n<p>Obviamente, lo cognitivo y lo social no son compartimentos estancos.&nbsp;<strong>La mente interpreta dentro de marcos sociales<\/strong>&nbsp;y&nbsp;<strong>las normas sociales que solo operan porque la mente infiere intenciones, expectativas y l\u00edmites<\/strong>. De esta articulaci\u00f3n nace la competencia para ajustar registro, anticipar malentendidos y mantener la cooperaci\u00f3n.<\/p>\n\n\n\n<h3 class=\"wp-block-heading\" id=\"4sntesisfinal\">Para concluir<\/h3>\n\n\n\n<ol class=\"wp-block-list\">\n<li>La dimensi\u00f3n cognitiva muestra&nbsp;<strong>c\u00f3mo<\/strong>&nbsp;entendemos m\u00e1s all\u00e1 de lo literal.<\/li>\n\n\n\n<li>La dimensi\u00f3n social muestra&nbsp;<strong>por qu\u00e9<\/strong>&nbsp;ciertas formas son adecuadas en cada contexto.<\/li>\n\n\n\n<li>La pragm\u00e1tica integra ambas para explicar la comunicaci\u00f3n como actividad&nbsp;<strong>mental, social y contextual<\/strong>.<\/li>\n\n\n\n<li>eE lenguaje no solo transmite informaci\u00f3n:&nbsp;<strong>coordina acciones, expresa emociones, construye relaciones y da sentido al mundo compartido<\/strong>.<\/li>\n<\/ol>\n\n\n\n<h3 class=\"wp-block-heading\">Implicaci\u00f3n para la teor\u00eda y la pr\u00e1ctica<\/h3>\n\n\n\n<p>El reconocimiento de las dimensiones cognitiva y social tiene importantes consecuencias te\u00f3ricas:<\/p>\n\n\n\n<ul class=\"wp-block-list\">\n<li><strong>Interdisciplinariedad<\/strong>: la pragm\u00e1tica debe dialogar tanto con las ciencias cognitivas (psicolog\u00eda, neurociencia) como con las ciencias sociales (sociolog\u00eda, antropolog\u00eda, socioling\u00fc\u00edstica).<\/li>\n\n\n\n<li><strong>Modelos integrativos<\/strong>: las teor\u00edas pragm\u00e1ticas m\u00e1s completas son aquellas que logran articular principios cognitivos universales con mecanismos de variaci\u00f3n sociocultural.<\/li>\n\n\n\n<li><strong>Metodolog\u00eda plural<\/strong>: el estudio de la pragm\u00e1tica requiere tanto m\u00e9todos experimentales (para explorar procesos cognitivos) como m\u00e9todos etnogr\u00e1ficos y discursivos (para captar la variaci\u00f3n social).<\/li>\n<\/ul>\n\n\n\n<h3 class=\"wp-block-heading\" id=\"referencias\">Para saber m\u00e1s<\/h3>\n\n\n\n<ul class=\"wp-block-list\">\n<li>Ahern, A. K., Amen\u00f3s-Pons, J., &amp; Guijarro-Fuentes, P. (2024).&nbsp;<em>Pragmatics, grammar and meaning in SLA<\/em>. Cambridge University Press.&nbsp;<a href=\"https:\/\/doi.org\/10.1017\/9781009026888\">https:\/\/doi.org\/10.1017\/9781009026888<\/a><\/li>\n\n\n\n<li>Escandell Vidal, M. V. (2014).&nbsp;<em>La comunicaci\u00f3n: lengua, cognici\u00f3n y sociedad<\/em>. Akal.<\/li>\n\n\n\n<li>Escandell Vidal, M. V. (2020). L\u00e9xico, gram\u00e1tica y procesos cognitivos en la comunicaci\u00f3n ling\u00fc\u00edstica. En&nbsp;<em>Pragm\u00e1tica<\/em>&nbsp;(pp. 39\u201359). Akal.<\/li>\n\n\n\n<li>Shively, R. L. (2026).&nbsp;<em>Spanish-language pragmatics: a guide for teachers<\/em>. Routledge.&nbsp;<a href=\"https:\/\/doi.org\/10.4324\/9781315526775\">https:\/\/doi.org\/10.4324\/9781315526775<\/a><\/li>\n<\/ul>\n\n\n\n<p>&nbsp;<\/p>\n<p>&nbsp;<\/p>\n\n\n\n\n\n\n\n<p>\u00a0<\/p>\n<p>\u00a0<\/p>\n<p>\u00a0<\/p>\n<p>\u00a0<\/p>\n<p>\u00a0<\/p>\n\n\n","protected":false},"excerpt":{"rendered":"<p>En el estudio de la pragm\u00e1tica se reconocen dos grandes perspectivas que, lejos de oponerse, se completan mutuamente. Por un lado, la&nbsp;dimensi\u00f3n cognitiva, que considera el lenguaje como una capacidad mental que nos permite interpretar lo que otros quieren comunicar; por otro, la&nbsp;dimensi\u00f3n social, que entiende el lenguaje como una actividad situada, siempre inscrita en &hellip; <a href=\"https:\/\/urbinavolant.com\/pragmaubu\/2020\/02\/14\/la-pragmatica-entre-lo-social-y-lo-cognitivo\/\" class=\"more-link\">Continuar leyendo<span class=\"screen-reader-text\"> \u00abLa Pragm\u00e1tica, entre lo cognitivo y lo social\u00bb<\/span><\/a><\/p>\n","protected":false},"author":1,"featured_media":0,"comment_status":"open","ping_status":"open","sticky":false,"template":"","format":"standard","meta":{"jetpack_post_was_ever_published":false,"_jetpack_newsletter_access":"","_jetpack_dont_email_post_to_subs":false,"_jetpack_newsletter_tier_id":0,"_jetpack_memberships_contains_paywalled_content":false,"_jetpack_memberships_contains_paid_content":false,"footnotes":"","jetpack_publicize_message":"","jetpack_publicize_feature_enabled":true,"jetpack_social_post_already_shared":true,"jetpack_social_options":{"image_generator_settings":{"template":"highway","default_image_id":0,"font":"","enabled":false},"version":2}},"categories":[2],"tags":[],"class_list":["post-4476","post","type-post","status-publish","format-standard","hentry","category-pragmatica"],"jetpack_publicize_connections":[],"jetpack_featured_media_url":"","jetpack_sharing_enabled":true,"jetpack_shortlink":"https:\/\/wp.me\/p7dpbU-1ac","_links":{"self":[{"href":"https:\/\/urbinavolant.com\/pragmaubu\/wp-json\/wp\/v2\/posts\/4476","targetHints":{"allow":["GET"]}}],"collection":[{"href":"https:\/\/urbinavolant.com\/pragmaubu\/wp-json\/wp\/v2\/posts"}],"about":[{"href":"https:\/\/urbinavolant.com\/pragmaubu\/wp-json\/wp\/v2\/types\/post"}],"author":[{"embeddable":true,"href":"https:\/\/urbinavolant.com\/pragmaubu\/wp-json\/wp\/v2\/users\/1"}],"replies":[{"embeddable":true,"href":"https:\/\/urbinavolant.com\/pragmaubu\/wp-json\/wp\/v2\/comments?post=4476"}],"version-history":[{"count":3,"href":"https:\/\/urbinavolant.com\/pragmaubu\/wp-json\/wp\/v2\/posts\/4476\/revisions"}],"predecessor-version":[{"id":5729,"href":"https:\/\/urbinavolant.com\/pragmaubu\/wp-json\/wp\/v2\/posts\/4476\/revisions\/5729"}],"wp:attachment":[{"href":"https:\/\/urbinavolant.com\/pragmaubu\/wp-json\/wp\/v2\/media?parent=4476"}],"wp:term":[{"taxonomy":"category","embeddable":true,"href":"https:\/\/urbinavolant.com\/pragmaubu\/wp-json\/wp\/v2\/categories?post=4476"},{"taxonomy":"post_tag","embeddable":true,"href":"https:\/\/urbinavolant.com\/pragmaubu\/wp-json\/wp\/v2\/tags?post=4476"}],"curies":[{"name":"wp","href":"https:\/\/api.w.org\/{rel}","templated":true}]}}