{"id":4067,"date":"2018-01-12T18:27:31","date_gmt":"2018-01-12T17:27:31","guid":{"rendered":"http:\/\/urbinavolant.com\/pragmaubu\/?p=4067"},"modified":"2018-01-12T18:41:58","modified_gmt":"2018-01-12T17:41:58","slug":"la-dimension-social-de-los-actos-de-habla-indirectos","status":"publish","type":"post","link":"https:\/\/urbinavolant.com\/pragmaubu\/2018\/01\/12\/la-dimension-social-de-los-actos-de-habla-indirectos\/","title":{"rendered":"La dimensi\u00f3n social y cultural de los actos de habla indirectos"},"content":{"rendered":"<h3>Dimensi\u00f3n social de los actos indirectos<\/h3>\n<p style=\"text-align: justify;\">Es muy importante tener en cuenta que, en muchos idiomas y culturas, los actos de habla indirectos son una forma muy importante de manifestaci\u00f3n de la cortes\u00eda comunicativa.<\/p>\n<p style=\"text-align: justify;\">Por ejemplo, en la lengua inglesa el acto indirecto est\u00e1 muy asociado con la cortes\u00eda. Es un procedimiento que se emplea en situaciones de falta de familiaridad con los destinatarios. En muchos lugares p\u00fablicos, aparecen carteles con la expresi\u00f3n\u00a0<em>Thank you for not smoking<\/em> (gracias por no fumar). Expresar agradecimiento es m\u00e1s cort\u00e9s, educado y amable que expresar una prohibici\u00f3n como <em>No fumar<\/em>.<\/p>\n<p style=\"text-align: justify;\">Tambi\u00e9n tiene que ver, por ejemplo, con un contexto m\u00e1s o menos formales o la distancia con los interlocutores (estatus, rol, edad, g\u00e9nero, educaci\u00f3n, profesi\u00f3n, etnia, etc.). En el caso de la distancia social, que otorga poder y autoridad a los hablantes, el que tiene el papel menos dominante puede tener a usar m\u00e1s el acto indirecto.<\/p>\n<h3>Dimensi\u00f3n intercultural de los actos indirectos<\/h3>\n<p style=\"text-align: justify;\">Los actos de habla se encuentran estrechamente vinculados con la cultura.\u00a0Las formas de expresar los actos de habla var\u00edan de grupo social a grupo social, de pa\u00eds a pa\u00eds, de cultura a cultura. Este es un punto importante a tener en cuenta y es objeto de la <strong>Pragm\u00e1tica intercultural<\/strong>.<\/p>\n<p style=\"text-align: justify;\">Por ejemplo, en la India una expresi\u00f3n como <em>\u00a1Qu\u00e9 gordo est\u00e1s!<\/em> es un acto de alabanza porque el peso es, para ellos, indicador de prosperidad y salud. Sin embargo, en las civilizaciones occidentales en la actualidad esta expresi\u00f3n podr\u00eda interpretarse de forma negativa.<\/p>\n<p>&nbsp;<\/p>\n<p>&nbsp;<\/p>\n","protected":false},"excerpt":{"rendered":"<p>Dimensi\u00f3n social de los actos indirectos Es muy importante tener en cuenta que, en muchos idiomas y culturas, los actos de habla indirectos son una forma muy importante de manifestaci\u00f3n de la cortes\u00eda comunicativa. Por ejemplo, en la lengua inglesa el acto indirecto est\u00e1 muy asociado con la cortes\u00eda. Es un procedimiento que se emplea &hellip; <a href=\"https:\/\/urbinavolant.com\/pragmaubu\/2018\/01\/12\/la-dimension-social-de-los-actos-de-habla-indirectos\/\" class=\"more-link\">Continuar leyendo<span class=\"screen-reader-text\"> \u00abLa dimensi\u00f3n social y cultural de los actos de habla indirectos\u00bb<\/span><\/a><\/p>\n","protected":false},"author":1,"featured_media":0,"comment_status":"open","ping_status":"open","sticky":false,"template":"","format":"standard","meta":{"jetpack_post_was_ever_published":false,"_jetpack_newsletter_access":"","_jetpack_dont_email_post_to_subs":false,"_jetpack_newsletter_tier_id":0,"_jetpack_memberships_contains_paywalled_content":false,"_jetpack_memberships_contains_paid_content":false,"footnotes":"","jetpack_publicize_message":"","jetpack_publicize_feature_enabled":true,"jetpack_social_post_already_shared":true,"jetpack_social_options":{"image_generator_settings":{"template":"highway","default_image_id":0,"font":"","enabled":false},"version":2}},"categories":[2],"tags":[],"class_list":["post-4067","post","type-post","status-publish","format-standard","hentry","category-pragmatica"],"jetpack_publicize_connections":[],"jetpack_featured_media_url":"","jetpack_sharing_enabled":true,"jetpack_shortlink":"https:\/\/wp.me\/p7dpbU-13B","_links":{"self":[{"href":"https:\/\/urbinavolant.com\/pragmaubu\/wp-json\/wp\/v2\/posts\/4067","targetHints":{"allow":["GET"]}}],"collection":[{"href":"https:\/\/urbinavolant.com\/pragmaubu\/wp-json\/wp\/v2\/posts"}],"about":[{"href":"https:\/\/urbinavolant.com\/pragmaubu\/wp-json\/wp\/v2\/types\/post"}],"author":[{"embeddable":true,"href":"https:\/\/urbinavolant.com\/pragmaubu\/wp-json\/wp\/v2\/users\/1"}],"replies":[{"embeddable":true,"href":"https:\/\/urbinavolant.com\/pragmaubu\/wp-json\/wp\/v2\/comments?post=4067"}],"version-history":[{"count":4,"href":"https:\/\/urbinavolant.com\/pragmaubu\/wp-json\/wp\/v2\/posts\/4067\/revisions"}],"predecessor-version":[{"id":4073,"href":"https:\/\/urbinavolant.com\/pragmaubu\/wp-json\/wp\/v2\/posts\/4067\/revisions\/4073"}],"wp:attachment":[{"href":"https:\/\/urbinavolant.com\/pragmaubu\/wp-json\/wp\/v2\/media?parent=4067"}],"wp:term":[{"taxonomy":"category","embeddable":true,"href":"https:\/\/urbinavolant.com\/pragmaubu\/wp-json\/wp\/v2\/categories?post=4067"},{"taxonomy":"post_tag","embeddable":true,"href":"https:\/\/urbinavolant.com\/pragmaubu\/wp-json\/wp\/v2\/tags?post=4067"}],"curies":[{"name":"wp","href":"https:\/\/api.w.org\/{rel}","templated":true}]}}