{"id":3938,"date":"2016-05-12T07:36:40","date_gmt":"2016-05-12T06:36:40","guid":{"rendered":"http:\/\/urbinavolant.com\/pragmaubu\/?p=3938"},"modified":"2018-01-15T18:21:31","modified_gmt":"2018-01-15T17:21:31","slug":"la-descortesia-comunicativa","status":"publish","type":"post","link":"https:\/\/urbinavolant.com\/pragmaubu\/2016\/05\/12\/la-descortesia-comunicativa\/","title":{"rendered":"La (des)cortes\u00eda comunicativa"},"content":{"rendered":"<p style=\"text-align: justify;\">Algunas expectativas que tienen los hablantes no tienen que ver con la transmisi\u00f3n de informaci\u00f3n, sino con el modo de transmitir la informaci\u00f3n para mantener buenas relaciones entre los interlocutores.<\/p>\n<p style=\"text-align: justify;\">Aunque pueda parecer extra\u00f1o, decir la verdad puede resultar descort\u00e9s en determinadas circunstancias: para ello, existen procedimientos ling\u00fc\u00edsticos de atenuaci\u00f3n.<\/p>\n<h3>Cortes\u00eda social y cortes\u00eda ling\u00fc\u00edstica<\/h3>\n<p style=\"text-align: justify;\">La cortes\u00eda social tiene que ver con la \u201ceducaci\u00f3n\u201d y las \u201cbuenas maneras\u201d.\u00a0La cortes\u00eda comunicativa se basa en elementos ling\u00fc\u00edsticos para conseguir una comunicaci\u00f3n eficaz en la relaci\u00f3n entre emisores y receptores.<\/p>\n<p style=\"text-align: justify;\">Por lo tanto, cuando hablamos en Pragm\u00e1tica de cortes\u00eda no nos referimos a las reglas sociales de comportamiento (limpiarse la boca con la servilleta en vez de hacerlo con la mano, dejar sentarse a una persona mayor en el autob\u00fas), sino que nos referimos a las elecciones que realizamos en el \u00e1mbito comunicativo.<\/p>\n<p style=\"text-align: justify;\">El hablante quiere ser valorado positivamente (imagen positiva) y que no invadan su territorio (cortes\u00eda negativa). Adem\u00e1s,\u00a0tambi\u00e9n se preocupa de que su interlocutor se sienta apreciado y no sea tratado de forma negativa.<\/p>\n<p style=\"text-align: justify;\">La cortes\u00eda supone un equilibrio en el empleo de los mecanismos comunicativos\u00a0para conseguir lo que deseamos sin forzar en exceso al destinatario de nuestro mensaje. Hablar supone, pues, actuar sobre el interlocutor.<\/p>\n<h3 style=\"text-align: justify;\">La utilidad de la cortes\u00eda comunicativa<\/h3>\n<p style=\"text-align: justify;\">Hablar es hacer y esto supone, a veces, entrar en el territorio del otro.<\/p>\n<p style=\"text-align: justify;\">La cortes\u00eda sirve para combatir o anular las defensas que pueda tener nuestro interlocutor a entrar en su \u201cterritorio\u201d.\u00a0La descortes\u00eda intenta, por el contrario, levantar un muro para que no se invada o el territorio o atacar directamente al que se considera \u201cenemigo\u201d.<\/p>\n<h3 style=\"text-align: justify;\">Cortes\u00eda ritual y cortes\u00eda estrat\u00e9gica<\/h3>\n<ul>\n<li style=\"text-align: justify;\">La <b>cortes\u00eda ritual\u00a0<\/b>est\u00e1 fijada socialmente: los saludos, los agradecimientos, las felicitaciones, los cumplidos, etc.<\/li>\n<li style=\"text-align: justify;\">La <b>cortes\u00eda estrat\u00e9gica\u00a0<\/b>depende de la propia voluntad del hablante, que busca, la colaboraci\u00f3n del interlocutor, su buena disposici\u00f3n a escucharle, a atenderle, a prepararle para posibles recriminaciones, etc<i>.<\/i><\/li>\n<\/ul>\n<p style=\"text-align: justify;\">\n","protected":false},"excerpt":{"rendered":"<p>Algunas expectativas que tienen los hablantes no tienen que ver con la transmisi\u00f3n de informaci\u00f3n, sino con el modo de transmitir la informaci\u00f3n para mantener buenas relaciones entre los interlocutores. Aunque pueda parecer extra\u00f1o, decir la verdad puede resultar descort\u00e9s en determinadas circunstancias: para ello, existen procedimientos ling\u00fc\u00edsticos de atenuaci\u00f3n. Cortes\u00eda social y cortes\u00eda ling\u00fc\u00edstica &hellip; <a href=\"https:\/\/urbinavolant.com\/pragmaubu\/2016\/05\/12\/la-descortesia-comunicativa\/\" class=\"more-link\">Continuar leyendo<span class=\"screen-reader-text\"> \u00abLa (des)cortes\u00eda comunicativa\u00bb<\/span><\/a><\/p>\n","protected":false},"author":1,"featured_media":0,"comment_status":"open","ping_status":"open","sticky":false,"template":"","format":"standard","meta":{"jetpack_post_was_ever_published":false,"_jetpack_newsletter_access":"","_jetpack_dont_email_post_to_subs":false,"_jetpack_newsletter_tier_id":0,"_jetpack_memberships_contains_paywalled_content":false,"_jetpack_memberships_contains_paid_content":false,"footnotes":"","jetpack_publicize_message":"","jetpack_publicize_feature_enabled":true,"jetpack_social_post_already_shared":true,"jetpack_social_options":{"image_generator_settings":{"template":"highway","default_image_id":0,"font":"","enabled":false},"version":2}},"categories":[4,2],"tags":[],"class_list":["post-3938","post","type-post","status-publish","format-standard","hentry","category-comunicacion","category-pragmatica"],"jetpack_publicize_connections":[],"jetpack_featured_media_url":"","jetpack_sharing_enabled":true,"jetpack_shortlink":"https:\/\/wp.me\/p7dpbU-11w","_links":{"self":[{"href":"https:\/\/urbinavolant.com\/pragmaubu\/wp-json\/wp\/v2\/posts\/3938","targetHints":{"allow":["GET"]}}],"collection":[{"href":"https:\/\/urbinavolant.com\/pragmaubu\/wp-json\/wp\/v2\/posts"}],"about":[{"href":"https:\/\/urbinavolant.com\/pragmaubu\/wp-json\/wp\/v2\/types\/post"}],"author":[{"embeddable":true,"href":"https:\/\/urbinavolant.com\/pragmaubu\/wp-json\/wp\/v2\/users\/1"}],"replies":[{"embeddable":true,"href":"https:\/\/urbinavolant.com\/pragmaubu\/wp-json\/wp\/v2\/comments?post=3938"}],"version-history":[{"count":5,"href":"https:\/\/urbinavolant.com\/pragmaubu\/wp-json\/wp\/v2\/posts\/3938\/revisions"}],"predecessor-version":[{"id":4112,"href":"https:\/\/urbinavolant.com\/pragmaubu\/wp-json\/wp\/v2\/posts\/3938\/revisions\/4112"}],"wp:attachment":[{"href":"https:\/\/urbinavolant.com\/pragmaubu\/wp-json\/wp\/v2\/media?parent=3938"}],"wp:term":[{"taxonomy":"category","embeddable":true,"href":"https:\/\/urbinavolant.com\/pragmaubu\/wp-json\/wp\/v2\/categories?post=3938"},{"taxonomy":"post_tag","embeddable":true,"href":"https:\/\/urbinavolant.com\/pragmaubu\/wp-json\/wp\/v2\/tags?post=3938"}],"curies":[{"name":"wp","href":"https:\/\/api.w.org\/{rel}","templated":true}]}}