{"id":3788,"date":"2016-03-28T12:07:56","date_gmt":"2016-03-28T11:07:56","guid":{"rendered":"http:\/\/urbinavolant.com\/pragmaubu\/?p=3788"},"modified":"2016-03-28T12:16:38","modified_gmt":"2016-03-28T11:16:38","slug":"acto-de-habla-ilocutivo","status":"publish","type":"post","link":"https:\/\/urbinavolant.com\/pragmaubu\/2016\/03\/28\/acto-de-habla-ilocutivo\/","title":{"rendered":"Acto de habla ilocutivo"},"content":{"rendered":"<h3>El acto de habla ilocutivo seg\u00fan Austin<\/h3>\n<p style=\"text-align: justify;\">Para Austin, el acto de habla ilocutivo es el acto que tiene lugar al decir algo. Este acto que se produce al decir algo supone una informaci\u00f3n, una amenaza, un consejo, una advertencia, etc.<\/p>\n<p style=\"text-align: justify;\">Como se ver\u00e1 tanto en este tema como en el siguiente, la performatividad de la ilocuci\u00f3n puede venir expresada directamente, puede estar expresada de otra manera (acto de habla indirecto) o puede, simplemente, no estar expresada (implicatura).<\/p>\n<h3 style=\"text-align: justify;\">El acto de habla ilocutivo seg\u00fan\u00a0Searle<\/h3>\n<p style=\"text-align: justify;\">Searle (1977) califica al acto de habla ilocutivo como la unidad m\u00ednima de comunicaci\u00f3n ling\u00fc\u00edstica:<\/p>\n<blockquote>\n<p style=\"text-align: justify;\">La unidad de comunicaci\u00f3n ling\u00fc\u00edstica no es, como generalmente se ha supuesto, ni un s\u00edmbolo ni la palabra ni la oraci\u00f3n, ni tan siquiera la instan\u00adcia del s\u00edmbolo, palabra u oraci\u00f3n, sino m\u00e1s bien lo que cons\u00adtituye la unidad b\u00e1sica de la comunica\u00adci\u00f3n ling\u00fc\u00edstica es la <i>producci\u00f3n<\/i> de la instancia en la realizaci\u00f3n del acto de habla. Para estable\u00adcer m\u00e1s precisamente este punto: la producci\u00f3n de la oraci\u00f3n instancia bajo ciertas condicio\u00adnes es el acto ilocucionario, y el acto ilocucionario es la unidad m\u00ednima de la comunicaci\u00f3n ling\u00fc\u00edstica.<\/p>\n<\/blockquote>\n<p style=\"margin-left: 24pt; text-indent: -24.0pt;\">Searle, J. R. (1977). <i><a href=\"http:\/\/www.upv.es\/sma\/teoria\/sma\/speech\/Que%20es%20un%20acto%20de%20habla.pdf\" target=\"_blank\">\u00bfQu\u00e9 es un acto de habla?<\/a><\/i> Valencia: Revista Teorema, p\u00e1g. 14.<\/p>\n<p style=\"text-align: justify;\">Para Searle, el acto de habla ilocutivo consiste en enunciar frases en determinados contextos y situaciones. Ha de tener unas condiciones:<\/p>\n<ul>\n<li style=\"text-align: justify;\">Preparatorias. La persona que ejecuta el acto de habla ha de ser la persona adecuada para hacerlo.<\/li>\n<li style=\"text-align: justify;\">De sinceridad. La persona que ejecuta el acto de habla ha de ser sincera.<\/li>\n<li style=\"text-align: justify;\">Condiciones esenciales. La persona que ejecuta el acto de habla ha de tener la intenci\u00f3n de que llegue al receptor la fuerza ilocutiva de su enunciaci\u00f3n.<\/li>\n<\/ul>\n<h3 style=\"text-align: justify;\">La fuerza ilocutiva<\/h3>\n<p style=\"text-align: justify;\">Una de las cuestiones centrales en lo que a los actos de habla ilocutivos se refiere es la noci\u00f3n de <i>fuerza <\/i><i>ilocutiva<\/i>.<\/p>\n<p style=\"text-align: justify;\">La fuerza ilocutiva es la que sostiene que dichos actos producen un cierto efecto en el receptor que ser\u00eda la base del acto perlocutivo.\u00a0La fuerza ilocutiva se cumple cuando se dan todos los requisitos para que el emisor haya realizado un acto de habla seg\u00fan unas condiciones dadas y unas circunstancias apropiadas.<\/p>\n<p>&nbsp;<\/p>\n","protected":false},"excerpt":{"rendered":"<p>El acto de habla ilocutivo seg\u00fan Austin Para Austin, el acto de habla ilocutivo es el acto que tiene lugar al decir algo. Este acto que se produce al decir algo supone una informaci\u00f3n, una amenaza, un consejo, una advertencia, etc. Como se ver\u00e1 tanto en este tema como en el siguiente, la performatividad de &hellip; <a href=\"https:\/\/urbinavolant.com\/pragmaubu\/2016\/03\/28\/acto-de-habla-ilocutivo\/\" class=\"more-link\">Continuar leyendo<span class=\"screen-reader-text\"> \u00abActo de habla ilocutivo\u00bb<\/span><\/a><\/p>\n","protected":false},"author":1,"featured_media":0,"comment_status":"open","ping_status":"open","sticky":false,"template":"","format":"standard","meta":{"jetpack_post_was_ever_published":false,"_jetpack_newsletter_access":"","_jetpack_dont_email_post_to_subs":false,"_jetpack_newsletter_tier_id":0,"_jetpack_memberships_contains_paywalled_content":false,"_jetpack_memberships_contains_paid_content":false,"footnotes":"","jetpack_publicize_message":"","jetpack_publicize_feature_enabled":true,"jetpack_social_post_already_shared":true,"jetpack_social_options":{"image_generator_settings":{"template":"highway","default_image_id":0,"font":"","enabled":false},"version":2}},"categories":[2],"tags":[],"class_list":["post-3788","post","type-post","status-publish","format-standard","hentry","category-pragmatica"],"jetpack_publicize_connections":[],"jetpack_featured_media_url":"","jetpack_sharing_enabled":true,"jetpack_shortlink":"https:\/\/wp.me\/p7dpbU-Z6","_links":{"self":[{"href":"https:\/\/urbinavolant.com\/pragmaubu\/wp-json\/wp\/v2\/posts\/3788","targetHints":{"allow":["GET"]}}],"collection":[{"href":"https:\/\/urbinavolant.com\/pragmaubu\/wp-json\/wp\/v2\/posts"}],"about":[{"href":"https:\/\/urbinavolant.com\/pragmaubu\/wp-json\/wp\/v2\/types\/post"}],"author":[{"embeddable":true,"href":"https:\/\/urbinavolant.com\/pragmaubu\/wp-json\/wp\/v2\/users\/1"}],"replies":[{"embeddable":true,"href":"https:\/\/urbinavolant.com\/pragmaubu\/wp-json\/wp\/v2\/comments?post=3788"}],"version-history":[{"count":2,"href":"https:\/\/urbinavolant.com\/pragmaubu\/wp-json\/wp\/v2\/posts\/3788\/revisions"}],"predecessor-version":[{"id":3795,"href":"https:\/\/urbinavolant.com\/pragmaubu\/wp-json\/wp\/v2\/posts\/3788\/revisions\/3795"}],"wp:attachment":[{"href":"https:\/\/urbinavolant.com\/pragmaubu\/wp-json\/wp\/v2\/media?parent=3788"}],"wp:term":[{"taxonomy":"category","embeddable":true,"href":"https:\/\/urbinavolant.com\/pragmaubu\/wp-json\/wp\/v2\/categories?post=3788"},{"taxonomy":"post_tag","embeddable":true,"href":"https:\/\/urbinavolant.com\/pragmaubu\/wp-json\/wp\/v2\/tags?post=3788"}],"curies":[{"name":"wp","href":"https:\/\/api.w.org\/{rel}","templated":true}]}}