{"id":3785,"date":"2016-03-28T11:54:39","date_gmt":"2016-03-28T10:54:39","guid":{"rendered":"http:\/\/urbinavolant.com\/pragmaubu\/?p=3785"},"modified":"2020-03-03T09:17:13","modified_gmt":"2020-03-03T08:17:13","slug":"acto-de-habla-locutivo","status":"publish","type":"post","link":"https:\/\/urbinavolant.com\/pragmaubu\/2016\/03\/28\/acto-de-habla-locutivo\/","title":{"rendered":"Acto de habla locutivo"},"content":{"rendered":"<h3 style=\"text-align: justify;\">Austin y el acto de habla locutivo<\/h3>\n<p style=\"text-align: justify;\">Para Austin, el acto de habla locutivo es el acto de decir algo.\u00a0Es\u00a0 una actividad en la que se emiten unos ruidos (fon\u00e9tica), con unas determinadas reglas de construcci\u00f3n (sintaxis) y con un significado determinado (sem\u00e1ntica).<\/p>\n<p style=\"text-align: justify;\">Por ello, el acto de habla locutivo est\u00e1 compuesto de tres subactos:<\/p>\n<ul>\n<li style=\"text-align: justify;\"><b>Acto fon\u00e9tico<\/b>. Acto de emitir ciertos ruidos o sonidos.<\/li>\n<li style=\"text-align: justify;\"><b>Acto f\u00e1tico<\/b>. Acto de articular ciertos sonidos pertenecientes a un vocabulario y emitirlos conforme a una construcci\u00f3n gramatical determinada.<\/li>\n<li style=\"text-align: justify;\"><b>Acto r\u00e9tico<\/b>. Acto de usar tales vocablos con un sentido y una referencia.<\/li>\n<\/ul>\n<h3 style=\"text-align: justify;\">Searle y el acto de habla locutivo<\/h3>\n<p style=\"text-align: justify;\">Podemos relacionar el acto locutivo de Austin con dos tipos de actos de habla que distingue Searle:<\/p>\n<ul>\n<li style=\"text-align: justify;\">Acto de emisi\u00f3n (corresponde a los actos fon\u00e9ticos y f\u00e1ticos de Austin). Acto de enunciar palabras, morfemas, oraciones, etc.<\/li>\n<li style=\"text-align: justify;\">Acto proposicional (corresponde al acto r\u00e9tico de Austin). Dividido por Searle en dos: el acto de referencia y el acto de predicaci\u00f3n.<\/li>\n<\/ul>\n","protected":false},"excerpt":{"rendered":"<p>Austin y el acto de habla locutivo Para Austin, el acto de habla locutivo es el acto de decir algo.\u00a0Es\u00a0 una actividad en la que se emiten unos ruidos (fon\u00e9tica), con unas determinadas reglas de construcci\u00f3n (sintaxis) y con un significado determinado (sem\u00e1ntica). Por ello, el acto de habla locutivo est\u00e1 compuesto de tres subactos: &hellip; <a href=\"https:\/\/urbinavolant.com\/pragmaubu\/2016\/03\/28\/acto-de-habla-locutivo\/\" class=\"more-link\">Continuar leyendo<span class=\"screen-reader-text\"> \u00abActo de habla locutivo\u00bb<\/span><\/a><\/p>\n","protected":false},"author":1,"featured_media":0,"comment_status":"open","ping_status":"open","sticky":false,"template":"","format":"standard","meta":{"jetpack_post_was_ever_published":false,"_jetpack_newsletter_access":"","_jetpack_dont_email_post_to_subs":false,"_jetpack_newsletter_tier_id":0,"_jetpack_memberships_contains_paywalled_content":false,"_jetpack_memberships_contains_paid_content":false,"footnotes":"","jetpack_publicize_message":"","jetpack_publicize_feature_enabled":true,"jetpack_social_post_already_shared":true,"jetpack_social_options":{"image_generator_settings":{"template":"highway","default_image_id":0,"font":"","enabled":false},"version":2}},"categories":[2],"tags":[],"class_list":["post-3785","post","type-post","status-publish","format-standard","hentry","category-pragmatica"],"jetpack_publicize_connections":[],"jetpack_featured_media_url":"","jetpack_sharing_enabled":true,"jetpack_shortlink":"https:\/\/wp.me\/p7dpbU-Z3","_links":{"self":[{"href":"https:\/\/urbinavolant.com\/pragmaubu\/wp-json\/wp\/v2\/posts\/3785","targetHints":{"allow":["GET"]}}],"collection":[{"href":"https:\/\/urbinavolant.com\/pragmaubu\/wp-json\/wp\/v2\/posts"}],"about":[{"href":"https:\/\/urbinavolant.com\/pragmaubu\/wp-json\/wp\/v2\/types\/post"}],"author":[{"embeddable":true,"href":"https:\/\/urbinavolant.com\/pragmaubu\/wp-json\/wp\/v2\/users\/1"}],"replies":[{"embeddable":true,"href":"https:\/\/urbinavolant.com\/pragmaubu\/wp-json\/wp\/v2\/comments?post=3785"}],"version-history":[{"count":2,"href":"https:\/\/urbinavolant.com\/pragmaubu\/wp-json\/wp\/v2\/posts\/3785\/revisions"}],"predecessor-version":[{"id":4495,"href":"https:\/\/urbinavolant.com\/pragmaubu\/wp-json\/wp\/v2\/posts\/3785\/revisions\/4495"}],"wp:attachment":[{"href":"https:\/\/urbinavolant.com\/pragmaubu\/wp-json\/wp\/v2\/media?parent=3785"}],"wp:term":[{"taxonomy":"category","embeddable":true,"href":"https:\/\/urbinavolant.com\/pragmaubu\/wp-json\/wp\/v2\/categories?post=3785"},{"taxonomy":"post_tag","embeddable":true,"href":"https:\/\/urbinavolant.com\/pragmaubu\/wp-json\/wp\/v2\/tags?post=3785"}],"curies":[{"name":"wp","href":"https:\/\/api.w.org\/{rel}","templated":true}]}}