{"id":3774,"date":"2016-03-28T11:35:50","date_gmt":"2016-03-28T10:35:50","guid":{"rendered":"http:\/\/urbinavolant.com\/pragmaubu\/?p=3774"},"modified":"2018-03-13T10:09:03","modified_gmt":"2018-03-13T09:09:03","slug":"la-importancia-de-los-actos-de-habla","status":"publish","type":"post","link":"https:\/\/urbinavolant.com\/pragmaubu\/2016\/03\/28\/la-importancia-de-los-actos-de-habla\/","title":{"rendered":"La importancia de los actos de habla"},"content":{"rendered":"<p style=\"text-align: justify;\">Dieter Wunderlich explica de manera di\u00e1fana la importancia que tiene la teor\u00eda de los actos de habla para el estudio ling\u00fc\u00edstico:<\/p>\n<blockquote>\n<p style=\"text-align: justify;\">I regard the notion of &#8216;speech act&#8217; as one of the most fruitful notions of contemporary linguistic theorizing. It orients our scientific endeavors towards the function of language in human communication. In doing so, it allows for a combination of different methods and fields of linguistic, as well as of philosophical investigation, such as, e. g., the theory of grammar, the theory of meaning and the theory of discourse.<\/p>\n<\/blockquote>\n<p style=\"margin-left: 24pt; text-indent: -24pt; text-align: justify;\">Wunderlich, D. (1980). Methodological Remarks on Speech Act Theory. In J. R. Searle, F. Kiefer, &amp; M. Bierwisch (eds.), <i>Speech Act Theory and Pragmatics<\/i> (pp. 291\u2013312). Dordrecht: D. Reidel Publishing Company.<\/p>\n","protected":false},"excerpt":{"rendered":"<p>Dieter Wunderlich explica de manera di\u00e1fana la importancia que tiene la teor\u00eda de los actos de habla para el estudio ling\u00fc\u00edstico: I regard the notion of &#8216;speech act&#8217; as one of the most fruitful notions of contemporary linguistic theorizing. It orients our scientific endeavors towards the function of language in human communication. In doing so, &hellip; <a href=\"https:\/\/urbinavolant.com\/pragmaubu\/2016\/03\/28\/la-importancia-de-los-actos-de-habla\/\" class=\"more-link\">Continuar leyendo<span class=\"screen-reader-text\"> \u00abLa importancia de los actos de habla\u00bb<\/span><\/a><\/p>\n","protected":false},"author":1,"featured_media":0,"comment_status":"open","ping_status":"open","sticky":false,"template":"","format":"standard","meta":{"jetpack_post_was_ever_published":false,"_jetpack_newsletter_access":"","_jetpack_dont_email_post_to_subs":false,"_jetpack_newsletter_tier_id":0,"_jetpack_memberships_contains_paywalled_content":false,"_jetpack_memberships_contains_paid_content":false,"footnotes":"","jetpack_publicize_message":"","jetpack_publicize_feature_enabled":true,"jetpack_social_post_already_shared":true,"jetpack_social_options":{"image_generator_settings":{"template":"highway","default_image_id":0,"font":"","enabled":false},"version":2}},"categories":[2],"tags":[],"class_list":["post-3774","post","type-post","status-publish","format-standard","hentry","category-pragmatica"],"jetpack_publicize_connections":[],"jetpack_featured_media_url":"","jetpack_sharing_enabled":true,"jetpack_shortlink":"https:\/\/wp.me\/p7dpbU-YS","_links":{"self":[{"href":"https:\/\/urbinavolant.com\/pragmaubu\/wp-json\/wp\/v2\/posts\/3774","targetHints":{"allow":["GET"]}}],"collection":[{"href":"https:\/\/urbinavolant.com\/pragmaubu\/wp-json\/wp\/v2\/posts"}],"about":[{"href":"https:\/\/urbinavolant.com\/pragmaubu\/wp-json\/wp\/v2\/types\/post"}],"author":[{"embeddable":true,"href":"https:\/\/urbinavolant.com\/pragmaubu\/wp-json\/wp\/v2\/users\/1"}],"replies":[{"embeddable":true,"href":"https:\/\/urbinavolant.com\/pragmaubu\/wp-json\/wp\/v2\/comments?post=3774"}],"version-history":[{"count":2,"href":"https:\/\/urbinavolant.com\/pragmaubu\/wp-json\/wp\/v2\/posts\/3774\/revisions"}],"predecessor-version":[{"id":4280,"href":"https:\/\/urbinavolant.com\/pragmaubu\/wp-json\/wp\/v2\/posts\/3774\/revisions\/4280"}],"wp:attachment":[{"href":"https:\/\/urbinavolant.com\/pragmaubu\/wp-json\/wp\/v2\/media?parent=3774"}],"wp:term":[{"taxonomy":"category","embeddable":true,"href":"https:\/\/urbinavolant.com\/pragmaubu\/wp-json\/wp\/v2\/categories?post=3774"},{"taxonomy":"post_tag","embeddable":true,"href":"https:\/\/urbinavolant.com\/pragmaubu\/wp-json\/wp\/v2\/tags?post=3774"}],"curies":[{"name":"wp","href":"https:\/\/api.w.org\/{rel}","templated":true}]}}