{"id":3764,"date":"2016-03-13T20:16:15","date_gmt":"2016-03-13T19:16:15","guid":{"rendered":"http:\/\/urbinavolant.com\/pragmaubu\/?p=3764"},"modified":"2024-11-27T19:05:37","modified_gmt":"2024-11-27T18:05:37","slug":"condiciones-de-enunciacion-de-las-expresiones-performativas","status":"publish","type":"post","link":"https:\/\/urbinavolant.com\/pragmaubu\/2016\/03\/13\/condiciones-de-enunciacion-de-las-expresiones-performativas\/","title":{"rendered":"Condiciones de enunciaci\u00f3n de las expresiones performativas"},"content":{"rendered":"\n<p>Las expresiones performativas no pueden evaluarse en t\u00e9rminos de verdad y falsedad, sino de \u00e9xito o de fracaso, de adecuaci\u00f3n o no adecuaci\u00f3n a las circunstancias en las que la se produce la enunciaci\u00f3n.<\/p>\n\n\n\n<p>As\u00ed, aunque los enunciados performativos no pueden ser juzgados en funci\u00f3n de su veracidad o falsedad, s\u00ed pueden considerarse adecuados o inadecuados. El criterio para definir si un performativo se cumple es si es \u00abafortunado\u00bb o \u00abdesafortunado\u00bb, es decir, si cumple satisfactoriamente \u2013o no\u2013 su cometido. Por esa raz\u00f3n, Austin hablaba de unas condiciones que se requieren para que los enunciados performativos sean \u00abafortunados\u00bb.<\/p>\n\n\n\n<p>Las condiciones para el \u00e9xito de una expresi\u00f3n performativa seg\u00fan Austin son las siguientes:<\/p>\n\n\n\n<ol class=\"wp-block-list\">\n<li>Tiene que existir un <strong>procedimiento<\/strong>, reconocido por una convenci\u00f3n, dotado de un cierto efecto y que comprenda la enunciaci\u00f3n de ciertas palabras proferidas por ciertas personas en ciertas circunstancias.<\/li>\n\n\n\n<li>Las <strong>personas<\/strong> y las <strong>circunstancias particulares<\/strong> deben ser aquellas a las que se invoca o se pueda invocar en este proceso.<\/li>\n\n\n\n<li>Es necesario que se produzca una <strong>ejecuci\u00f3n correcta<\/strong> del procedimiento por todos los participantes.<\/li>\n\n\n\n<li>Es necesario que esta <strong>ejecuci\u00f3n<\/strong>, adem\u00e1s de correcta, se produzca de manera <strong>\u00edntegra<\/strong> por todos los participantes.<\/li>\n\n\n\n<li>Los participantes tienen que <strong>tener la intenci\u00f3n de\u00a0adoptar el comportamiento esperado\u00a0<\/strong>en esa situaci\u00f3n y esta ejecuci\u00f3n.<\/li>\n\n\n\n<li>Por \u00faltimo, los participantes <strong>tienen que adoptar, realmente, el comportamiento que se espera de ellos<\/strong>.<\/li>\n<\/ol>\n\n\n\n<p>Por el contrario, existen tambi\u00e9n expresiones aparentemente performativas que, por no cumplir las condiciones anteriores, suponen un fracaso.<\/p>\n\n\n\n<ol class=\"wp-block-list\">\n<li><strong>Acto nulo:\u00a0<\/strong><em>Me divorcio de ti<\/em>. Puede manifestar unas intenciones del hablante, pero no es plenamente performativo de forma convencional porque no existe una f\u00f3rmula que, con este enunciado, produzca el efecto legal del divorcio.<\/li>\n\n\n\n<li><strong>Mala aplicaci\u00f3n<\/strong>.\u00a0Si la persona que bautiza a un ni\u00f1o no tiene esa potestad (o si el ni\u00f1o en cuesti\u00f3n no es el que tiene que ser bautizado).<\/li>\n\n\n\n<li><strong>Mala ejecuci\u00f3n<\/strong>. Si el oficiante de un acto invierte el orden (un juez no puede condenar y luego pedir testigos). Tambi\u00e9n se produce si omite alguno de los pasos en el proceso de un juramento (imaginemos una boda en la que se omite alguno de los pasos necesarios).<\/li>\n\n\n\n<li><strong>Acto insincero<\/strong>. <em>Me alegro mucho de tu ascenso<\/em> (sin embargo, esta alegr\u00eda dista mucho de ser verdadera).<\/li>\n\n\n\n<li><strong>Incumplimiento<\/strong>. <em>Te prometo que no he sido yo el que te ha rozado el coche<\/em> (sin embargo, es mentira). Tambi\u00e9n el realizar una promesa sin tener la intenci\u00f3n de cumplirla.<\/li>\n<\/ol>\n\n\n\n<p>Aunque no desarrollaremos todo este conjunto de fracasos en la preferencia de expresiones performativas, dejamos el siguiente esquema de todos los casos posibles:<\/p>\n\n\n<div class=\"wp-block-image\">\n<figure class=\"aligncenter size-large\"><img loading=\"lazy\" decoding=\"async\" width=\"1024\" height=\"793\" src=\"https:\/\/urbinavolant.com\/pragmaubu\/wp-content\/uploads\/2021\/03\/Captura-de-pantalla-2021-03-10-a-las-12.02.22-1024x793.png\" alt=\"\" class=\"wp-image-4933\" srcset=\"https:\/\/urbinavolant.com\/pragmaubu\/wp-content\/uploads\/2021\/03\/Captura-de-pantalla-2021-03-10-a-las-12.02.22-1024x793.png 1024w, https:\/\/urbinavolant.com\/pragmaubu\/wp-content\/uploads\/2021\/03\/Captura-de-pantalla-2021-03-10-a-las-12.02.22-300x232.png 300w, https:\/\/urbinavolant.com\/pragmaubu\/wp-content\/uploads\/2021\/03\/Captura-de-pantalla-2021-03-10-a-las-12.02.22-768x595.png 768w, https:\/\/urbinavolant.com\/pragmaubu\/wp-content\/uploads\/2021\/03\/Captura-de-pantalla-2021-03-10-a-las-12.02.22.png 1069w\" sizes=\"auto, (max-width: 709px) 85vw, (max-width: 909px) 67vw, (max-width: 1362px) 62vw, 840px\" \/><\/figure>\n<\/div>\n\n\n<p>&nbsp;Para Searle, hay una condici\u00f3n general para todos los actos de habla: el oyente debe o\u00edr y comprender el lenguaje, y el hablante no debe fingir ni actuar.<\/p>\n\n\n\n<div class=\"page\" title=\"Page 4\">\n<p style=\"text-align: justify;\">Por \u00faltimo, recordemos que los performativos pueden dividirse en performativos expl\u00edcitos y performativos impl\u00edcitos. Los performativos expl\u00edcitos son performativos que contienen un verbo performativo que hace expl\u00edcito qu\u00e9 tipo de acto se est\u00e1 realizando. Por el contrario, los performativos impl\u00edcitos son performativos en los que no existe dicho verbo.<\/p>\n<p>V\u00e9ase la diferencia:<\/p>\n<blockquote>\n<p>Yo os declaro marido y mujer.<\/p>\n<p>\u00bfPor qu\u00e9 no te vas de paseo?<\/p>\n<p>Te invito al cine.<\/p>\n<p>\u00bfNos vamos a correr ma\u00f1ana por la ma\u00f1ana?<\/p>\n<\/blockquote>\n<\/div>\n","protected":false},"excerpt":{"rendered":"<p>Las expresiones performativas no pueden evaluarse en t\u00e9rminos de verdad y falsedad, sino de \u00e9xito o de fracaso, de adecuaci\u00f3n o no adecuaci\u00f3n a las circunstancias en las que la se produce la enunciaci\u00f3n. As\u00ed, aunque los enunciados performativos no pueden ser juzgados en funci\u00f3n de su veracidad o falsedad, s\u00ed pueden considerarse adecuados o &hellip; <a href=\"https:\/\/urbinavolant.com\/pragmaubu\/2016\/03\/13\/condiciones-de-enunciacion-de-las-expresiones-performativas\/\" class=\"more-link\">Continuar leyendo<span class=\"screen-reader-text\"> \u00abCondiciones de enunciaci\u00f3n de las expresiones performativas\u00bb<\/span><\/a><\/p>\n","protected":false},"author":1,"featured_media":0,"comment_status":"open","ping_status":"open","sticky":false,"template":"","format":"standard","meta":{"jetpack_post_was_ever_published":false,"_jetpack_newsletter_access":"","_jetpack_dont_email_post_to_subs":false,"_jetpack_newsletter_tier_id":0,"_jetpack_memberships_contains_paywalled_content":false,"_jetpack_memberships_contains_paid_content":false,"footnotes":"","jetpack_publicize_message":"","jetpack_publicize_feature_enabled":true,"jetpack_social_post_already_shared":true,"jetpack_social_options":{"image_generator_settings":{"template":"highway","default_image_id":0,"font":"","enabled":false},"version":2}},"categories":[2],"tags":[],"class_list":["post-3764","post","type-post","status-publish","format-standard","hentry","category-pragmatica"],"jetpack_publicize_connections":[],"jetpack_featured_media_url":"","jetpack_sharing_enabled":true,"jetpack_shortlink":"https:\/\/wp.me\/p7dpbU-YI","_links":{"self":[{"href":"https:\/\/urbinavolant.com\/pragmaubu\/wp-json\/wp\/v2\/posts\/3764","targetHints":{"allow":["GET"]}}],"collection":[{"href":"https:\/\/urbinavolant.com\/pragmaubu\/wp-json\/wp\/v2\/posts"}],"about":[{"href":"https:\/\/urbinavolant.com\/pragmaubu\/wp-json\/wp\/v2\/types\/post"}],"author":[{"embeddable":true,"href":"https:\/\/urbinavolant.com\/pragmaubu\/wp-json\/wp\/v2\/users\/1"}],"replies":[{"embeddable":true,"href":"https:\/\/urbinavolant.com\/pragmaubu\/wp-json\/wp\/v2\/comments?post=3764"}],"version-history":[{"count":9,"href":"https:\/\/urbinavolant.com\/pragmaubu\/wp-json\/wp\/v2\/posts\/3764\/revisions"}],"predecessor-version":[{"id":5450,"href":"https:\/\/urbinavolant.com\/pragmaubu\/wp-json\/wp\/v2\/posts\/3764\/revisions\/5450"}],"wp:attachment":[{"href":"https:\/\/urbinavolant.com\/pragmaubu\/wp-json\/wp\/v2\/media?parent=3764"}],"wp:term":[{"taxonomy":"category","embeddable":true,"href":"https:\/\/urbinavolant.com\/pragmaubu\/wp-json\/wp\/v2\/categories?post=3764"},{"taxonomy":"post_tag","embeddable":true,"href":"https:\/\/urbinavolant.com\/pragmaubu\/wp-json\/wp\/v2\/tags?post=3764"}],"curies":[{"name":"wp","href":"https:\/\/api.w.org\/{rel}","templated":true}]}}