{"id":3679,"date":"2016-02-12T08:15:02","date_gmt":"2016-02-12T07:15:02","guid":{"rendered":"http:\/\/urbinavolant.com\/pragmaubu\/?p=3679"},"modified":"2026-01-24T13:27:19","modified_gmt":"2026-01-24T12:27:19","slug":"la-pragmatica-en-la-semiotica-de-morris","status":"publish","type":"post","link":"https:\/\/urbinavolant.com\/pragmaubu\/2016\/02\/12\/la-pragmatica-en-la-semiotica-de-morris\/","title":{"rendered":"La Pragm\u00e1tica en la Semi\u00f3tica de Morris"},"content":{"rendered":"\n<p><em>El contenido de este apartado se ha mejorado el d\u00eda 24 de enero de 2026.<\/em><\/p>\n\n\n<div class=\"wp-block-image\">\n<figure class=\"aligncenter\"><a href=\"http:\/\/urbinavolant.com\/pragmaubu\/wp-content\/uploads\/2016\/02\/semi\u00f3ticamorris.png\" rel=\"attachment wp-att-3680\"><img loading=\"lazy\" decoding=\"async\" width=\"1024\" height=\"857\" src=\"http:\/\/urbinavolant.com\/pragmaubu\/wp-content\/uploads\/2016\/02\/semi\u00f3ticamorris-1024x857.png\" alt=\"semi\u00f3ticamorris\" class=\"wp-image-3680\" srcset=\"https:\/\/urbinavolant.com\/pragmaubu\/wp-content\/uploads\/2016\/02\/semi\u00f3ticamorris-1024x857.png 1024w, https:\/\/urbinavolant.com\/pragmaubu\/wp-content\/uploads\/2016\/02\/semi\u00f3ticamorris-300x251.png 300w, https:\/\/urbinavolant.com\/pragmaubu\/wp-content\/uploads\/2016\/02\/semi\u00f3ticamorris-768x643.png 768w, https:\/\/urbinavolant.com\/pragmaubu\/wp-content\/uploads\/2016\/02\/semi\u00f3ticamorris-1200x1004.png 1200w, https:\/\/urbinavolant.com\/pragmaubu\/wp-content\/uploads\/2016\/02\/semi\u00f3ticamorris.png 1618w\" sizes=\"auto, (max-width: 709px) 85vw, (max-width: 909px) 67vw, (max-width: 1362px) 62vw, 840px\" \/><\/a><\/figure>\n<\/div>\n\n\n<p><\/p>\n\n\n\n<div>\n<p>\u00a0<\/p>\n<p>Charles Morris, en <em>Foundations of the Theory of Signs<\/em> (1938), propuso una concepci\u00f3n integradora de la semi\u00f3tica entendida como el estudio general de los signos. Para describir este \u00e1mbito, distingui\u00f3 tres dimensiones complementarias que permiten analizar el funcionamiento de cualquier sistema semi\u00f3tico:<\/p>\n<ul>\n<li><strong>Sintaxis<\/strong>, relaci\u00f3n de los signos entre s\u00ed.<\/li>\n<li><strong>Sem\u00e1ntica<\/strong>, relaci\u00f3n de los signos con aquello a lo que remiten (el referente).<\/li>\n<li><strong>Pragm\u00e1tica<\/strong>, relaci\u00f3n de los signos con sus int\u00e9rpretes (es decir, con sus usuarios)<\/li>\n<\/ul>\n<p>Esta triple divisi\u00f3n introduce una perspectiva funcional que va m\u00e1s all\u00e1 del an\u00e1lisis de las unidades aisladas y atiende al modo en que los signos se articulan, significan e influyen en quienes los interpretan.<\/p>\n<p>Morris subray\u00f3 adem\u00e1s que la pragm\u00e1tica debe considerar <strong>el papel del contexto<\/strong>, puesto que las condiciones situacionales y cognitivas determinan c\u00f3mo los signos son comprendidos y utilizados.<\/p>\n<p>Conviene se\u00f1alar que la <strong>sintaxis<\/strong> en sentido semi\u00f3tico no coincide plenamente con la sintaxis en los estudios gramaticales. Mientras que la sintaxis gramatical se ocupa de las reglas que organizan las unidades ling\u00fc\u00edsticas dentro de una lengua concreta, la sintaxis semi\u00f3tica de Morris es <strong>m\u00e1s amplia<\/strong> y estudia cualquier tipo de relaci\u00f3n formal entre signos, sea cual sea el sistema en el que aparecen.<\/p>\n<p>La propuesta de Morris resulta especialmente relevante para la pragm\u00e1tica contempor\u00e1nea, ya que establece el marco conceptual que permite comprender por qu\u00e9 el significado no depende \u00fanicamente de lo dicho, sino tambi\u00e9n de c\u00f3mo se interpreta y en qu\u00e9 condiciones se produce el acto comunicativo.<\/p>\n<\/div>\n","protected":false},"excerpt":{"rendered":"","protected":false},"author":1,"featured_media":0,"comment_status":"open","ping_status":"open","sticky":false,"template":"","format":"standard","meta":{"jetpack_post_was_ever_published":false,"_jetpack_newsletter_access":"","_jetpack_dont_email_post_to_subs":false,"_jetpack_newsletter_tier_id":0,"_jetpack_memberships_contains_paywalled_content":false,"_jetpack_memberships_contains_paid_content":false,"footnotes":"","jetpack_publicize_message":"","jetpack_publicize_feature_enabled":true,"jetpack_social_post_already_shared":true,"jetpack_social_options":{"image_generator_settings":{"template":"highway","default_image_id":0,"font":"","enabled":false},"version":2}},"categories":[4,2],"tags":[],"class_list":["post-3679","post","type-post","status-publish","format-standard","hentry","category-comunicacion","category-pragmatica"],"jetpack_publicize_connections":[],"jetpack_featured_media_url":"","jetpack_sharing_enabled":true,"jetpack_shortlink":"https:\/\/wp.me\/p7dpbU-Xl","_links":{"self":[{"href":"https:\/\/urbinavolant.com\/pragmaubu\/wp-json\/wp\/v2\/posts\/3679","targetHints":{"allow":["GET"]}}],"collection":[{"href":"https:\/\/urbinavolant.com\/pragmaubu\/wp-json\/wp\/v2\/posts"}],"about":[{"href":"https:\/\/urbinavolant.com\/pragmaubu\/wp-json\/wp\/v2\/types\/post"}],"author":[{"embeddable":true,"href":"https:\/\/urbinavolant.com\/pragmaubu\/wp-json\/wp\/v2\/users\/1"}],"replies":[{"embeddable":true,"href":"https:\/\/urbinavolant.com\/pragmaubu\/wp-json\/wp\/v2\/comments?post=3679"}],"version-history":[{"count":3,"href":"https:\/\/urbinavolant.com\/pragmaubu\/wp-json\/wp\/v2\/posts\/3679\/revisions"}],"predecessor-version":[{"id":5667,"href":"https:\/\/urbinavolant.com\/pragmaubu\/wp-json\/wp\/v2\/posts\/3679\/revisions\/5667"}],"wp:attachment":[{"href":"https:\/\/urbinavolant.com\/pragmaubu\/wp-json\/wp\/v2\/media?parent=3679"}],"wp:term":[{"taxonomy":"category","embeddable":true,"href":"https:\/\/urbinavolant.com\/pragmaubu\/wp-json\/wp\/v2\/categories?post=3679"},{"taxonomy":"post_tag","embeddable":true,"href":"https:\/\/urbinavolant.com\/pragmaubu\/wp-json\/wp\/v2\/tags?post=3679"}],"curies":[{"name":"wp","href":"https:\/\/api.w.org\/{rel}","templated":true}]}}