{"id":78,"date":"2026-01-31T17:58:21","date_gmt":"2026-01-31T17:58:21","guid":{"rendered":"https:\/\/urbinavolant.com\/lecturapoetica\/?p=78"},"modified":"2026-01-31T18:29:24","modified_gmt":"2026-01-31T18:29:24","slug":"extras","status":"publish","type":"post","link":"https:\/\/urbinavolant.com\/lecturapoetica\/index.php\/2026\/01\/31\/extras\/","title":{"rendered":"Extras"},"content":{"rendered":"\n<figure class=\"wp-block-image size-large\"><img loading=\"lazy\" decoding=\"async\" width=\"1024\" height=\"443\" src=\"https:\/\/urbinavolant.com\/lecturapoetica\/wp-content\/uploads\/2026\/01\/patriciabenito-1024x443.png\" alt=\"\" class=\"wp-image-82\" srcset=\"https:\/\/urbinavolant.com\/lecturapoetica\/wp-content\/uploads\/2026\/01\/patriciabenito-1024x443.png 1024w, https:\/\/urbinavolant.com\/lecturapoetica\/wp-content\/uploads\/2026\/01\/patriciabenito-300x130.png 300w, https:\/\/urbinavolant.com\/lecturapoetica\/wp-content\/uploads\/2026\/01\/patriciabenito-768x332.png 768w, https:\/\/urbinavolant.com\/lecturapoetica\/wp-content\/uploads\/2026\/01\/patriciabenito-624x270.png 624w, https:\/\/urbinavolant.com\/lecturapoetica\/wp-content\/uploads\/2026\/01\/patriciabenito.png 1528w\" sizes=\"auto, (max-width: 1024px) 100vw, 1024px\" \/><\/figure>\n\n\n\n<h2 class=\"wp-block-heading\">La poes\u00eda de Patricia Benito<\/h2>\n\n\n\n<ul class=\"wp-block-list\">\n<li>Poes\u00eda \u00edntima y sincera, nacida de emociones y experiencias personales, que encuentra siempre la empat\u00eda con el lector.<\/li>\n\n\n\n<li>Lenguaje claro, sencillo, sin artificios, con honestidad emocional.<\/li>\n\n\n\n<li>Temas como el amor, el desamor, la ausencia, la despedida, el duelo. Los silencios y las soledades que nos deja el amor.<\/li>\n\n\n\n<li>La poes\u00eda se acerca al bar, a la rutina, al miedo, al deseo, a la inseguridad.<\/li>\n\n\n\n<li>Y tambi\u00e9n una batalla interna consigo misma, pero tambi\u00e9n como autoafirmaci\u00f3n y el empoderamiento.<\/li>\n\n\n\n<li>Poemas contradictorios, como nosotros.<\/li>\n\n\n\n<li>Paso del tiempo, nostalgia, pero tambi\u00e9n la invitaci\u00f3n a vivir.<\/li>\n<\/ul>\n\n\n\n<h2 class=\"wp-block-heading\">Texto 1<\/h2>\n\n\n\n<p><strong>NAC\u00cd EN UNA ISLA Y NO S\u00c9 NADAR<\/strong> (Patricia Benito)<\/p>\n\n\n\n<p>He vivido en tres ciudades, nueve hogares y alguna casa. Me he enamorado una vez. He bajado corriendo de un tren en llamas y he visto explotar una bomba. No creo en las cosas que duran para siempre. O s\u00ed, no lo s\u00e9. Las fresas, con leche condensada. Cada cierto tiempo necesito cambiar cosas de sitio, ya sean muebles, personas o toda mi vida. Si no viajo, no puedo respirar. Tengo incontinencia sentiverbal. Me pierdo en cualquier atardecer, a ser posible con mar. Prequiero demasiado r\u00e1pido y desquiero demasiado lento. No recuerdo la \u00faltima vez que me dorm\u00ed pronto. Mido el tiempo en medias cervezas y no hago planes a m\u00e1s de cerveza y media. Lloro en las manifestaciones cuando oigo a Labordeta. Te necesito cerca, pero no encima. Siempre voy con el m\u00e1s d\u00e9bil. No imagino un mundo sin queso, ni sin chocolate. Casi siempre es mejor dar que recibir, y no estoy hablando de sexo; no solo de sexo. La reina de mi casa es una gata coja que no para de ronronear. La empat\u00eda deber\u00eda mover el mundo, no solo el m\u00edo.<\/p>\n\n\n\n<h2 class=\"wp-block-heading\">Texto 2<\/h2>\n\n\n\n<p><strong>TENGO QUE<\/strong> &#8211; Fragmento (Patricia Benito)<\/p>\n\n\n\n<p>Vive, joder. Vive.<br>Y si algo no te gusta, c\u00e1mbialo.<br>Y si algo te da miedo, sup\u00e9ralo.<br>Y si algo te enamora, ag\u00e1rralo.\u00abTengo que\u00bb nunca es un buen comienzo.<\/p>\n\n\n\n<p>No hagas nada que empiece con estas palabras.<br>\u00abQuiero\/amo\/me flipa\/voy\/puedo\u00bb<br>es la mejor manera de construir tus frases,<br>tus d\u00edas y toda tu vida.<\/p>\n\n\n\n<h2 class=\"wp-block-heading\">Texto 3<\/h2>\n\n\n\n<p><strong>MENOS MAL<\/strong> &#8211; Fragmento (Patricia Benito)<\/p>\n\n\n\n<p>Hoy he madrugado.<br>Y llamo madrugar a cualquier cosa que implique despertador.<br>He desayunado, dos veces.<br>Me han abrazado, tres.<br>He ido en el metro sin mirar el m\u00f3vil.<br>He observado a la gente<br>y me han sonre\u00eddo un mont\u00f3n.<br>Hoy estaba Madrid de buen humor.<br>[\u2026]<br>Ahora son las once de la noche,<br>estoy oyendo a Sabina sentada en el suelo<br>y no he hecho nada<br>de lo que ten\u00eda pensado para hoy.<\/p>\n\n\n\n<h2 class=\"wp-block-heading\">Texto 4<\/h2>\n\n\n\n<p><strong>A TIRO <\/strong>(Patricia Benito)<\/p>\n\n\n\n<p><br>Alejo mi cuerpo del tuyo,<br>aunque mi alma siga en \u00e9l.<br>Aunque se adhiera<br>a tu ser,<br>a tu recuerdo,<br>aunque se imante a tus huesos.<br>Intento atraer mi mente hacia otro lugar:<br>m\u00e1s calmado, m\u00e1s iluminado,<br>m\u00e1s alejado de ti.<br>Por inercia te olvidar\u00e1,<br>no queda otra.<br>Tus rincones no son habitables:<br>son oscuros y h\u00famedos,<br>agrestes y escarpados;<br>en ellos siempre se est\u00e1 a tiro.<br>No hay quien se sienta segura<br>en este amor<br>que abre la ventana solo a ratos,<br>airea la alcoba y la tristeza,<br>y vuelve a expulsarme de all\u00ed<\/p>\n\n\n\n<h2 class=\"wp-block-heading\">Texto 5<\/h2>\n\n\n\n<p><strong>\u00c9RASE UNA VEZ <\/strong>(Patricia Benito)<\/p>\n\n\n\n<p>Para vaciarse<br>es suficiente con una p\u00e1gina en blanco.<br>Todos necesitamos un sitio donde poder soltar.<br>No importan los borrones,<br>hasta los borrones sirven.<br>Mejor tachado que ara\u00f1ando dentro.<br>Y nunca nos fue mal<br>poner un poco de orden.<br>\u00bfQu\u00e9 me dec\u00eds?<br>\u00bfEmpezamos cuento nuevo?<br><em>                                                \u00c9rase una vez&#8230;<\/em><\/p>\n","protected":false},"excerpt":{"rendered":"<p>La poes\u00eda de Patricia Benito Texto 1 NAC\u00cd EN UNA ISLA Y NO S\u00c9 NADAR (Patricia Benito) He vivido en tres ciudades, nueve hogares y alguna casa. Me he enamorado una vez. He bajado corriendo de un tren en llamas y he visto explotar una bomba. No creo en las cosas que duran para siempre. [&hellip;]<\/p>\n","protected":false},"author":1,"featured_media":0,"comment_status":"open","ping_status":"open","sticky":false,"template":"","format":"standard","meta":{"_jetpack_memberships_contains_paid_content":false,"footnotes":""},"categories":[1],"tags":[],"class_list":["post-78","post","type-post","status-publish","format-standard","hentry","category-uncategorized"],"yoast_head":"<!-- This site is optimized with the Yoast SEO plugin v27.2 - https:\/\/yoast.com\/product\/yoast-seo-wordpress\/ -->\n<title>Extras - Experiencias de lectura po\u00e9tica<\/title>\n<meta name=\"robots\" content=\"index, follow, max-snippet:-1, max-image-preview:large, max-video-preview:-1\" \/>\n<link rel=\"canonical\" href=\"https:\/\/urbinavolant.com\/lecturapoetica\/index.php\/2026\/01\/31\/extras\/\" \/>\n<meta property=\"og:locale\" content=\"es_ES\" \/>\n<meta property=\"og:type\" content=\"article\" \/>\n<meta property=\"og:title\" content=\"Extras - Experiencias de lectura po\u00e9tica\" \/>\n<meta property=\"og:description\" content=\"La poes\u00eda de Patricia Benito Texto 1 NAC\u00cd EN UNA ISLA Y NO S\u00c9 NADAR (Patricia Benito) He vivido en tres ciudades, nueve hogares y alguna casa. Me he enamorado una vez. He bajado corriendo de un tren en llamas y he visto explotar una bomba. No creo en las cosas que duran para siempre. [&hellip;]\" \/>\n<meta property=\"og:url\" content=\"https:\/\/urbinavolant.com\/lecturapoetica\/index.php\/2026\/01\/31\/extras\/\" \/>\n<meta property=\"og:site_name\" content=\"Experiencias de lectura po\u00e9tica\" \/>\n<meta property=\"article:published_time\" content=\"2026-01-31T17:58:21+00:00\" \/>\n<meta property=\"article:modified_time\" content=\"2026-01-31T18:29:24+00:00\" \/>\n<meta property=\"og:image\" content=\"https:\/\/urbinavolant.com\/lecturapoetica\/wp-content\/uploads\/2026\/01\/patriciabenito.png\" \/>\n\t<meta property=\"og:image:width\" content=\"1528\" \/>\n\t<meta property=\"og:image:height\" content=\"661\" \/>\n\t<meta property=\"og:image:type\" content=\"image\/png\" \/>\n<meta name=\"author\" content=\"admin\" \/>\n<meta name=\"twitter:card\" content=\"summary_large_image\" \/>\n<meta name=\"twitter:label1\" content=\"Escrito por\" \/>\n\t<meta name=\"twitter:data1\" content=\"admin\" \/>\n\t<meta name=\"twitter:label2\" content=\"Tiempo de lectura\" \/>\n\t<meta name=\"twitter:data2\" content=\"3 minutos\" \/>\n<script type=\"application\/ld+json\" class=\"yoast-schema-graph\">{\"@context\":\"https:\/\/schema.org\",\"@graph\":[{\"@type\":\"Article\",\"@id\":\"https:\/\/urbinavolant.com\/lecturapoetica\/index.php\/2026\/01\/31\/extras\/#article\",\"isPartOf\":{\"@id\":\"https:\/\/urbinavolant.com\/lecturapoetica\/index.php\/2026\/01\/31\/extras\/\"},\"author\":{\"name\":\"admin\",\"@id\":\"https:\/\/urbinavolant.com\/lecturapoetica\/#\/schema\/person\/07486efa7706ad7e35909b766066247b\"},\"headline\":\"Extras\",\"datePublished\":\"2026-01-31T17:58:21+00:00\",\"dateModified\":\"2026-01-31T18:29:24+00:00\",\"mainEntityOfPage\":{\"@id\":\"https:\/\/urbinavolant.com\/lecturapoetica\/index.php\/2026\/01\/31\/extras\/\"},\"wordCount\":616,\"commentCount\":0,\"image\":{\"@id\":\"https:\/\/urbinavolant.com\/lecturapoetica\/index.php\/2026\/01\/31\/extras\/#primaryimage\"},\"thumbnailUrl\":\"https:\/\/urbinavolant.com\/lecturapoetica\/wp-content\/uploads\/2026\/01\/patriciabenito-1024x443.png\",\"articleSection\":[\"Uncategorized\"],\"inLanguage\":\"es\",\"potentialAction\":[{\"@type\":\"CommentAction\",\"name\":\"Comment\",\"target\":[\"https:\/\/urbinavolant.com\/lecturapoetica\/index.php\/2026\/01\/31\/extras\/#respond\"]}]},{\"@type\":\"WebPage\",\"@id\":\"https:\/\/urbinavolant.com\/lecturapoetica\/index.php\/2026\/01\/31\/extras\/\",\"url\":\"https:\/\/urbinavolant.com\/lecturapoetica\/index.php\/2026\/01\/31\/extras\/\",\"name\":\"Extras - Experiencias de lectura po\u00e9tica\",\"isPartOf\":{\"@id\":\"https:\/\/urbinavolant.com\/lecturapoetica\/#website\"},\"primaryImageOfPage\":{\"@id\":\"https:\/\/urbinavolant.com\/lecturapoetica\/index.php\/2026\/01\/31\/extras\/#primaryimage\"},\"image\":{\"@id\":\"https:\/\/urbinavolant.com\/lecturapoetica\/index.php\/2026\/01\/31\/extras\/#primaryimage\"},\"thumbnailUrl\":\"https:\/\/urbinavolant.com\/lecturapoetica\/wp-content\/uploads\/2026\/01\/patriciabenito-1024x443.png\",\"datePublished\":\"2026-01-31T17:58:21+00:00\",\"dateModified\":\"2026-01-31T18:29:24+00:00\",\"author\":{\"@id\":\"https:\/\/urbinavolant.com\/lecturapoetica\/#\/schema\/person\/07486efa7706ad7e35909b766066247b\"},\"breadcrumb\":{\"@id\":\"https:\/\/urbinavolant.com\/lecturapoetica\/index.php\/2026\/01\/31\/extras\/#breadcrumb\"},\"inLanguage\":\"es\",\"potentialAction\":[{\"@type\":\"ReadAction\",\"target\":[\"https:\/\/urbinavolant.com\/lecturapoetica\/index.php\/2026\/01\/31\/extras\/\"]}]},{\"@type\":\"ImageObject\",\"inLanguage\":\"es\",\"@id\":\"https:\/\/urbinavolant.com\/lecturapoetica\/index.php\/2026\/01\/31\/extras\/#primaryimage\",\"url\":\"https:\/\/urbinavolant.com\/lecturapoetica\/wp-content\/uploads\/2026\/01\/patriciabenito.png\",\"contentUrl\":\"https:\/\/urbinavolant.com\/lecturapoetica\/wp-content\/uploads\/2026\/01\/patriciabenito.png\",\"width\":1528,\"height\":661},{\"@type\":\"BreadcrumbList\",\"@id\":\"https:\/\/urbinavolant.com\/lecturapoetica\/index.php\/2026\/01\/31\/extras\/#breadcrumb\",\"itemListElement\":[{\"@type\":\"ListItem\",\"position\":1,\"name\":\"Portada\",\"item\":\"https:\/\/urbinavolant.com\/lecturapoetica\/\"},{\"@type\":\"ListItem\",\"position\":2,\"name\":\"Extras\"}]},{\"@type\":\"WebSite\",\"@id\":\"https:\/\/urbinavolant.com\/lecturapoetica\/#website\",\"url\":\"https:\/\/urbinavolant.com\/lecturapoetica\/\",\"name\":\"Experiencias de lectura po\u00e9tica\",\"description\":\"Sesiones de la Universidad de la Experiencia de la Universidad de Burgos\",\"potentialAction\":[{\"@type\":\"SearchAction\",\"target\":{\"@type\":\"EntryPoint\",\"urlTemplate\":\"https:\/\/urbinavolant.com\/lecturapoetica\/?s={search_term_string}\"},\"query-input\":{\"@type\":\"PropertyValueSpecification\",\"valueRequired\":true,\"valueName\":\"search_term_string\"}}],\"inLanguage\":\"es\"},{\"@type\":\"Person\",\"@id\":\"https:\/\/urbinavolant.com\/lecturapoetica\/#\/schema\/person\/07486efa7706ad7e35909b766066247b\",\"name\":\"admin\",\"image\":{\"@type\":\"ImageObject\",\"inLanguage\":\"es\",\"@id\":\"https:\/\/secure.gravatar.com\/avatar\/21d3e60c40d9543da4ac5e2ac1e82727d5dd42c851863dd1d7c08607dce7373a?s=96&d=mm&r=g\",\"url\":\"https:\/\/secure.gravatar.com\/avatar\/21d3e60c40d9543da4ac5e2ac1e82727d5dd42c851863dd1d7c08607dce7373a?s=96&d=mm&r=g\",\"contentUrl\":\"https:\/\/secure.gravatar.com\/avatar\/21d3e60c40d9543da4ac5e2ac1e82727d5dd42c851863dd1d7c08607dce7373a?s=96&d=mm&r=g\",\"caption\":\"admin\"},\"sameAs\":[\"https:\/\/urbinavolant.com\/lecturapoetica\"],\"url\":\"https:\/\/urbinavolant.com\/lecturapoetica\/index.php\/author\/rauf\/\"}]}<\/script>\n<!-- \/ Yoast SEO plugin. -->","yoast_head_json":{"title":"Extras - Experiencias de lectura po\u00e9tica","robots":{"index":"index","follow":"follow","max-snippet":"max-snippet:-1","max-image-preview":"max-image-preview:large","max-video-preview":"max-video-preview:-1"},"canonical":"https:\/\/urbinavolant.com\/lecturapoetica\/index.php\/2026\/01\/31\/extras\/","og_locale":"es_ES","og_type":"article","og_title":"Extras - Experiencias de lectura po\u00e9tica","og_description":"La poes\u00eda de Patricia Benito Texto 1 NAC\u00cd EN UNA ISLA Y NO S\u00c9 NADAR (Patricia Benito) He vivido en tres ciudades, nueve hogares y alguna casa. Me he enamorado una vez. He bajado corriendo de un tren en llamas y he visto explotar una bomba. No creo en las cosas que duran para siempre. [&hellip;]","og_url":"https:\/\/urbinavolant.com\/lecturapoetica\/index.php\/2026\/01\/31\/extras\/","og_site_name":"Experiencias de lectura po\u00e9tica","article_published_time":"2026-01-31T17:58:21+00:00","article_modified_time":"2026-01-31T18:29:24+00:00","og_image":[{"width":1528,"height":661,"url":"https:\/\/urbinavolant.com\/lecturapoetica\/wp-content\/uploads\/2026\/01\/patriciabenito.png","type":"image\/png"}],"author":"admin","twitter_card":"summary_large_image","twitter_misc":{"Escrito por":"admin","Tiempo de lectura":"3 minutos"},"schema":{"@context":"https:\/\/schema.org","@graph":[{"@type":"Article","@id":"https:\/\/urbinavolant.com\/lecturapoetica\/index.php\/2026\/01\/31\/extras\/#article","isPartOf":{"@id":"https:\/\/urbinavolant.com\/lecturapoetica\/index.php\/2026\/01\/31\/extras\/"},"author":{"name":"admin","@id":"https:\/\/urbinavolant.com\/lecturapoetica\/#\/schema\/person\/07486efa7706ad7e35909b766066247b"},"headline":"Extras","datePublished":"2026-01-31T17:58:21+00:00","dateModified":"2026-01-31T18:29:24+00:00","mainEntityOfPage":{"@id":"https:\/\/urbinavolant.com\/lecturapoetica\/index.php\/2026\/01\/31\/extras\/"},"wordCount":616,"commentCount":0,"image":{"@id":"https:\/\/urbinavolant.com\/lecturapoetica\/index.php\/2026\/01\/31\/extras\/#primaryimage"},"thumbnailUrl":"https:\/\/urbinavolant.com\/lecturapoetica\/wp-content\/uploads\/2026\/01\/patriciabenito-1024x443.png","articleSection":["Uncategorized"],"inLanguage":"es","potentialAction":[{"@type":"CommentAction","name":"Comment","target":["https:\/\/urbinavolant.com\/lecturapoetica\/index.php\/2026\/01\/31\/extras\/#respond"]}]},{"@type":"WebPage","@id":"https:\/\/urbinavolant.com\/lecturapoetica\/index.php\/2026\/01\/31\/extras\/","url":"https:\/\/urbinavolant.com\/lecturapoetica\/index.php\/2026\/01\/31\/extras\/","name":"Extras - Experiencias de lectura po\u00e9tica","isPartOf":{"@id":"https:\/\/urbinavolant.com\/lecturapoetica\/#website"},"primaryImageOfPage":{"@id":"https:\/\/urbinavolant.com\/lecturapoetica\/index.php\/2026\/01\/31\/extras\/#primaryimage"},"image":{"@id":"https:\/\/urbinavolant.com\/lecturapoetica\/index.php\/2026\/01\/31\/extras\/#primaryimage"},"thumbnailUrl":"https:\/\/urbinavolant.com\/lecturapoetica\/wp-content\/uploads\/2026\/01\/patriciabenito-1024x443.png","datePublished":"2026-01-31T17:58:21+00:00","dateModified":"2026-01-31T18:29:24+00:00","author":{"@id":"https:\/\/urbinavolant.com\/lecturapoetica\/#\/schema\/person\/07486efa7706ad7e35909b766066247b"},"breadcrumb":{"@id":"https:\/\/urbinavolant.com\/lecturapoetica\/index.php\/2026\/01\/31\/extras\/#breadcrumb"},"inLanguage":"es","potentialAction":[{"@type":"ReadAction","target":["https:\/\/urbinavolant.com\/lecturapoetica\/index.php\/2026\/01\/31\/extras\/"]}]},{"@type":"ImageObject","inLanguage":"es","@id":"https:\/\/urbinavolant.com\/lecturapoetica\/index.php\/2026\/01\/31\/extras\/#primaryimage","url":"https:\/\/urbinavolant.com\/lecturapoetica\/wp-content\/uploads\/2026\/01\/patriciabenito.png","contentUrl":"https:\/\/urbinavolant.com\/lecturapoetica\/wp-content\/uploads\/2026\/01\/patriciabenito.png","width":1528,"height":661},{"@type":"BreadcrumbList","@id":"https:\/\/urbinavolant.com\/lecturapoetica\/index.php\/2026\/01\/31\/extras\/#breadcrumb","itemListElement":[{"@type":"ListItem","position":1,"name":"Portada","item":"https:\/\/urbinavolant.com\/lecturapoetica\/"},{"@type":"ListItem","position":2,"name":"Extras"}]},{"@type":"WebSite","@id":"https:\/\/urbinavolant.com\/lecturapoetica\/#website","url":"https:\/\/urbinavolant.com\/lecturapoetica\/","name":"Experiencias de lectura po\u00e9tica","description":"Sesiones de la Universidad de la Experiencia de la Universidad de Burgos","potentialAction":[{"@type":"SearchAction","target":{"@type":"EntryPoint","urlTemplate":"https:\/\/urbinavolant.com\/lecturapoetica\/?s={search_term_string}"},"query-input":{"@type":"PropertyValueSpecification","valueRequired":true,"valueName":"search_term_string"}}],"inLanguage":"es"},{"@type":"Person","@id":"https:\/\/urbinavolant.com\/lecturapoetica\/#\/schema\/person\/07486efa7706ad7e35909b766066247b","name":"admin","image":{"@type":"ImageObject","inLanguage":"es","@id":"https:\/\/secure.gravatar.com\/avatar\/21d3e60c40d9543da4ac5e2ac1e82727d5dd42c851863dd1d7c08607dce7373a?s=96&d=mm&r=g","url":"https:\/\/secure.gravatar.com\/avatar\/21d3e60c40d9543da4ac5e2ac1e82727d5dd42c851863dd1d7c08607dce7373a?s=96&d=mm&r=g","contentUrl":"https:\/\/secure.gravatar.com\/avatar\/21d3e60c40d9543da4ac5e2ac1e82727d5dd42c851863dd1d7c08607dce7373a?s=96&d=mm&r=g","caption":"admin"},"sameAs":["https:\/\/urbinavolant.com\/lecturapoetica"],"url":"https:\/\/urbinavolant.com\/lecturapoetica\/index.php\/author\/rauf\/"}]}},"jetpack_featured_media_url":"","jetpack_sharing_enabled":true,"_links":{"self":[{"href":"https:\/\/urbinavolant.com\/lecturapoetica\/index.php\/wp-json\/wp\/v2\/posts\/78","targetHints":{"allow":["GET"]}}],"collection":[{"href":"https:\/\/urbinavolant.com\/lecturapoetica\/index.php\/wp-json\/wp\/v2\/posts"}],"about":[{"href":"https:\/\/urbinavolant.com\/lecturapoetica\/index.php\/wp-json\/wp\/v2\/types\/post"}],"author":[{"embeddable":true,"href":"https:\/\/urbinavolant.com\/lecturapoetica\/index.php\/wp-json\/wp\/v2\/users\/1"}],"replies":[{"embeddable":true,"href":"https:\/\/urbinavolant.com\/lecturapoetica\/index.php\/wp-json\/wp\/v2\/comments?post=78"}],"version-history":[{"count":5,"href":"https:\/\/urbinavolant.com\/lecturapoetica\/index.php\/wp-json\/wp\/v2\/posts\/78\/revisions"}],"predecessor-version":[{"id":91,"href":"https:\/\/urbinavolant.com\/lecturapoetica\/index.php\/wp-json\/wp\/v2\/posts\/78\/revisions\/91"}],"wp:attachment":[{"href":"https:\/\/urbinavolant.com\/lecturapoetica\/index.php\/wp-json\/wp\/v2\/media?parent=78"}],"wp:term":[{"taxonomy":"category","embeddable":true,"href":"https:\/\/urbinavolant.com\/lecturapoetica\/index.php\/wp-json\/wp\/v2\/categories?post=78"},{"taxonomy":"post_tag","embeddable":true,"href":"https:\/\/urbinavolant.com\/lecturapoetica\/index.php\/wp-json\/wp\/v2\/tags?post=78"}],"curies":[{"name":"wp","href":"https:\/\/api.w.org\/{rel}","templated":true}]}}