{"id":58,"date":"2026-01-31T12:54:17","date_gmt":"2026-01-31T12:54:17","guid":{"rendered":"https:\/\/urbinavolant.com\/lecturapoetica\/?p=58"},"modified":"2026-03-25T15:28:26","modified_gmt":"2026-03-25T15:28:26","slug":"sesion-4","status":"publish","type":"post","link":"https:\/\/urbinavolant.com\/lecturapoetica\/index.php\/2026\/01\/31\/sesion-4\/","title":{"rendered":"Sesi\u00f3n 4"},"content":{"rendered":"\n<p>Poetas de ahora mismo<\/p>\n\n\n\n<figure class=\"wp-block-image size-full is-resized\"><img loading=\"lazy\" decoding=\"async\" width=\"455\" height=\"699\" src=\"https:\/\/urbinavolant.com\/lecturapoetica\/wp-content\/uploads\/2026\/01\/Captura-de-pantalla-2026-03-22-a-las-13.36.44.png\" alt=\"\" class=\"wp-image-154\" style=\"width:300px\" srcset=\"https:\/\/urbinavolant.com\/lecturapoetica\/wp-content\/uploads\/2026\/01\/Captura-de-pantalla-2026-03-22-a-las-13.36.44.png 455w, https:\/\/urbinavolant.com\/lecturapoetica\/wp-content\/uploads\/2026\/01\/Captura-de-pantalla-2026-03-22-a-las-13.36.44-195x300.png 195w\" sizes=\"auto, (max-width: 455px) 100vw, 455px\" \/><\/figure>\n\n\n\n<p>Marqu\u00e9s, J. (Ed.). (2025).&nbsp;<em>E<\/em><a href=\"https:\/\/fundacionjmlara.es\/libros\/el-tiempo-esta-cambiando-juan-marques\/\"><em>l tiempo est\u00e1 cambiando: Nueva poes\u00eda espa\u00f1ola<\/em>.<\/a> Fundaci\u00f3n Jos\u00e9 Manuel Lara.<\/p>\n\n\n\n<p><strong><em>El tiempo est\u00e1 cambiando. Nueva poes\u00eda espa\u00f1ola<\/em><\/strong>&nbsp;es una antolog\u00eda que re\u00fane a veintisiete poetas nacidos en la d\u00e9cada de 1990, una generaci\u00f3n que ha tra\u00eddo a la poes\u00eda en nuestra lengua una enorme diversidad de tonos, est\u00e9ticas y preocupaciones.&nbsp;<strong>Estos autores j\u00f3venes demuestran que la poes\u00eda de calidad no es patrimonio exclusivo de las generaciones consagradas<\/strong>, sino que se renueva con voces que combinan&nbsp;<strong>experimentalismo<\/strong>,&nbsp;<strong>rigor m\u00e9trico<\/strong>,&nbsp;<strong>iron\u00eda digital<\/strong>,&nbsp;<strong>confesi\u00f3n \u00edntima<\/strong>&nbsp;y un&nbsp;<strong>compromiso renovado con el mundo contempor\u00e1neo<\/strong>. El libro ofrece un mapa representativo de la creaci\u00f3n po\u00e9tica espa\u00f1ola m\u00e1s reciente, entendida como un aut\u00e9ntico&nbsp;<em>\u00abmosaico de intensidades\u00bb<\/em>, t\u00e9rmino empleado por la cr\u00edtica para describir la variedad expresiva que recoge el libro.<\/p>\n\n\n\n<p>Estos poetas escriben desde un presente marcado por la precariedad, la incertidumbre y la hiperconexi\u00f3n tecnol\u00f3gica, pero tambi\u00e9n desde una sensibilidad que entrelaza tradici\u00f3n y actualidad: lo \u00edntimo y lo cotidiano, la cultura digital, el humor, la memoria o las tensiones de la vida urbana.\u00a0<strong>Renuevan temas cl\u00e1sicos como el amor, el cuerpo o la identidad desde miradas frescas, valientes y plenamente contempor\u00e1neas<\/strong>, y lo hacen con una accesibilidad que conecta con lectores de todas las edades. La cr\u00edtica ha subrayado que esta generaci\u00f3n asume la fugacidad del tiempo sin caer en el nihilismo, y que su escritura es una de las pruebas m\u00e1s claras de que\u00a0<strong>la poes\u00eda joven espa\u00f1ola vive un momento de madurez creativa y de extraordinaria vitalidad<\/strong>.<\/p>\n\n\n\n<p><\/p>\n\n\n\n<h2 class=\"wp-block-heading\">Texto 1<\/h2>\n\n\n\n<p><strong>LA PLANTA M\u00cdNIMA<\/strong> (Juan F. Riberro)<br><br>As\u00ed, <br>como la planta m\u00ednima <br>que entre dos losas <br>halla el espacio para germinar <br><br>y se levanta, <br>contraponiendo al gris <br>brutal y fr\u00edo <br>un solo rayo de ternura verde, <br><br>as\u00ed, con paciencia menuda <br>pero firme, <br><br>hemos de hacernos con las grietas <br>de este mundo.<\/p>\n\n\n\n<p><\/p>\n\n\n\n<h2 class=\"wp-block-heading\">Texto 2<\/h2>\n\n\n\n<p><strong>En octubre<\/strong> (Crist\u00f3bal Dom\u00ednguez Dur\u00e1n)<\/p>\n\n\n\n<p>Hay en las hojas de la tarde <br>una luz leve <br>que podr\u00eda volarse <br>con un poco de viento. <br><br>S\u00e9 muy bien <br>el largo tiempo que llevo prepar\u00e1ndome <br>para verla. <br><br>La observamos. <br><br>En los ojos se nos quema el verde <br>y de la tarde apenas queda nada <br>sin consumir. <br><br>Permanece la luz, <br>como todo lo que no vive. <br><br>Te doy la mano para cruzarla juntos, <br>para no arder, absortos, con el verde, <br>sin darnos cuenta.<\/p>\n\n\n\n<p><\/p>\n\n\n\n<p><\/p>\n\n\n\n<h2 class=\"wp-block-heading\">Texto 3<\/h2>\n\n\n\n<p><strong>EL BIEN ES UNA ESTRELLA O UNA ISLA<\/strong> (Mar\u00eda Mart\u00ednez Bautista)<\/p>\n\n\n\n<p>El bien es una estrella o una isla <br>sin puentes con el mal, <br>y el camino es amargo <br>por el mundo dormido. <br><br>No va hasta all\u00ed la sensaci\u00f3n ardiente <br>de que la vida va a ninguna parte, <br>ni la nieve gris\u00e1cea de las viejas costumbres. <br><br>Habr\u00e1 un desfiladero, <br>un bosque de dudosas decisiones, <br>tantas bifurcaciones como pasos. <br><br>Al\u00e9jate de aquello que siega la inocencia, <br>y de los perezosos barrizales, <br>y del perno cautivo. <br><br>Nunca elijas el mal ni por inercia, <br>ni por placer, ni por las muchedumbres. <br>No ignores la virtud si la conoces. <br><br>Cuando llegues al borde del abismo, <br>piensa que la inocencia es el vac\u00edo, <br>el lago sin maldad que lleva al bien, <br>la destrucci\u00f3n de toda la miseria. <br>De esta manera aceptar\u00e1s la muerte.<\/p>\n\n\n\n<p><\/p>\n\n\n\n<h2 class=\"wp-block-heading\">Texto 4<\/h2>\n\n\n\n<p><strong>LA INTIMIDAD PRODUCE SUS LENGUAJES<\/strong> (Claudia Gonz\u00e1lez Caparr\u00f3s)<\/p>\n\n\n\n<p class=\"has-text-align-left\">Cre\u00ed, por eso habl\u00e9 <br><em>Corintios<\/em>, 2, 4:13&nbsp;<\/p>\n\n\n\n<p><\/p>\n\n\n\n<h2 class=\"wp-block-heading\">Texto 5<\/h2>\n\n\n\n<p><strong>EN EL EXTRANJERO UNA TRANSFERENCIA BANCARIA<\/strong> (Carlos Catena C\u00f3zar)<\/p>\n\n\n\n<p>en el extranjero una transferencia bancaria <br>es el \u00fanico abrazo que mi padre puede darme <br>al usar la tarjeta de cr\u00e9dito lo imagino <br>apagando el despertador a\u00fan de noche <br>resentido por las ocho horas diarias <br>que se clavan en la espalda como ocho pu\u00f1ales <br>hace a\u00f1os mi padre me dio esta visa <br>para que fuera yo tambi\u00e9n un hombre entero <br>tanta benevolencia deber\u00eda hacerlo santo <br>entonces yo a escondidas y en silencio <br>lleno de verg\u00fcenza le rezar\u00eda <br>para no ser nunca como \u00e9l <br>librarme as\u00ed de la n\u00f3mina el contrato <br>un horario de cinco martirios: <br>uno por cada d\u00eda h\u00e1bil de la semana<\/p>\n\n\n\n<p><\/p>\n\n\n\n<h2 class=\"wp-block-heading\">Texto 6<\/h2>\n\n\n\n<p><strong>NO PRONUNCIAR TU NOMBRE <\/strong>(Aitana Monz\u00f3n)<\/p>\n\n\n\n<p><em>Poema escrito a ra\u00edz de la toma de Kabul <br><\/em>Habibi: <br>morir\u00e1s fuera de tu lengua; <br>en el instante en que tu verdad <br>no te compita. <br>Morir\u00e1s seguramente <br>sobre el vuelo del \u00e1guila, <br>con la tranquilidad de un pasto de eucaliptos, <br>con el claror de un mundo que se hiere. <br><br>Habibi: <br>la cal sobre tu rostro <br>no dejar\u00e1 que tu marido te devore. <br>No pronunciar tu nombre. <br>Acaso no decir que existi\u00f3 tu nombre. <br>Acaso no creer <br>que pronunciamos tu nombre <br>en el pa\u00eds en que los nombres de mujer <br>no se pronuncian <br>afuera de los labios. <br><br>Habibi: <br>la cal sobre tu cuerpo ser\u00e1 c\u00e1lida. <br>Las flores en tu boca esparcir\u00e1n <br>semillas sobre el monte <br>con la rapidez que tiene el mundo <br>de olvidarnos.<\/p>\n\n\n\n<p><\/p>\n\n\n\n<h2 class=\"wp-block-heading\">Texto 7<\/h2>\n\n\n\n<p><br><strong>MANUAL DE SUPERVIVENCIA PARA SALIR DEL NIDO <\/strong>(Rosa Berbel)<\/p>\n\n\n\n<p><\/p>\n\n\n\n<p>1. Hablar m\u00e1s de la cuenta. La calidad <br>sucede en la abundancia. <br>Cu\u00eddate del silencio de los otros. <br><br>2. Acumular tarjetas de visita <br>como valiosos restos arqueol\u00f3gicos. <br>Nunca sabes qu\u00e9 pueden revelarte. <br><br>3. No perdonar jam\u00e1s a quien olvida <br>tus fechas importantes. <br>No acumules amores sin memoria. <br>(No olvidar este punto). <br><br>4. No simular congoja ni tristeza <br>cuando olvides las fechas importantes. <br>No acumules amores rencorosos. <br><br>5. Al menos una vez cada dos meses, <br>redescubrir objetos olvidados. <br>\u00bfSigue siendo posible, todav\u00eda,<br> la ilusi\u00f3n fantasmal de los descubrimientos? <br><br>6. No olvidar tus or\u00edgenes. <br>Escarba, si es preciso, la tierra de los parques <br>con manos de urbanita. <br><br>7. Mantener intachables los prejuicios. <br>Las cosas suelen ser, salvo excepciones, <br>igual que parec\u00edan. <br><br>8. Cuidar la superficie. <br>L\u00edbrate de quien teme las fachadas. <br>El interior real de las cosas reales <br>provoca claustrofobia. <br><br>9. No tener nunca ganas de marcharse. Decir adi\u00f3s es triste y es mentira. <br><br>10. Dejar que entre la luz. <br>Deja que entre la luz <br>y te despierte.<\/p>\n\n\n\n<p><\/p>\n\n\n\n<h2 class=\"wp-block-heading\">Texto 8<\/h2>\n\n\n\n<p><\/p>\n\n\n\n<p><strong>SI UN D\u00cdA DESPERTARA SIN PALABRAS<\/strong> (Roc\u00edo Acebal Doval )<\/p>\n\n\n\n<p>Si un d\u00eda despertara sin palabras, <br>morir\u00eda de hambre o de tristeza. <br>No tengo nada m\u00e1s: la in\u00fatil vocaci\u00f3n <br>de pensar y explicar lo que he pensado.<\/p>\n\n\n\n<p><\/p>\n\n\n\n<p><\/p>\n","protected":false},"excerpt":{"rendered":"<p>Poetas de ahora mismo Marqu\u00e9s, J. (Ed.). (2025).&nbsp;El tiempo est\u00e1 cambiando: Nueva poes\u00eda espa\u00f1ola. Fundaci\u00f3n Jos\u00e9 Manuel Lara. El tiempo est\u00e1 cambiando. Nueva poes\u00eda espa\u00f1ola&nbsp;es una antolog\u00eda que re\u00fane a veintisiete poetas nacidos en la d\u00e9cada de 1990, una generaci\u00f3n que ha tra\u00eddo a la poes\u00eda en nuestra lengua una enorme diversidad de tonos, est\u00e9ticas [&hellip;]<\/p>\n","protected":false},"author":1,"featured_media":0,"comment_status":"open","ping_status":"open","sticky":false,"template":"","format":"standard","meta":{"_jetpack_memberships_contains_paid_content":false,"footnotes":""},"categories":[1],"tags":[],"class_list":["post-58","post","type-post","status-publish","format-standard","hentry","category-uncategorized"],"yoast_head":"<!-- This site is optimized with the Yoast SEO plugin v27.2 - https:\/\/yoast.com\/product\/yoast-seo-wordpress\/ -->\n<title>Sesi\u00f3n 4 - Experiencias de lectura po\u00e9tica<\/title>\n<meta name=\"robots\" content=\"index, follow, max-snippet:-1, max-image-preview:large, max-video-preview:-1\" \/>\n<link rel=\"canonical\" href=\"https:\/\/urbinavolant.com\/lecturapoetica\/index.php\/2026\/01\/31\/sesion-4\/\" \/>\n<meta property=\"og:locale\" content=\"es_ES\" \/>\n<meta property=\"og:type\" content=\"article\" \/>\n<meta property=\"og:title\" content=\"Sesi\u00f3n 4 - Experiencias de lectura po\u00e9tica\" \/>\n<meta property=\"og:description\" content=\"Poetas de ahora mismo Marqu\u00e9s, J. (Ed.). (2025).&nbsp;El tiempo est\u00e1 cambiando: Nueva poes\u00eda espa\u00f1ola. Fundaci\u00f3n Jos\u00e9 Manuel Lara. El tiempo est\u00e1 cambiando. Nueva poes\u00eda espa\u00f1ola&nbsp;es una antolog\u00eda que re\u00fane a veintisiete poetas nacidos en la d\u00e9cada de 1990, una generaci\u00f3n que ha tra\u00eddo a la poes\u00eda en nuestra lengua una enorme diversidad de tonos, est\u00e9ticas [&hellip;]\" \/>\n<meta property=\"og:url\" content=\"https:\/\/urbinavolant.com\/lecturapoetica\/index.php\/2026\/01\/31\/sesion-4\/\" \/>\n<meta property=\"og:site_name\" content=\"Experiencias de lectura po\u00e9tica\" \/>\n<meta property=\"article:published_time\" content=\"2026-01-31T12:54:17+00:00\" \/>\n<meta property=\"article:modified_time\" content=\"2026-03-25T15:28:26+00:00\" \/>\n<meta property=\"og:image\" content=\"https:\/\/urbinavolant.com\/lecturapoetica\/wp-content\/uploads\/2026\/01\/Captura-de-pantalla-2026-03-22-a-las-13.36.44.png\" \/>\n\t<meta property=\"og:image:width\" content=\"455\" \/>\n\t<meta property=\"og:image:height\" content=\"699\" \/>\n\t<meta property=\"og:image:type\" content=\"image\/png\" \/>\n<meta name=\"author\" content=\"admin\" \/>\n<meta name=\"twitter:card\" content=\"summary_large_image\" \/>\n<meta name=\"twitter:label1\" content=\"Escrito por\" \/>\n\t<meta name=\"twitter:data1\" content=\"admin\" \/>\n\t<meta name=\"twitter:label2\" content=\"Tiempo de lectura\" \/>\n\t<meta name=\"twitter:data2\" content=\"5 minutos\" \/>\n<script type=\"application\/ld+json\" class=\"yoast-schema-graph\">{\"@context\":\"https:\/\/schema.org\",\"@graph\":[{\"@type\":\"Article\",\"@id\":\"https:\/\/urbinavolant.com\/lecturapoetica\/index.php\/2026\/01\/31\/sesion-4\/#article\",\"isPartOf\":{\"@id\":\"https:\/\/urbinavolant.com\/lecturapoetica\/index.php\/2026\/01\/31\/sesion-4\/\"},\"author\":{\"name\":\"admin\",\"@id\":\"https:\/\/urbinavolant.com\/lecturapoetica\/#\/schema\/person\/07486efa7706ad7e35909b766066247b\"},\"headline\":\"Sesi\u00f3n 4\",\"datePublished\":\"2026-01-31T12:54:17+00:00\",\"dateModified\":\"2026-03-25T15:28:26+00:00\",\"mainEntityOfPage\":{\"@id\":\"https:\/\/urbinavolant.com\/lecturapoetica\/index.php\/2026\/01\/31\/sesion-4\/\"},\"wordCount\":1087,\"commentCount\":0,\"image\":{\"@id\":\"https:\/\/urbinavolant.com\/lecturapoetica\/index.php\/2026\/01\/31\/sesion-4\/#primaryimage\"},\"thumbnailUrl\":\"https:\/\/urbinavolant.com\/lecturapoetica\/wp-content\/uploads\/2026\/01\/Captura-de-pantalla-2026-03-22-a-las-13.36.44.png\",\"articleSection\":[\"Uncategorized\"],\"inLanguage\":\"es\",\"potentialAction\":[{\"@type\":\"CommentAction\",\"name\":\"Comment\",\"target\":[\"https:\/\/urbinavolant.com\/lecturapoetica\/index.php\/2026\/01\/31\/sesion-4\/#respond\"]}]},{\"@type\":\"WebPage\",\"@id\":\"https:\/\/urbinavolant.com\/lecturapoetica\/index.php\/2026\/01\/31\/sesion-4\/\",\"url\":\"https:\/\/urbinavolant.com\/lecturapoetica\/index.php\/2026\/01\/31\/sesion-4\/\",\"name\":\"Sesi\u00f3n 4 - Experiencias de lectura po\u00e9tica\",\"isPartOf\":{\"@id\":\"https:\/\/urbinavolant.com\/lecturapoetica\/#website\"},\"primaryImageOfPage\":{\"@id\":\"https:\/\/urbinavolant.com\/lecturapoetica\/index.php\/2026\/01\/31\/sesion-4\/#primaryimage\"},\"image\":{\"@id\":\"https:\/\/urbinavolant.com\/lecturapoetica\/index.php\/2026\/01\/31\/sesion-4\/#primaryimage\"},\"thumbnailUrl\":\"https:\/\/urbinavolant.com\/lecturapoetica\/wp-content\/uploads\/2026\/01\/Captura-de-pantalla-2026-03-22-a-las-13.36.44.png\",\"datePublished\":\"2026-01-31T12:54:17+00:00\",\"dateModified\":\"2026-03-25T15:28:26+00:00\",\"author\":{\"@id\":\"https:\/\/urbinavolant.com\/lecturapoetica\/#\/schema\/person\/07486efa7706ad7e35909b766066247b\"},\"breadcrumb\":{\"@id\":\"https:\/\/urbinavolant.com\/lecturapoetica\/index.php\/2026\/01\/31\/sesion-4\/#breadcrumb\"},\"inLanguage\":\"es\",\"potentialAction\":[{\"@type\":\"ReadAction\",\"target\":[\"https:\/\/urbinavolant.com\/lecturapoetica\/index.php\/2026\/01\/31\/sesion-4\/\"]}]},{\"@type\":\"ImageObject\",\"inLanguage\":\"es\",\"@id\":\"https:\/\/urbinavolant.com\/lecturapoetica\/index.php\/2026\/01\/31\/sesion-4\/#primaryimage\",\"url\":\"https:\/\/urbinavolant.com\/lecturapoetica\/wp-content\/uploads\/2026\/01\/Captura-de-pantalla-2026-03-22-a-las-13.36.44.png\",\"contentUrl\":\"https:\/\/urbinavolant.com\/lecturapoetica\/wp-content\/uploads\/2026\/01\/Captura-de-pantalla-2026-03-22-a-las-13.36.44.png\",\"width\":455,\"height\":699},{\"@type\":\"BreadcrumbList\",\"@id\":\"https:\/\/urbinavolant.com\/lecturapoetica\/index.php\/2026\/01\/31\/sesion-4\/#breadcrumb\",\"itemListElement\":[{\"@type\":\"ListItem\",\"position\":1,\"name\":\"Portada\",\"item\":\"https:\/\/urbinavolant.com\/lecturapoetica\/\"},{\"@type\":\"ListItem\",\"position\":2,\"name\":\"Sesi\u00f3n 4\"}]},{\"@type\":\"WebSite\",\"@id\":\"https:\/\/urbinavolant.com\/lecturapoetica\/#website\",\"url\":\"https:\/\/urbinavolant.com\/lecturapoetica\/\",\"name\":\"Experiencias de lectura po\u00e9tica\",\"description\":\"Sesiones de la Universidad de la Experiencia de la Universidad de Burgos\",\"potentialAction\":[{\"@type\":\"SearchAction\",\"target\":{\"@type\":\"EntryPoint\",\"urlTemplate\":\"https:\/\/urbinavolant.com\/lecturapoetica\/?s={search_term_string}\"},\"query-input\":{\"@type\":\"PropertyValueSpecification\",\"valueRequired\":true,\"valueName\":\"search_term_string\"}}],\"inLanguage\":\"es\"},{\"@type\":\"Person\",\"@id\":\"https:\/\/urbinavolant.com\/lecturapoetica\/#\/schema\/person\/07486efa7706ad7e35909b766066247b\",\"name\":\"admin\",\"image\":{\"@type\":\"ImageObject\",\"inLanguage\":\"es\",\"@id\":\"https:\/\/secure.gravatar.com\/avatar\/21d3e60c40d9543da4ac5e2ac1e82727d5dd42c851863dd1d7c08607dce7373a?s=96&d=mm&r=g\",\"url\":\"https:\/\/secure.gravatar.com\/avatar\/21d3e60c40d9543da4ac5e2ac1e82727d5dd42c851863dd1d7c08607dce7373a?s=96&d=mm&r=g\",\"contentUrl\":\"https:\/\/secure.gravatar.com\/avatar\/21d3e60c40d9543da4ac5e2ac1e82727d5dd42c851863dd1d7c08607dce7373a?s=96&d=mm&r=g\",\"caption\":\"admin\"},\"sameAs\":[\"https:\/\/urbinavolant.com\/lecturapoetica\"],\"url\":\"https:\/\/urbinavolant.com\/lecturapoetica\/index.php\/author\/rauf\/\"}]}<\/script>\n<!-- \/ Yoast SEO plugin. -->","yoast_head_json":{"title":"Sesi\u00f3n 4 - Experiencias de lectura po\u00e9tica","robots":{"index":"index","follow":"follow","max-snippet":"max-snippet:-1","max-image-preview":"max-image-preview:large","max-video-preview":"max-video-preview:-1"},"canonical":"https:\/\/urbinavolant.com\/lecturapoetica\/index.php\/2026\/01\/31\/sesion-4\/","og_locale":"es_ES","og_type":"article","og_title":"Sesi\u00f3n 4 - Experiencias de lectura po\u00e9tica","og_description":"Poetas de ahora mismo Marqu\u00e9s, J. (Ed.). (2025).&nbsp;El tiempo est\u00e1 cambiando: Nueva poes\u00eda espa\u00f1ola. Fundaci\u00f3n Jos\u00e9 Manuel Lara. El tiempo est\u00e1 cambiando. Nueva poes\u00eda espa\u00f1ola&nbsp;es una antolog\u00eda que re\u00fane a veintisiete poetas nacidos en la d\u00e9cada de 1990, una generaci\u00f3n que ha tra\u00eddo a la poes\u00eda en nuestra lengua una enorme diversidad de tonos, est\u00e9ticas [&hellip;]","og_url":"https:\/\/urbinavolant.com\/lecturapoetica\/index.php\/2026\/01\/31\/sesion-4\/","og_site_name":"Experiencias de lectura po\u00e9tica","article_published_time":"2026-01-31T12:54:17+00:00","article_modified_time":"2026-03-25T15:28:26+00:00","og_image":[{"width":455,"height":699,"url":"https:\/\/urbinavolant.com\/lecturapoetica\/wp-content\/uploads\/2026\/01\/Captura-de-pantalla-2026-03-22-a-las-13.36.44.png","type":"image\/png"}],"author":"admin","twitter_card":"summary_large_image","twitter_misc":{"Escrito por":"admin","Tiempo de lectura":"5 minutos"},"schema":{"@context":"https:\/\/schema.org","@graph":[{"@type":"Article","@id":"https:\/\/urbinavolant.com\/lecturapoetica\/index.php\/2026\/01\/31\/sesion-4\/#article","isPartOf":{"@id":"https:\/\/urbinavolant.com\/lecturapoetica\/index.php\/2026\/01\/31\/sesion-4\/"},"author":{"name":"admin","@id":"https:\/\/urbinavolant.com\/lecturapoetica\/#\/schema\/person\/07486efa7706ad7e35909b766066247b"},"headline":"Sesi\u00f3n 4","datePublished":"2026-01-31T12:54:17+00:00","dateModified":"2026-03-25T15:28:26+00:00","mainEntityOfPage":{"@id":"https:\/\/urbinavolant.com\/lecturapoetica\/index.php\/2026\/01\/31\/sesion-4\/"},"wordCount":1087,"commentCount":0,"image":{"@id":"https:\/\/urbinavolant.com\/lecturapoetica\/index.php\/2026\/01\/31\/sesion-4\/#primaryimage"},"thumbnailUrl":"https:\/\/urbinavolant.com\/lecturapoetica\/wp-content\/uploads\/2026\/01\/Captura-de-pantalla-2026-03-22-a-las-13.36.44.png","articleSection":["Uncategorized"],"inLanguage":"es","potentialAction":[{"@type":"CommentAction","name":"Comment","target":["https:\/\/urbinavolant.com\/lecturapoetica\/index.php\/2026\/01\/31\/sesion-4\/#respond"]}]},{"@type":"WebPage","@id":"https:\/\/urbinavolant.com\/lecturapoetica\/index.php\/2026\/01\/31\/sesion-4\/","url":"https:\/\/urbinavolant.com\/lecturapoetica\/index.php\/2026\/01\/31\/sesion-4\/","name":"Sesi\u00f3n 4 - Experiencias de lectura po\u00e9tica","isPartOf":{"@id":"https:\/\/urbinavolant.com\/lecturapoetica\/#website"},"primaryImageOfPage":{"@id":"https:\/\/urbinavolant.com\/lecturapoetica\/index.php\/2026\/01\/31\/sesion-4\/#primaryimage"},"image":{"@id":"https:\/\/urbinavolant.com\/lecturapoetica\/index.php\/2026\/01\/31\/sesion-4\/#primaryimage"},"thumbnailUrl":"https:\/\/urbinavolant.com\/lecturapoetica\/wp-content\/uploads\/2026\/01\/Captura-de-pantalla-2026-03-22-a-las-13.36.44.png","datePublished":"2026-01-31T12:54:17+00:00","dateModified":"2026-03-25T15:28:26+00:00","author":{"@id":"https:\/\/urbinavolant.com\/lecturapoetica\/#\/schema\/person\/07486efa7706ad7e35909b766066247b"},"breadcrumb":{"@id":"https:\/\/urbinavolant.com\/lecturapoetica\/index.php\/2026\/01\/31\/sesion-4\/#breadcrumb"},"inLanguage":"es","potentialAction":[{"@type":"ReadAction","target":["https:\/\/urbinavolant.com\/lecturapoetica\/index.php\/2026\/01\/31\/sesion-4\/"]}]},{"@type":"ImageObject","inLanguage":"es","@id":"https:\/\/urbinavolant.com\/lecturapoetica\/index.php\/2026\/01\/31\/sesion-4\/#primaryimage","url":"https:\/\/urbinavolant.com\/lecturapoetica\/wp-content\/uploads\/2026\/01\/Captura-de-pantalla-2026-03-22-a-las-13.36.44.png","contentUrl":"https:\/\/urbinavolant.com\/lecturapoetica\/wp-content\/uploads\/2026\/01\/Captura-de-pantalla-2026-03-22-a-las-13.36.44.png","width":455,"height":699},{"@type":"BreadcrumbList","@id":"https:\/\/urbinavolant.com\/lecturapoetica\/index.php\/2026\/01\/31\/sesion-4\/#breadcrumb","itemListElement":[{"@type":"ListItem","position":1,"name":"Portada","item":"https:\/\/urbinavolant.com\/lecturapoetica\/"},{"@type":"ListItem","position":2,"name":"Sesi\u00f3n 4"}]},{"@type":"WebSite","@id":"https:\/\/urbinavolant.com\/lecturapoetica\/#website","url":"https:\/\/urbinavolant.com\/lecturapoetica\/","name":"Experiencias de lectura po\u00e9tica","description":"Sesiones de la Universidad de la Experiencia de la Universidad de Burgos","potentialAction":[{"@type":"SearchAction","target":{"@type":"EntryPoint","urlTemplate":"https:\/\/urbinavolant.com\/lecturapoetica\/?s={search_term_string}"},"query-input":{"@type":"PropertyValueSpecification","valueRequired":true,"valueName":"search_term_string"}}],"inLanguage":"es"},{"@type":"Person","@id":"https:\/\/urbinavolant.com\/lecturapoetica\/#\/schema\/person\/07486efa7706ad7e35909b766066247b","name":"admin","image":{"@type":"ImageObject","inLanguage":"es","@id":"https:\/\/secure.gravatar.com\/avatar\/21d3e60c40d9543da4ac5e2ac1e82727d5dd42c851863dd1d7c08607dce7373a?s=96&d=mm&r=g","url":"https:\/\/secure.gravatar.com\/avatar\/21d3e60c40d9543da4ac5e2ac1e82727d5dd42c851863dd1d7c08607dce7373a?s=96&d=mm&r=g","contentUrl":"https:\/\/secure.gravatar.com\/avatar\/21d3e60c40d9543da4ac5e2ac1e82727d5dd42c851863dd1d7c08607dce7373a?s=96&d=mm&r=g","caption":"admin"},"sameAs":["https:\/\/urbinavolant.com\/lecturapoetica"],"url":"https:\/\/urbinavolant.com\/lecturapoetica\/index.php\/author\/rauf\/"}]}},"jetpack_featured_media_url":"","jetpack_sharing_enabled":true,"_links":{"self":[{"href":"https:\/\/urbinavolant.com\/lecturapoetica\/index.php\/wp-json\/wp\/v2\/posts\/58","targetHints":{"allow":["GET"]}}],"collection":[{"href":"https:\/\/urbinavolant.com\/lecturapoetica\/index.php\/wp-json\/wp\/v2\/posts"}],"about":[{"href":"https:\/\/urbinavolant.com\/lecturapoetica\/index.php\/wp-json\/wp\/v2\/types\/post"}],"author":[{"embeddable":true,"href":"https:\/\/urbinavolant.com\/lecturapoetica\/index.php\/wp-json\/wp\/v2\/users\/1"}],"replies":[{"embeddable":true,"href":"https:\/\/urbinavolant.com\/lecturapoetica\/index.php\/wp-json\/wp\/v2\/comments?post=58"}],"version-history":[{"count":7,"href":"https:\/\/urbinavolant.com\/lecturapoetica\/index.php\/wp-json\/wp\/v2\/posts\/58\/revisions"}],"predecessor-version":[{"id":165,"href":"https:\/\/urbinavolant.com\/lecturapoetica\/index.php\/wp-json\/wp\/v2\/posts\/58\/revisions\/165"}],"wp:attachment":[{"href":"https:\/\/urbinavolant.com\/lecturapoetica\/index.php\/wp-json\/wp\/v2\/media?parent=58"}],"wp:term":[{"taxonomy":"category","embeddable":true,"href":"https:\/\/urbinavolant.com\/lecturapoetica\/index.php\/wp-json\/wp\/v2\/categories?post=58"},{"taxonomy":"post_tag","embeddable":true,"href":"https:\/\/urbinavolant.com\/lecturapoetica\/index.php\/wp-json\/wp\/v2\/tags?post=58"}],"curies":[{"name":"wp","href":"https:\/\/api.w.org\/{rel}","templated":true}]}}