{"id":56,"date":"2026-01-31T12:53:52","date_gmt":"2026-01-31T12:53:52","guid":{"rendered":"https:\/\/urbinavolant.com\/lecturapoetica\/?p=56"},"modified":"2026-03-02T16:52:03","modified_gmt":"2026-03-02T16:52:03","slug":"sesion-3","status":"publish","type":"post","link":"https:\/\/urbinavolant.com\/lecturapoetica\/index.php\/2026\/01\/31\/sesion-3\/","title":{"rendered":"Sesi\u00f3n 3"},"content":{"rendered":"\n<h2 class=\"wp-block-heading\">Texto 1<\/h2>\n\n\n\n<p><strong>PATRIA<\/strong> (Juan Bonilla)<\/p>\n\n\n\n<p>Estos d\u00edas azules y este sol de la infancia<br>\u2014lo comprender\u00e1s tarde\u2014 son tu \u00fanica patria.<br><br>Estuvieron ya antes de que te calentaran<br>y seguir\u00e1n estando cuando te vayas.<br><br>Ni banderas ni himnos ni proclamas<br>de una mente forjada en preguntas cansadas.<br><br>Un coraz\u00f3n latiendo y una mirada<br>a la que el mundo dota de hambre y alma.<br><br>Estos d\u00edas azules y este sol de la infancia<br>nos defienden del cuento de un borracho<br>lleno de ruido y furia que no significa nada.<\/p>\n\n\n\n<h2 class=\"wp-block-heading\">Texto 2<\/h2>\n\n\n\n<p>\u00abLa vida no es m\u00e1s que una sombra\u2026 Una historia narrada por un necio, llena de ruido y furia, que nada significa.\u00bb William Shakespeare, <em>Macbeth<\/em><\/p>\n\n\n\n<figure class=\"wp-block-image size-full is-resized\"><img loading=\"lazy\" decoding=\"async\" width=\"634\" height=\"1000\" src=\"https:\/\/urbinavolant.com\/lecturapoetica\/wp-content\/uploads\/2026\/01\/71wxHir7RSL._UF10001000_QL80_.jpg\" alt=\"\" class=\"wp-image-115\" style=\"width:300px\" srcset=\"https:\/\/urbinavolant.com\/lecturapoetica\/wp-content\/uploads\/2026\/01\/71wxHir7RSL._UF10001000_QL80_.jpg 634w, https:\/\/urbinavolant.com\/lecturapoetica\/wp-content\/uploads\/2026\/01\/71wxHir7RSL._UF10001000_QL80_-190x300.jpg 190w, https:\/\/urbinavolant.com\/lecturapoetica\/wp-content\/uploads\/2026\/01\/71wxHir7RSL._UF10001000_QL80_-624x984.jpg 624w\" sizes=\"auto, (max-width: 634px) 100vw, 634px\" \/><\/figure>\n\n\n\n<p><\/p>\n\n\n\n<p>Tengo 1400&nbsp;seguidores<br>en&nbsp;Instagram, 1214<br>en&nbsp;Twitter, 3813<br>amigos&nbsp;en&nbsp;Facebook y&nbsp;nadie<br>que&nbsp;me&nbsp;acompa\u00f1e&nbsp;esta madrugada<br>a&nbsp;lanzar&nbsp;ebrio&nbsp;por&nbsp;las&nbsp;calles<br>absurdas&nbsp;proclamas trasnochadas<br>o a&nbsp;gritar&nbsp;que&nbsp;todav\u00eda&nbsp;te quiero.<\/p>\n\n\n\n<h2 class=\"wp-block-heading\">Texto 3<\/h2>\n\n\n\n<p><strong>MIENTRAS POR COMPETIR CON TU CABELLO<\/strong> (G\u00f3ngora)<\/p>\n\n\n\n<p>Mientras por competir con tu cabello,<br>oro bru\u00f1ido, el sol relumbra en vano<br>mientras con menosprecio en medio el llano<br>mira tu blanca frente el lilio bello;<\/p>\n\n\n\n<p>mientras a cada labio, por cogello,<br>siguen m\u00e1s ojos que al clavel temprano,<br>y mientras triunfa con desd\u00e9n lozano<br>del luciente cristal tu gentil cuello;<\/p>\n\n\n\n<p>goza cuello, cabello, labio y frente,<br>antes que lo que fue en tu edad dorada<br>oro, lirio, clavel, cristal luciente,<\/p>\n\n\n\n<p>no s\u00f3lo en plata o v\u00edola troncada<br>se vuelva, mas t\u00fa y ello, juntamente,<br>en tierra, en humo, en polvo, en sombra, en nada.<\/p>\n\n\n\n<h2 class=\"wp-block-heading\">Texto 4<\/h2>\n\n\n\n<p><strong>F\u00c1BULA DE POLIFEMO Y GALATEA<\/strong> &#8211; FRAGMENTO (G\u00f3ngora)<\/p>\n\n\n\n<p>Guarnici\u00f3n tosca de este escollo duro<br>troncos robustos son, a cuya gre\u00f1a<br>menos luz debe, menos aire puro<br>la caverna profunda, que a la pe\u00f1a;<br>caliginoso lecho, el seno obscuro<br>ser de la negra noche nos lo ense\u00f1a<br>infame turba de nocturnas aves,<br>gimiendo tristes y volando graves.<\/p>\n\n\n\n<p>De este, pues, formidable de la tierra<br>bostezo, el melanc\u00f3lico vac\u00edo<br>a Polifemo, horror de aquella sierra,<br>b\u00e1rbara choza es, albergue umbr\u00edo<br>y redil espacioso donde encierra<br>cuanto las cumbres \u00e1speras cabr\u00edo,<br>de los montes, esconde: copia bella<br>que un silbo junta y un pe\u00f1asco sella.<\/p>\n\n\n\n<h2 class=\"wp-block-heading\">Texto 5<\/h2>\n\n\n\n<p><strong>OJAL\u00c1<\/strong> (Silvio Rodr\u00edguez)<\/p>\n\n\n\n<figure class=\"wp-block-embed is-type-video is-provider-youtube wp-block-embed-youtube wp-embed-aspect-16-9 wp-has-aspect-ratio\"><div class=\"wp-block-embed__wrapper\">\n<iframe loading=\"lazy\" title=\"Ojal\u00e1 -  Silvio Rodriguez\" width=\"625\" height=\"352\" src=\"https:\/\/www.youtube.com\/embed\/u3quFCVY6Ug?feature=oembed\" frameborder=\"0\" allow=\"accelerometer; autoplay; clipboard-write; encrypted-media; gyroscope; picture-in-picture; web-share\" referrerpolicy=\"strict-origin-when-cross-origin\" allowfullscreen><\/iframe>\n<\/div><figcaption class=\"wp-element-caption\">Ojal\u00e1, Silviio Rodr\u00edguez<\/figcaption><\/figure>\n\n\n\n<figure class=\"wp-block-embed is-type-video is-provider-youtube wp-block-embed-youtube wp-embed-aspect-16-9 wp-has-aspect-ratio\"><div class=\"wp-block-embed__wrapper\">\n<iframe loading=\"lazy\" title=\"Ojal\u00e1 -  Silvio Rodriguez\" width=\"625\" height=\"352\" src=\"https:\/\/www.youtube.com\/embed\/u3quFCVY6Ug?feature=oembed\" frameborder=\"0\" allow=\"accelerometer; autoplay; clipboard-write; encrypted-media; gyroscope; picture-in-picture; web-share\" referrerpolicy=\"strict-origin-when-cross-origin\" allowfullscreen><\/iframe>\n<\/div><figcaption class=\"wp-element-caption\">Ojal\u00e1, La M.O.D.A.<\/figcaption><\/figure>\n\n\n\n<p>Ojal\u00e1 que las hojas no te toquen el cuerpo cuando caigan<br>Para que no las puedas convertir en cristal<br>Ojal\u00e1 que la lluvia deje de ser milagro que baja por tu cuerpo<br>Ojal\u00e1 que la luna pueda salir sin ti&nbsp;<br>Ojal\u00e1 que la tierra no te bese los pasos<\/p>\n\n\n\n<p>Ojal\u00e1 se te acabe la mirada constante<br>La palabra precisa, la sonrisa perfecta<br>Ojal\u00e1 pase algo que te borre de pronto<br>Una luz cegadora, un disparo de nieve<br>Ojal\u00e1 por lo menos que me lleve la muerte<br>Para no verte tanto, para no verte siempre<br>En todos los segundos<br>En todas las visiones<br>Ojal\u00e1 que no pueda tocarte ni en canciones<\/p>\n\n\n\n<p>Ojal\u00e1 que la aurora no d\u00e9 gritos que caigan en mi espalda<br>Ojal\u00e1 que tu nombre se le olvide a esa voz<br>Ojal\u00e1 las paredes no retengan tu ruido de camino cansado<br>Ojal\u00e1 que el deseo se vaya atr\u00e1s de ti<br>A tu viejo gobierno de difuntos y flores<\/p>\n\n\n\n<p>Ojal\u00e1 se te acabe la mirada constante<br>La palabra precisa, la sonrisa perfecta<br>Ojal\u00e1 pase algo que te borre de pronto<br>Una luz cegadora, un disparo de nieve<br>Ojal\u00e1 por lo menos que me lleve la muerte<br>Para no verte tanto, para no verte siempre<br>En todos los segundos, en todas las visiones<br>Ojal\u00e1 que no pueda tocarte ni en canciones<br>Ojal\u00e1 pase algo que te borre de pronto<br>Una luz cegadora, un disparo de nieve<br>Ojal\u00e1 por lo menos que me lleve la muerte<br>Para no verte tanto, para no verte siempre<br>En todos los segundos<br>En todas las visiones<br>Ojal\u00e1 que no pueda tocarte ni en canciones.<\/p>\n\n\n\n<p><\/p>\n\n\n\n<h2 class=\"wp-block-heading\">Texto 6<\/h2>\n\n\n\n<p><strong>\u00a1AH DE LA VIDA <\/strong>(Quevedo)<\/p>\n\n\n\n<p>\u00a1Ah de la vida! \u00bfNadie me responde?<br>Aqu\u00ed de los anta\u00f1os, que he vivido:<br>la fortuna mis tiempos ha mordido,<br>las horas mi locura las esconde.<\/p>\n\n\n\n<p>\u00a1Que sin poder saber c\u00f3mo ni ad\u00f3nde<br>la salud y la edad se hayan huido!<br>Falta la vida, asiste lo vivido,<br>y no hay calamidad que no me ronde.<\/p>\n\n\n\n<p>Ayer se fue, Ma\u00f1ana no ha llegado,<br>Hoy se est\u00e1 yendo sin parar un punto;<br>soy un fue y un ser\u00e1 y un es cansado.<\/p>\n\n\n\n<p>En el Hoy y Ma\u00f1ana y Ayer junto<br>pa\u00f1ales y mortaja, y he quedado<br>presentes sucesiones de difunto.<\/p>\n\n\n\n<h2 class=\"wp-block-heading\">Breve intermedio<\/h2>\n\n\n\n<p><strong>La pintura como ejemplo para reflexionar<\/strong><br><\/p>\n\n\n\n<figure class=\"wp-block-image size-large is-resized\"><img decoding=\"async\" src=\"https:\/\/kuadros.com\/cdn\/shop\/files\/composition-c-no-iii-with-red-yellow-and-blue-1935.jpg_Large_faef9722-f95d-4aa9-b18a-1cf6e173d94e.jpg?v=1727333513&amp;width=600\" alt=\"\" style=\"width:300px\"\/><\/figure>\n\n\n\n<p><\/p>\n\n\n\n<h2 class=\"wp-block-heading\">Texto 7<br><strong>AMOR M\u00c1S ALL\u00c1 DE LA MUERTE <\/strong>(Quevedo)<\/h2>\n\n\n\n<p>Cerrar podr\u00e1 mis ojos la postrera<br>sombra, que me llevar\u00e9 el blanco d\u00eda;<br>y podr\u00e1 desatar esta alma m\u00eda<br>hora, a su af\u00e1n ansioso linsojera;<\/p>\n\n\n\n<p>mas no de esotra parte en la ribera<br>dejar\u00e1 la memoria en donde ard\u00eda;<br>nadar sabe mi llama la agua fr\u00eda,<br>y perder el respeto a ley severa:<\/p>\n\n\n\n<p>Alma a quien todo un Dios prisi\u00f3n ha sido,<br>venas que humor a tanto fuego han dado,<br>medulas que han gloriosamente ardido,<br><\/p>\n\n\n\n<p>su cuerpo dejar\u00e1n, no su cuidado;<br>ser\u00e1n ceniza, mas tendr\u00e1n sentido.<br>Polvo ser\u00e1n, mas polvo enamorado.<\/p>\n\n\n\n<h2 class=\"wp-block-heading\">Texto 8<\/h2>\n\n\n\n<p><strong>CANCI\u00d3N DE INVIERNO Y DE VERANO<\/strong> (\u00c1ngel Gonz\u00e1lez)<\/p>\n\n\n\n<p>Cuando es invierno en el mar del Norte<br>es verano en Valpara\u00edso.<br>Los barcos hacen sonar sus sirenas al entrar en el puerto de Bremen <br>con jirones de niebla y de hielo en sus cabos,<br>mientras los balandros soleados arrastran por la superficie del Pac\u00edfico Sur bellas ba\u00f1istas.<\/p>\n\n\n\n<p>Eso sucede en el mismo tiempo,<br>pero jam\u00e1s en el mismo d\u00eda.<\/p>\n\n\n\n<p>Porque cuando es de d\u00eda en el mar del Norte<br>\u2014brumas y sombras absorbiendo restos<br>de sucia luz\u2014<br>es de noche en Valpara\u00edso<br>\u2014rutilantes estrellas lanzando agudos dardos<br>a las olas dormidas.<\/p>\n\n\n\n<p>C\u00f3mo dudar que nos quisimos,<br>que me segu\u00eda tu pensamiento<br>y mi voz te buscaba \u2014detr\u00e1s,<br>muy cerca, iba mi boca.<\/p>\n\n\n\n<p>Nos quisimos, es cierto, y yo s\u00e9 cu\u00e1nto:<br>primaveras, veranos, soles, lunas.<br>Pero jam\u00e1s en el mismo d\u00eda.<\/p>\n\n\n\n<h2 class=\"wp-block-heading\">Texto 9<\/h2>\n\n\n\n<p><strong>RIMA XIII<\/strong> (Gustavo Adolfo B\u00e9cquer)<\/p>\n\n\n\n<p>Tu pupila es azul y, cuando r\u00edes,\u2028<br>su claridad s\u00fcave me recuerda\u2028<br>el tr\u00e9mulo fulgor de la ma\u00f1ana\u2028<br>que en el mar se refleja.<\/p>\n\n\n\n<p>Tu pupila es azul y, cuando lloras,<br>\u2028las transparentes l\u00e1grimas en ella\u2028<br>se me figuran gotas de roc\u00edo\u2028sobre una violeta.<\/p>\n\n\n\n<p>Tu pupila es azul, y si en su fondo<br>\u2028como un punto de luz radia una idea,\u2028<br>me parece en el cielo de la tarde\u2028<br>una perdida estrella.<\/p>\n\n\n\n<p><\/p>\n\n\n\n<h2 class=\"wp-block-heading\">Texto 10<\/h2>\n\n\n\n<p><strong>RIMA LIII <\/strong>(Gustavo Adolfo B\u00e9cquer)<\/p>\n\n\n\n<p>Volver\u00e1n las oscuras golondrinas<br>en tu balc\u00f3n sus nidos a colgar,<br>y otra vez con el ala a sus cristales<br>jugando llamar\u00e1n.<br>Pero aquellas que el vuelo refrenaban<br>tu hermosura y mi dicha a contemplar,<br>aquellas que aprendieron nuestros nombres\u2026<br>\u00a1esas\u2026 no volver\u00e1n!.<br>Volver\u00e1n las tupidas madreselvas<br>de tu jard\u00edn las tapias a escalar,<br>y otra vez a la tarde a\u00fan m\u00e1s hermosas<br>sus flores se abrir\u00e1n.<\/p>\n\n\n\n<p>Pero aquellas, cuajadas de roc\u00edo<br>cuyas gotas mir\u00e1bamos temblar<br>y caer como l\u00e1grimas del d\u00eda\u2026<br>\u00a1esas\u2026 no volver\u00e1n!<\/p>\n\n\n\n<p>Volver\u00e1n del amor en tus o\u00eddos<br>las palabras ardientes a sonar;<br>tu coraz\u00f3n de su profundo sue\u00f1o<br>tal vez despertar\u00e1.<\/p>\n\n\n\n<p>Pero mudo y absorto y de rodillas<br>como se adora a Dios ante su altar,<br>como yo te he querido\u2026; deseng\u00e1\u00f1ate,<br>\u00a1as\u00ed\u2026 no te querr\u00e1n!<\/p>\n\n\n\n<h2 class=\"wp-block-heading\">Texto 11<\/h2>\n\n\n\n<p><strong>SI EL HOMBRE PUDIERA DECIR LO QUE AMA<\/strong> (Luis Cernuda)<\/p>\n\n\n\n<p>Si el hombre pudiera decir lo que ama,<br>si el hombre pudiera levantar su amor por el cielo<br>como una nube en la luz;<br>si como muros que se derrumban,<br>para saludar la verdad erguida en medio,<br>pudiera derrumbar su cuerpo,<br>dejando s\u00f3lo la verdad de su amor,<br>la verdad de s\u00ed mismo,<br>que no se llama gloria, fortuna o ambici\u00f3n,<br>sino amor o deseo,<br>yo ser\u00eda aquel que imaginaba;<br>aquel que con su lengua, sus ojos y sus manos<br>proclama ante los hombres la verdad ignorada,<br>la verdad de su amor verdadero.<\/p>\n\n\n\n<p>Libertad no conozco sino la libertad de estar preso en alguien<br>cuyo nombre no puedo o\u00edr sin escalofr\u00edo;<br>alguien por quien me olvido de esta existencia mezquina<br>por quien el d\u00eda y la noche son para m\u00ed lo que quiera,<br>y mi cuerpo y esp\u00edritu flotan en su cuerpo y esp\u00edritu<br>como le\u00f1os perdidos que el mar anega o levanta<br>libremente, con la libertad del amor,<br>la \u00fanica libertad que me exalta,<br>la \u00fanica libertad por que muero.<\/p>\n\n\n\n<p>T\u00fa justificas mi existencia:<br>si no te conozco, no he vivido;<br>si muero sin conocerte, no muero, porque no he vivido.<\/p>\n\n\n\n<h2 class=\"wp-block-heading\">Texto 12<\/h2>\n\n\n\n<p><strong>NANAS DE LA CEBOLLA<\/strong> (Miguel Hern\u00e1ndez)<\/p>\n\n\n\n<p>La cebolla es escarcha<br>cerrada y pobre:<br>escarcha de tus d\u00edas<br>y de mis noches.<br>Hambre y cebolla:<br>hielo negro y escarcha<br>grande y redonda.<\/p>\n\n\n\n<p>En la cuna del hambre<br>mi ni\u00f1o estaba.<br>Con sangre de cebolla<br>se amamantaba.<br>Pero tu sangre<br>escarchaba de az\u00facar,<br>cebolla y hambre.<\/p>\n\n\n\n<p>Una mujer morena,<br>resuelta en luna,<br>se derrama hilo a hilo<br>sobre la cuna.<br>R\u00edete, ni\u00f1o,<br>que te tragas la luna<br>cuando es preciso.<\/p>\n\n\n\n<p>Alondra de mi casa,<br>r\u00edete mucho.<br>Es tu risa en los ojos<br>la luz del mundo.<br>R\u00edete tanto<br>que en el alma, al o\u00edrte,<br>bata el espacio.<\/p>\n\n\n\n<p>Tu risa me hace libre,<br>me pone alas.<br>Soledades me quita,<br>c\u00e1rcel me arranca.<br>Boca que vuela,<br>coraz\u00f3n que en tus labios<br>relampaguea.<\/p>\n\n\n\n<p>Es tu risa la espada<br>m\u00e1s victoriosa.<br>Vencedor de las flores<br>y las alondras.<br>Rival del sol,<br>porvenir de mis huesos<br>y de mi amor.<\/p>\n\n\n\n<p>La carne aleteante,<br>s\u00fabito el p\u00e1rpado,<br>y el ni\u00f1o como nunca<br>coloreado.<br>\u00a1Cu\u00e1nto jilguero<br>se remonta, aletea,<br>desde tu cuerpo!<\/p>\n\n\n\n<p>Despert\u00e9 de ser ni\u00f1o.<br>Nunca despiertes.<br>Triste llevo la boca.<br>R\u00edete siempre.<br>Siempre en la cuna,<br>defendiendo la risa<br>pluma por pluma.<\/p>\n\n\n\n<p>Ser de vuelo tan alto,<br>tan extendido,<br>que tu carne parece<br>cielo cernido.<br>\u00a1Si yo pudiera<br>remontarme al origen<br>de tu carrera!<\/p>\n\n\n\n<p>Al octavo mes r\u00edes<br>con cinco azahares.<br>Con cinco diminutas<br>ferocidades.<br>Con cinco dientes<br>como cinco jazmines<br>adolescentes.<\/p>\n\n\n\n<p>Frontera de los besos<br>ser\u00e1n ma\u00f1ana,<br>cuando en la dentadura<br>sientas un arma.<br>Sientas un fuego<br>correr dientes abajo<br>buscando el centro.<\/p>\n\n\n\n<p>Vuela ni\u00f1o en la doble<br>luna del pecho.<br>\u00c9l, triste de cebolla.<br>T\u00fa, satisfecho.<br>No te derrumbes.<br>No sepas lo que pasa<br>ni lo que ocurre.<\/p>\n\n\n\n<h2 class=\"wp-block-heading\">Texto 13<\/h2>\n\n\n\n<p><strong>ME BASTA AS\u00cd <\/strong>(\u00c1ngel Gonz\u00e1lez)<\/p>\n\n\n\n<p>Si yo fuese Dios<br>y tuviese el secreto,<br>har\u00eda<br>un ser exacto a ti;<br>lo probar\u00eda<br>(a la manera de los panaderos<br>cuando prueban el pan, es decir:<br>con la boca),<br>y si ese sabor fuese<br>igual al tuyo, o sea<br>tu mismo olor, y tu manera<br>de sonre\u00edr,<br>y de guardar silencio,<br>y de estrechar mi mano estrictamente,<br>y de besarnos sin hacernos da\u00f1o<br>-de esto s\u00ed estoy seguro: pongo<br>tanta atenci\u00f3n cuando te beso-;<br>entonces,<\/p>\n\n\n\n<p>si yo fuese Dios,<br>podr\u00eda repetirte y repetirte,<br>siempre la misma y siempre diferente,<br>sin cansarme jam\u00e1s del juego id\u00e9ntico,<br>sin desde\u00f1ar tampoco la que fuiste<br>por la que ibas a ser dentro de nada;<br>ya no s\u00e9 si me explico, pero quiero<br>aclarar si yo fuese<br>Dios, har\u00eda<br>lo posible por ser \u00c1ngel Gonz\u00e1lez<br>para quererte tal como te quiero,<br>para aguardar con calma<br>a que te crees t\u00fa misma cada d\u00eda,<br>a que sorprendas todas las ma\u00f1anas<br>la luz reci\u00e9n nacida con tu propia<br>luz, y corras<br>la cortina impalpable que separa<br>el sue\u00f1o de la vida,<br>resucit\u00e1ndome con tu palabra,<br>L\u00e1zaro alegre,<br>yo, mojado todav\u00eda<br>de sombras y pereza,<br>sorprendido y absorto<br>en la contemplaci\u00f3n de todo aquello<br>que, en uni\u00f3n de m\u00ed mismo,<br>recuperas y salvas, mueves, dejas<br>abandonado cuando -luego- callas\u2026<br>(Escucho tu silencio.<br>Oigo<br>constelaciones: existes.<br>Creo en ti.<br>Eres.<br>Me basta.)<\/p>\n","protected":false},"excerpt":{"rendered":"<p>Texto 1 PATRIA (Juan Bonilla) Estos d\u00edas azules y este sol de la infancia\u2014lo comprender\u00e1s tarde\u2014 son tu \u00fanica patria. Estuvieron ya antes de que te calentarany seguir\u00e1n estando cuando te vayas. Ni banderas ni himnos ni proclamasde una mente forjada en preguntas cansadas. Un coraz\u00f3n latiendo y una miradaa la que el mundo dota [&hellip;]<\/p>\n","protected":false},"author":1,"featured_media":0,"comment_status":"open","ping_status":"open","sticky":false,"template":"","format":"standard","meta":{"_jetpack_memberships_contains_paid_content":false,"footnotes":""},"categories":[1],"tags":[],"class_list":["post-56","post","type-post","status-publish","format-standard","hentry","category-uncategorized"],"yoast_head":"<!-- This site is optimized with the Yoast SEO plugin v27.2 - https:\/\/yoast.com\/product\/yoast-seo-wordpress\/ -->\n<title>Sesi\u00f3n 3 - Experiencias de lectura po\u00e9tica<\/title>\n<meta name=\"robots\" content=\"index, follow, max-snippet:-1, max-image-preview:large, max-video-preview:-1\" \/>\n<link rel=\"canonical\" href=\"https:\/\/urbinavolant.com\/lecturapoetica\/index.php\/2026\/01\/31\/sesion-3\/\" \/>\n<meta property=\"og:locale\" content=\"es_ES\" \/>\n<meta property=\"og:type\" content=\"article\" \/>\n<meta property=\"og:title\" content=\"Sesi\u00f3n 3 - Experiencias de lectura po\u00e9tica\" \/>\n<meta property=\"og:description\" content=\"Texto 1 PATRIA (Juan Bonilla) Estos d\u00edas azules y este sol de la infancia\u2014lo comprender\u00e1s tarde\u2014 son tu \u00fanica patria. Estuvieron ya antes de que te calentarany seguir\u00e1n estando cuando te vayas. Ni banderas ni himnos ni proclamasde una mente forjada en preguntas cansadas. Un coraz\u00f3n latiendo y una miradaa la que el mundo dota [&hellip;]\" \/>\n<meta property=\"og:url\" content=\"https:\/\/urbinavolant.com\/lecturapoetica\/index.php\/2026\/01\/31\/sesion-3\/\" \/>\n<meta property=\"og:site_name\" content=\"Experiencias de lectura po\u00e9tica\" \/>\n<meta property=\"article:published_time\" content=\"2026-01-31T12:53:52+00:00\" \/>\n<meta property=\"article:modified_time\" content=\"2026-03-02T16:52:03+00:00\" \/>\n<meta property=\"og:image\" content=\"https:\/\/urbinavolant.com\/lecturapoetica\/wp-content\/uploads\/2026\/01\/71wxHir7RSL._UF10001000_QL80_.jpg\" \/>\n\t<meta property=\"og:image:width\" content=\"634\" \/>\n\t<meta property=\"og:image:height\" content=\"1000\" \/>\n\t<meta property=\"og:image:type\" content=\"image\/jpeg\" \/>\n<meta name=\"author\" content=\"admin\" \/>\n<meta name=\"twitter:card\" content=\"summary_large_image\" \/>\n<meta name=\"twitter:label1\" content=\"Escrito por\" \/>\n\t<meta name=\"twitter:data1\" content=\"admin\" \/>\n\t<meta name=\"twitter:label2\" content=\"Tiempo de lectura\" \/>\n\t<meta name=\"twitter:data2\" content=\"10 minutos\" \/>\n<script type=\"application\/ld+json\" class=\"yoast-schema-graph\">{\"@context\":\"https:\/\/schema.org\",\"@graph\":[{\"@type\":\"Article\",\"@id\":\"https:\/\/urbinavolant.com\/lecturapoetica\/index.php\/2026\/01\/31\/sesion-3\/#article\",\"isPartOf\":{\"@id\":\"https:\/\/urbinavolant.com\/lecturapoetica\/index.php\/2026\/01\/31\/sesion-3\/\"},\"author\":{\"name\":\"admin\",\"@id\":\"https:\/\/urbinavolant.com\/lecturapoetica\/#\/schema\/person\/07486efa7706ad7e35909b766066247b\"},\"headline\":\"Sesi\u00f3n 3\",\"datePublished\":\"2026-01-31T12:53:52+00:00\",\"dateModified\":\"2026-03-02T16:52:03+00:00\",\"mainEntityOfPage\":{\"@id\":\"https:\/\/urbinavolant.com\/lecturapoetica\/index.php\/2026\/01\/31\/sesion-3\/\"},\"wordCount\":1967,\"commentCount\":0,\"image\":{\"@id\":\"https:\/\/urbinavolant.com\/lecturapoetica\/index.php\/2026\/01\/31\/sesion-3\/#primaryimage\"},\"thumbnailUrl\":\"https:\/\/urbinavolant.com\/lecturapoetica\/wp-content\/uploads\/2026\/01\/71wxHir7RSL._UF10001000_QL80_.jpg\",\"articleSection\":[\"Uncategorized\"],\"inLanguage\":\"es\",\"potentialAction\":[{\"@type\":\"CommentAction\",\"name\":\"Comment\",\"target\":[\"https:\/\/urbinavolant.com\/lecturapoetica\/index.php\/2026\/01\/31\/sesion-3\/#respond\"]}]},{\"@type\":\"WebPage\",\"@id\":\"https:\/\/urbinavolant.com\/lecturapoetica\/index.php\/2026\/01\/31\/sesion-3\/\",\"url\":\"https:\/\/urbinavolant.com\/lecturapoetica\/index.php\/2026\/01\/31\/sesion-3\/\",\"name\":\"Sesi\u00f3n 3 - Experiencias de lectura po\u00e9tica\",\"isPartOf\":{\"@id\":\"https:\/\/urbinavolant.com\/lecturapoetica\/#website\"},\"primaryImageOfPage\":{\"@id\":\"https:\/\/urbinavolant.com\/lecturapoetica\/index.php\/2026\/01\/31\/sesion-3\/#primaryimage\"},\"image\":{\"@id\":\"https:\/\/urbinavolant.com\/lecturapoetica\/index.php\/2026\/01\/31\/sesion-3\/#primaryimage\"},\"thumbnailUrl\":\"https:\/\/urbinavolant.com\/lecturapoetica\/wp-content\/uploads\/2026\/01\/71wxHir7RSL._UF10001000_QL80_.jpg\",\"datePublished\":\"2026-01-31T12:53:52+00:00\",\"dateModified\":\"2026-03-02T16:52:03+00:00\",\"author\":{\"@id\":\"https:\/\/urbinavolant.com\/lecturapoetica\/#\/schema\/person\/07486efa7706ad7e35909b766066247b\"},\"breadcrumb\":{\"@id\":\"https:\/\/urbinavolant.com\/lecturapoetica\/index.php\/2026\/01\/31\/sesion-3\/#breadcrumb\"},\"inLanguage\":\"es\",\"potentialAction\":[{\"@type\":\"ReadAction\",\"target\":[\"https:\/\/urbinavolant.com\/lecturapoetica\/index.php\/2026\/01\/31\/sesion-3\/\"]}]},{\"@type\":\"ImageObject\",\"inLanguage\":\"es\",\"@id\":\"https:\/\/urbinavolant.com\/lecturapoetica\/index.php\/2026\/01\/31\/sesion-3\/#primaryimage\",\"url\":\"https:\/\/urbinavolant.com\/lecturapoetica\/wp-content\/uploads\/2026\/01\/71wxHir7RSL._UF10001000_QL80_.jpg\",\"contentUrl\":\"https:\/\/urbinavolant.com\/lecturapoetica\/wp-content\/uploads\/2026\/01\/71wxHir7RSL._UF10001000_QL80_.jpg\",\"width\":634,\"height\":1000},{\"@type\":\"BreadcrumbList\",\"@id\":\"https:\/\/urbinavolant.com\/lecturapoetica\/index.php\/2026\/01\/31\/sesion-3\/#breadcrumb\",\"itemListElement\":[{\"@type\":\"ListItem\",\"position\":1,\"name\":\"Portada\",\"item\":\"https:\/\/urbinavolant.com\/lecturapoetica\/\"},{\"@type\":\"ListItem\",\"position\":2,\"name\":\"Sesi\u00f3n 3\"}]},{\"@type\":\"WebSite\",\"@id\":\"https:\/\/urbinavolant.com\/lecturapoetica\/#website\",\"url\":\"https:\/\/urbinavolant.com\/lecturapoetica\/\",\"name\":\"Experiencias de lectura po\u00e9tica\",\"description\":\"Sesiones de la Universidad de la Experiencia de la Universidad de Burgos\",\"potentialAction\":[{\"@type\":\"SearchAction\",\"target\":{\"@type\":\"EntryPoint\",\"urlTemplate\":\"https:\/\/urbinavolant.com\/lecturapoetica\/?s={search_term_string}\"},\"query-input\":{\"@type\":\"PropertyValueSpecification\",\"valueRequired\":true,\"valueName\":\"search_term_string\"}}],\"inLanguage\":\"es\"},{\"@type\":\"Person\",\"@id\":\"https:\/\/urbinavolant.com\/lecturapoetica\/#\/schema\/person\/07486efa7706ad7e35909b766066247b\",\"name\":\"admin\",\"image\":{\"@type\":\"ImageObject\",\"inLanguage\":\"es\",\"@id\":\"https:\/\/secure.gravatar.com\/avatar\/21d3e60c40d9543da4ac5e2ac1e82727d5dd42c851863dd1d7c08607dce7373a?s=96&d=mm&r=g\",\"url\":\"https:\/\/secure.gravatar.com\/avatar\/21d3e60c40d9543da4ac5e2ac1e82727d5dd42c851863dd1d7c08607dce7373a?s=96&d=mm&r=g\",\"contentUrl\":\"https:\/\/secure.gravatar.com\/avatar\/21d3e60c40d9543da4ac5e2ac1e82727d5dd42c851863dd1d7c08607dce7373a?s=96&d=mm&r=g\",\"caption\":\"admin\"},\"sameAs\":[\"https:\/\/urbinavolant.com\/lecturapoetica\"],\"url\":\"https:\/\/urbinavolant.com\/lecturapoetica\/index.php\/author\/rauf\/\"}]}<\/script>\n<!-- \/ Yoast SEO plugin. -->","yoast_head_json":{"title":"Sesi\u00f3n 3 - Experiencias de lectura po\u00e9tica","robots":{"index":"index","follow":"follow","max-snippet":"max-snippet:-1","max-image-preview":"max-image-preview:large","max-video-preview":"max-video-preview:-1"},"canonical":"https:\/\/urbinavolant.com\/lecturapoetica\/index.php\/2026\/01\/31\/sesion-3\/","og_locale":"es_ES","og_type":"article","og_title":"Sesi\u00f3n 3 - Experiencias de lectura po\u00e9tica","og_description":"Texto 1 PATRIA (Juan Bonilla) Estos d\u00edas azules y este sol de la infancia\u2014lo comprender\u00e1s tarde\u2014 son tu \u00fanica patria. Estuvieron ya antes de que te calentarany seguir\u00e1n estando cuando te vayas. Ni banderas ni himnos ni proclamasde una mente forjada en preguntas cansadas. Un coraz\u00f3n latiendo y una miradaa la que el mundo dota [&hellip;]","og_url":"https:\/\/urbinavolant.com\/lecturapoetica\/index.php\/2026\/01\/31\/sesion-3\/","og_site_name":"Experiencias de lectura po\u00e9tica","article_published_time":"2026-01-31T12:53:52+00:00","article_modified_time":"2026-03-02T16:52:03+00:00","og_image":[{"width":634,"height":1000,"url":"https:\/\/urbinavolant.com\/lecturapoetica\/wp-content\/uploads\/2026\/01\/71wxHir7RSL._UF10001000_QL80_.jpg","type":"image\/jpeg"}],"author":"admin","twitter_card":"summary_large_image","twitter_misc":{"Escrito por":"admin","Tiempo de lectura":"10 minutos"},"schema":{"@context":"https:\/\/schema.org","@graph":[{"@type":"Article","@id":"https:\/\/urbinavolant.com\/lecturapoetica\/index.php\/2026\/01\/31\/sesion-3\/#article","isPartOf":{"@id":"https:\/\/urbinavolant.com\/lecturapoetica\/index.php\/2026\/01\/31\/sesion-3\/"},"author":{"name":"admin","@id":"https:\/\/urbinavolant.com\/lecturapoetica\/#\/schema\/person\/07486efa7706ad7e35909b766066247b"},"headline":"Sesi\u00f3n 3","datePublished":"2026-01-31T12:53:52+00:00","dateModified":"2026-03-02T16:52:03+00:00","mainEntityOfPage":{"@id":"https:\/\/urbinavolant.com\/lecturapoetica\/index.php\/2026\/01\/31\/sesion-3\/"},"wordCount":1967,"commentCount":0,"image":{"@id":"https:\/\/urbinavolant.com\/lecturapoetica\/index.php\/2026\/01\/31\/sesion-3\/#primaryimage"},"thumbnailUrl":"https:\/\/urbinavolant.com\/lecturapoetica\/wp-content\/uploads\/2026\/01\/71wxHir7RSL._UF10001000_QL80_.jpg","articleSection":["Uncategorized"],"inLanguage":"es","potentialAction":[{"@type":"CommentAction","name":"Comment","target":["https:\/\/urbinavolant.com\/lecturapoetica\/index.php\/2026\/01\/31\/sesion-3\/#respond"]}]},{"@type":"WebPage","@id":"https:\/\/urbinavolant.com\/lecturapoetica\/index.php\/2026\/01\/31\/sesion-3\/","url":"https:\/\/urbinavolant.com\/lecturapoetica\/index.php\/2026\/01\/31\/sesion-3\/","name":"Sesi\u00f3n 3 - Experiencias de lectura po\u00e9tica","isPartOf":{"@id":"https:\/\/urbinavolant.com\/lecturapoetica\/#website"},"primaryImageOfPage":{"@id":"https:\/\/urbinavolant.com\/lecturapoetica\/index.php\/2026\/01\/31\/sesion-3\/#primaryimage"},"image":{"@id":"https:\/\/urbinavolant.com\/lecturapoetica\/index.php\/2026\/01\/31\/sesion-3\/#primaryimage"},"thumbnailUrl":"https:\/\/urbinavolant.com\/lecturapoetica\/wp-content\/uploads\/2026\/01\/71wxHir7RSL._UF10001000_QL80_.jpg","datePublished":"2026-01-31T12:53:52+00:00","dateModified":"2026-03-02T16:52:03+00:00","author":{"@id":"https:\/\/urbinavolant.com\/lecturapoetica\/#\/schema\/person\/07486efa7706ad7e35909b766066247b"},"breadcrumb":{"@id":"https:\/\/urbinavolant.com\/lecturapoetica\/index.php\/2026\/01\/31\/sesion-3\/#breadcrumb"},"inLanguage":"es","potentialAction":[{"@type":"ReadAction","target":["https:\/\/urbinavolant.com\/lecturapoetica\/index.php\/2026\/01\/31\/sesion-3\/"]}]},{"@type":"ImageObject","inLanguage":"es","@id":"https:\/\/urbinavolant.com\/lecturapoetica\/index.php\/2026\/01\/31\/sesion-3\/#primaryimage","url":"https:\/\/urbinavolant.com\/lecturapoetica\/wp-content\/uploads\/2026\/01\/71wxHir7RSL._UF10001000_QL80_.jpg","contentUrl":"https:\/\/urbinavolant.com\/lecturapoetica\/wp-content\/uploads\/2026\/01\/71wxHir7RSL._UF10001000_QL80_.jpg","width":634,"height":1000},{"@type":"BreadcrumbList","@id":"https:\/\/urbinavolant.com\/lecturapoetica\/index.php\/2026\/01\/31\/sesion-3\/#breadcrumb","itemListElement":[{"@type":"ListItem","position":1,"name":"Portada","item":"https:\/\/urbinavolant.com\/lecturapoetica\/"},{"@type":"ListItem","position":2,"name":"Sesi\u00f3n 3"}]},{"@type":"WebSite","@id":"https:\/\/urbinavolant.com\/lecturapoetica\/#website","url":"https:\/\/urbinavolant.com\/lecturapoetica\/","name":"Experiencias de lectura po\u00e9tica","description":"Sesiones de la Universidad de la Experiencia de la Universidad de Burgos","potentialAction":[{"@type":"SearchAction","target":{"@type":"EntryPoint","urlTemplate":"https:\/\/urbinavolant.com\/lecturapoetica\/?s={search_term_string}"},"query-input":{"@type":"PropertyValueSpecification","valueRequired":true,"valueName":"search_term_string"}}],"inLanguage":"es"},{"@type":"Person","@id":"https:\/\/urbinavolant.com\/lecturapoetica\/#\/schema\/person\/07486efa7706ad7e35909b766066247b","name":"admin","image":{"@type":"ImageObject","inLanguage":"es","@id":"https:\/\/secure.gravatar.com\/avatar\/21d3e60c40d9543da4ac5e2ac1e82727d5dd42c851863dd1d7c08607dce7373a?s=96&d=mm&r=g","url":"https:\/\/secure.gravatar.com\/avatar\/21d3e60c40d9543da4ac5e2ac1e82727d5dd42c851863dd1d7c08607dce7373a?s=96&d=mm&r=g","contentUrl":"https:\/\/secure.gravatar.com\/avatar\/21d3e60c40d9543da4ac5e2ac1e82727d5dd42c851863dd1d7c08607dce7373a?s=96&d=mm&r=g","caption":"admin"},"sameAs":["https:\/\/urbinavolant.com\/lecturapoetica"],"url":"https:\/\/urbinavolant.com\/lecturapoetica\/index.php\/author\/rauf\/"}]}},"jetpack_featured_media_url":"","jetpack_sharing_enabled":true,"_links":{"self":[{"href":"https:\/\/urbinavolant.com\/lecturapoetica\/index.php\/wp-json\/wp\/v2\/posts\/56","targetHints":{"allow":["GET"]}}],"collection":[{"href":"https:\/\/urbinavolant.com\/lecturapoetica\/index.php\/wp-json\/wp\/v2\/posts"}],"about":[{"href":"https:\/\/urbinavolant.com\/lecturapoetica\/index.php\/wp-json\/wp\/v2\/types\/post"}],"author":[{"embeddable":true,"href":"https:\/\/urbinavolant.com\/lecturapoetica\/index.php\/wp-json\/wp\/v2\/users\/1"}],"replies":[{"embeddable":true,"href":"https:\/\/urbinavolant.com\/lecturapoetica\/index.php\/wp-json\/wp\/v2\/comments?post=56"}],"version-history":[{"count":10,"href":"https:\/\/urbinavolant.com\/lecturapoetica\/index.php\/wp-json\/wp\/v2\/posts\/56\/revisions"}],"predecessor-version":[{"id":150,"href":"https:\/\/urbinavolant.com\/lecturapoetica\/index.php\/wp-json\/wp\/v2\/posts\/56\/revisions\/150"}],"wp:attachment":[{"href":"https:\/\/urbinavolant.com\/lecturapoetica\/index.php\/wp-json\/wp\/v2\/media?parent=56"}],"wp:term":[{"taxonomy":"category","embeddable":true,"href":"https:\/\/urbinavolant.com\/lecturapoetica\/index.php\/wp-json\/wp\/v2\/categories?post=56"},{"taxonomy":"post_tag","embeddable":true,"href":"https:\/\/urbinavolant.com\/lecturapoetica\/index.php\/wp-json\/wp\/v2\/tags?post=56"}],"curies":[{"name":"wp","href":"https:\/\/api.w.org\/{rel}","templated":true}]}}