{"id":54,"date":"2026-01-31T12:52:36","date_gmt":"2026-01-31T12:52:36","guid":{"rendered":"https:\/\/urbinavolant.com\/lecturapoetica\/?p=54"},"modified":"2026-03-03T10:11:25","modified_gmt":"2026-03-03T10:11:25","slug":"sesion-2","status":"publish","type":"post","link":"https:\/\/urbinavolant.com\/lecturapoetica\/index.php\/2026\/01\/31\/sesion-2\/","title":{"rendered":"Sesi\u00f3n 2"},"content":{"rendered":"\n<h2 class=\"wp-block-heading\">Texto 1<\/h2>\n\n\n\n<p><strong>CAPERUCITA FEROZ<\/strong> (Luis Alberto de Cuenca)<\/p>\n\n\n\n<p>Hola, mi amor, yo soy el lobo.<br>Quiero tenerte cerca para o\u00edrte mejor.<br>Hola, mi amor, soy yo, tu lobo.<br>Quiero tenerte cerca para verte mejor.<\/p>\n\n\n\n<p><em>Si con tus garras me quisieras t\u00fa abrazar,<br>si con tus dientes me quisieras t\u00fa besar\u2026<\/em><\/p>\n\n\n\n<p>Hola, mi amor, yo soy el lobo.<br>Quiero tenerte cerca para hablarte mejor.<br>Hola, mi amor, soy yo, tu lobo.<br>Quiero tenerte cerca para olerte mejor.<\/p>\n\n\n\n<p><em>Yo lo que quiero es tu cuerpo tan brutal,<br>y lo que adoro es tu fuerza de animal.<\/em><\/p>\n\n\n\n<p><em>Si con tus garras me quisieras t\u00fa abrazar,<br>si con tus dientes me quisieras t\u00fa besar\u2026<\/em><\/p>\n\n\n\n<p>Hola, mi amor, yo soy el lobo.<br>Te he comprado un anillo, un pastel y un yoyo.<br>Hola, mi amor, soy yo, tu lobo.<br>Quiero bailar contigo un lindo rock &amp; roll.<\/p>\n\n\n\n<p><em>Yo solo quiero una noche sin final,<br>en la que ambos nos podamos devorar.<\/em><br><\/p>\n\n\n\n<h2 class=\"wp-block-heading\">Texto 2<\/h2>\n\n\n\n<p><strong>HAGAMOS UN TRATO<\/strong> (Mario Benedetti)<\/p>\n\n\n\n<p>Compa\u00f1era usted sabe<br>puede contar conmigo<br>no hasta dos o hasta diez<br>sino contar conmigo<\/p>\n\n\n\n<p>si alguna vez advierte<br>que a los ojos la miro<br>y una veta de amor<br>reconoce en los m\u00edos<br>no alerte sus fusiles<br>ni piense que deliro<\/p>\n\n\n\n<p>a pesar de esa veta<br>de amor desprevenido<br>usted sabe que puede<br>contar conmigo<\/p>\n\n\n\n<p>pero hagamos un trato<br>nada definitivo<br>yo quisiera contar<br>con usted es tan lindo<br>saber que usted existe<br>uno se siente vivo<\/p>\n\n\n\n<p>quiero decir contar<br>hasta dos hasta cinco<br>no ya para que acuda<br>presurosa en mi auxilio<\/p>\n\n\n\n<p>sino para saber<br>y as\u00ed quedar tranquilo<br>que usted sabe que puede<br>contar conmigo<\/p>\n\n\n\n<p><\/p>\n\n\n\n<h2 class=\"wp-block-heading\">Texto 3<\/h2>\n\n\n\n<p><strong>SONETO VIII<\/strong> (Garcilaso de la Vega)<\/p>\n\n\n\n<p>De aquella vista pura y excelente<br>salen espirtus vivos y encendidos,<br>y siendo por mis ojos recebidos,<br>me pasan hasta donde el mal se siente.<br><br>Encu\u00e9ntranse al camino f\u00e1cilmente,<br>con los m\u00edos, que de tal calor movidos<br>salen fuera de m\u00ed como perdidos,<br>llamados de aquel bien que est\u00e1 presente.<br><br>Ausente, en la memoria la imagino;<br>mis espirtus, pensando que la v\u00edan,<br>se mueven y se encienden sin medida;<br><br>mas no hallando f\u00e1cil el camino,<br>que los suyos entrando derret\u00edan,<br>revientan por salir do no hay salida.<\/p>\n\n\n\n<p><\/p>\n\n\n\n<p><strong>SONETO <\/strong>X Garcilaso de la Vega)<br>\u00a1Oh dulces prendas por mi mal halladas,<br>dulces y alegres cuando Dios quer\u00eda,<br>juntas est\u00e1is en la memoria m\u00eda<br>y con ella en mi muerte conjuradas!<\/p>\n\n\n\n<p>\u00bfQui\u00e9n me dijera, cuando las pasadas<br>horas qu\u2019en tanto bien por vos me v\u00eda,<br>que me habiades de ser en alg\u00fan d\u00eda<br>con tan grave dolor representadas?<\/p>\n\n\n\n<p>Pues en una hora junto me llevastes<br>todo el bien que por t\u00e9rminos me distes,<br>llev\u00e1me junto el mal que me dejastes;<\/p>\n\n\n\n<p>si no, sospechar\u00e9 que me pusistes<br>en tantos bienes porque deseastes<br>verme morir entre memorias tristes.<\/p>\n\n\n\n<p><strong>SONETO XXII<\/strong>I (Garcilaso de la Vega)<br>En tanto que de rosa y azucena<br>se muestra la color en vuestro gesto,<br>y que vuestro mirar ardiente, honesto,<br>enciende el coraz\u00f3n y lo refrena,<\/p>\n\n\n\n<p>y en tanto que el cabello, que en la vena<br>del oro se escogi\u00f3, con vuelo presto,<br>por el hermoso cuello blanco, enhiesto,<br>el viento mueve, esparce y desordena,<\/p>\n\n\n\n<p>coged de vuestra alegre primavera<br>el dulce fruto, antes que el tiempo airado<br>cubra de nieve la hermosa cumbre.<\/p>\n\n\n\n<p>Marchitar\u00e1 la rosa el tiempo helado,<br>todo lo mudar\u00e1 la edad ligera<br>por no hacer mudanza en su costumbre.<\/p>\n\n\n\n<h2 class=\"wp-block-heading\">Texto 4<\/h2>\n\n\n\n<p><strong>ESTANCIA V <\/strong>(Sergio Gaspar)<\/p>\n\n\n\n<p>Me lo repetir\u00e9 nuevamente, aceptando<br>que no lograr\u00e9 aprenderlo. Nuestra tarea<br>\u2014si tenemos alguna\u2014no consiste<br>en completar con acierto el crucigrama<br>del d\u00eda vac\u00edo, sentados en un bar<br>o viajando en un tren de cercan\u00edas<br>\u2014aunque sea \u00e9sta tambi\u00e9n nuestra tarea,<br>quiz\u00e1 la principal, si lo pienso despacio\u2014,<br>intentar no aburrirnos con las cosas. Nuestra<br>tarea es levantar un hogar que se derrumba<br>\u2014lo llamaremos identidad\u2014 con fragmentos<br>de recuerdos no necesariamente vividos.<br>Nuestra tarea es recordar algunos rostros,<br>ciertas fechas de nacimientos y de muertes,<br>el camino para volver a casa, y el partido<br>al que votamos, y el nombre de nuestro perro.<br>No parece gran cosa \u2014y no lo es, en efecto\u2014,<br>hasta que llega la hora<br>en que alguien que te ense\u00f1\u00f3 tu nombre lo olvida.<\/p>\n\n\n\n<p><\/p>\n\n\n\n<h2 class=\"wp-block-heading\">Texto 5<\/h2>\n\n\n\n<p><strong>ODA A LA VIDA RETIRADA<\/strong> (Fray Luis de Le\u00f3n)<\/p>\n\n\n\n<p>\u00a1Qu\u00e9 descansada vida<br>la del que huye del mundanal ru\u00efdo,<br>y sigue la escondida<br>senda, por donde han ido<br>los pocos sabios que en el mundo han sido;<\/p>\n\n\n\n<p>Que no le enturbia el pecho<br>de los soberbios grandes el estado,<br>ni del dorado techo<br>se admira, fabricado<br>del sabio Moro, en jaspe sustentado!<\/p>\n\n\n\n<p>No cura si la fama<br>canta con voz su nombre pregonera,<br>ni cura si encarama<br>la lengua lisonjera<br>lo que condena la verdad sincera.<\/p>\n\n\n\n<p>\u00bfQu\u00e9 presta a mi contento<br>si soy del vano dedo se\u00f1alado;<br>si, en busca deste viento,<br>ando desalentado<br>con ansias vivas, con mortal cuidado?<\/p>\n\n\n\n<p>\u00a1Oh monte, oh fuente, oh r\u00edo,!<br>\u00a1Oh secreto seguro, deleitoso!<br>Roto casi el nav\u00edo,<br>a vuestro almo reposo<br>huyo de aqueste mar tempestuoso.<\/p>\n\n\n\n<p>Un no rompido sue\u00f1o,<br>un d\u00eda puro, alegre, libre quiero;<br>no quiero ver el ce\u00f1o<br>vanamente severo<br>de a quien la sangre ensalza o el dinero.<\/p>\n\n\n\n<p>Despi\u00e9rtenme las aves<br>con su cantar sabroso no aprendido;<br>no los cuidados graves<br>de que es siempre seguido<br>el que al ajeno arbitrio est\u00e1 atenido.<\/p>\n\n\n\n<p>Vivir quiero conmigo,<br>gozar quiero del bien que debo al cielo,<br>a solas, sin testigo,<br>libre de amor, de celo,<br>de odio, de esperanzas, de recelo.<\/p>\n\n\n\n<p>Del monte en la ladera,<br>por mi mano plantado tengo un huerto,<br>que con la primavera<br>de bella flor cubierto<br>ya muestra en esperanza el fruto cierto.<\/p>\n\n\n\n<p>Y como codiciosa<br>por ver y acrecentar su hermosura,<br>desde la cumbre airosa<br>una fontana pura<br>hasta llegar corriendo se apresura.<\/p>\n\n\n\n<p>Y luego, sosegada,<br>el paso entre los \u00e1rboles torciendo,<br>el suelo de pasada<br>de verdura vistiendo<br>y con diversas flores va esparciendo.<br>El aire del huerto orea<br>y ofrece mil olores al sentido;<br>los \u00e1rboles menea<br>con un manso ru\u00efdo<br>que del oro y del cetro pone olvido.<\/p>\n\n\n\n<p>T\u00e9ngase su tesoro<br>los que de un falso le\u00f1o se conf\u00edan;<br>no es m\u00edo ver el lloro<br>de los que desconf\u00edan<br>cuando el cierzo y el \u00e1brego porf\u00edan.<\/p>\n\n\n\n<p>La combatida antena<br>cruje, y en ciega noche el claro d\u00eda<br>se torna, al cielo suena<br>confusa vocer\u00eda,<br>y la mar enriquecen a porf\u00eda.<\/p>\n\n\n\n<p>A m\u00ed una pobrecilla<br>mesa de amable paz bien abastada<br>me basta, y la vajilla,<br>de fino oro labrada<br>sea de quien la mar no teme airada.<\/p>\n\n\n\n<p>Y mientras miserable-<br>mente se est\u00e1n los otros abrazando<br>con sed insac\u00efable<br>del peligroso mando,<br>tendido yo a la sombra est\u00e9 cantando.<\/p>\n\n\n\n<p>A la sombra tendido,<br>de hiedra y lauro eterno coronado,<br>puesto el atento o\u00eddo<br>al son dulce, acordado,<br>del plectro sabiamente meneado.<\/p>\n\n\n\n<p><strong>A FRANCISCO SALINAS <\/strong>(Fray Luis de Le\u00f3n)<br>El aire se serena<br>y viste de hermosura y luz no usada,<br>Salinas, cuando suena<br>la m\u00fasica estremada,<br>por vuestra sabia mano gobernada.<br><br>A cuyo son divino<br>el alma, que en olvido est\u00e1 sumida,<br>torna a cobrar el tino<br>y memoria perdida<br>de su origen primera esclarecida.<\/p>\n\n\n\n<p>Y como se conoce,<br>en suerte y pensamientos se mejora;<br>el oro desconoce,<br>que el vulgo vil adora,<br>la belleza caduca, enga\u00f1adora.<\/p>\n\n\n\n<p>Traspasa el aire todo<br>hasta llegar a la m\u00e1s alta esfera,<br>y oye all\u00ed otro modo<br>de no perecedera<br>m\u00fasica, que es la fuente y la primera.<\/p>\n\n\n\n<p>Ve c\u00f3mo el gran maestro,<br>aquesta inmensa c\u00edtara aplicado,<br>con movimiento diestro<br>produce el son sagrado,<br>con que este eterno templo es sustentado.<\/p>\n\n\n\n<p>Y como est\u00e1 compuesta<br>de n\u00fameros concordes, luego env\u00eda<br>consonante respuesta;<br>y entrambas a porf\u00eda<br>se mezcla una dulc\u00edsima armon\u00eda.<\/p>\n\n\n\n<p>Aqu\u00ed la alma navega<br>por un mar de dulzura, y finalmente<br>en \u00e9l ans\u00ed se anega<br>que ning\u00fan accidente<br>estra\u00f1o y peregrino oye o siente.<\/p>\n\n\n\n<p>\u00a1Oh, desmayo dichoso!<br>\u00a1Oh, muerte que das vida! \u00a1Oh, dulce olvido!<br>\u00a1Durase en tu reposo,<br>sin ser restituido<br>jam\u00e1s a aqueste bajo y vil sentido!<br><br>A este bien os llamo,<br>gloria del apol\u00edneo sacro coro,<br>amigos a quien amo<br>sobre todo tesoro;<br>que todo lo visible es triste lloro.<\/p>\n\n\n\n<p>\u00a1Oh, suene de contino,<br>Salinas, vuestro son en mis o\u00eddos,<br>por quien al bien divino<br>despiertan los sentidos<br>quedando a lo dem\u00e1s amortecidos!<\/p>\n\n\n\n<h2 class=\"wp-block-heading\">Texto 6<\/h2>\n\n\n\n<p><strong>ROMANCE SON\u00c1MBULO <\/strong>(Federico Garc\u00eda Lorca)<\/p>\n\n\n\n<p>Verde que te quiero verde.<br>Verde viento. Verdes ramas.<br>El barco sobre la mar<br>y el caballo en la monta\u00f1a.<br>Con la sombra en la cintura<br>ella sue\u00f1a en su baranda,<br>verde carne, pelo verde,<br>con ojos de fr\u00eda plata.<br>Verde que te quiero verde.<br>Bajo la luna gitana,<br>las cosas le est\u00e1n mirando<br>y ella no puede mirarlas.<\/p>\n\n\n\n<p>Verde que te quiero verde.<br>Grandes estrellas de escarcha,<br>vienen con el pez de sombra<br>que abre el camino del alba.<br>La higuera frota su viento<br>con la lija de sus ramas,<br>y el monte, gato gardu\u00f1o,<br>eriza sus pitas agrias.<br>\u00bfPero qui\u00e9n vendr\u00e1? \u00bfY por d\u00f3nde\u2026?<br>Ella sigue en su baranda,<br>verde carne, pelo verde,<br>so\u00f1ando en la mar amarga.<\/p>\n\n\n\n<p>Compadre, quiero cambiar<br>mi caballo por su casa,<br>mi montura por su espejo,<br>mi cuchillo por su manta.<br>Compadre, vengo sangrando,<br>desde los montes de Cabra.<br>Si yo pudiera, mocito,<br>ese trato se cerraba.<br>Pero yo ya no soy yo,<br>ni mi casa es ya mi casa.<br>Compadre, quiero morir<br>decentemente en mi cama.<br>De acero, si puede ser,<br>con las s\u00e1banas de holanda.<br>\u00bfNo ves la herida que tengo<br>desde el pecho a la garganta?<br>Trescientas rosas morenas<br>lleva tu pechera blanca.<br>Tu sangre rezuma y huele<br>alrededor de tu faja.<br>Pero yo ya no soy yo,<br>ni mi casa es ya mi casa.<br>Dejadme subir al menos<br>hasta las altas barandas,<br>dejadme subir, dejadme,<br>hasta las verdes barandas.<br>Barandales de la luna<br>por donde retumba el agua.<\/p>\n\n\n\n<p>Ya suben los dos compadres<br>hacia las altas barandas.<br>Dejando un rastro de sangre.<br>Dejando un rastro de l\u00e1grimas.<br>Temblaban en los tejados<br>farolillos de hojalata.<br>Mil panderos de cristal,<br>her\u00edan la madrugada.<\/p>\n\n\n\n<p>Verde que te quiero verde,<br>verde viento, verdes ramas.<br>Los dos compadres subieron.<br>El largo viento, dejaba<br>en la boca un raro gusto<br>de hiel, de menta y de albahaca.<br>\u00a1Compadre! \u00bfD\u00f3nde est\u00e1, dime?<br>\u00bfD\u00f3nde est\u00e1 mi ni\u00f1a amarga?<br>\u00a1Cu\u00e1ntas veces te esper\u00f3!<br>\u00a1Cu\u00e1ntas veces te esperara,<br>cara fresca, negro pelo,<br>en esta verde baranda!<\/p>\n\n\n\n<p>Sobre el rostro del aljibe<br>se mec\u00eda la gitana.<br>Verde carne, pelo verde,<br>con ojos de fr\u00eda plata.<br>Un car\u00e1mbano de luna<br>la sostiene sobre el agua.<br>La noche su puso \u00edntima<br>como una peque\u00f1a plaza.<br>Guardias civiles borrachos,<br>en la puerta golpeaban.<br>Verde que te quiero verde.<br>Verde viento. Verdes ramas.<br>El barco sobre la mar.<br>Y el caballo en la monta\u00f1a.<\/p>\n\n\n\n<p>\u2003<br><strong>ASESINADO POR EL CIELO<\/strong> (Federico Garc\u00eda Lorca)<br>Asesinado por el cielo.<br>Entre las formas que van hacia la sierpe<br>y las formas que buscan el cristal,<br>dejar\u00e9 crecer mis cabellos.<\/p>\n\n\n\n<p>Con el \u00e1rbol de mu\u00f1ones que no canta<br>y el ni\u00f1o con el blanco rostro de huevo.<br>Con los animalitos de cabeza rota<br>y el agua harapienta de los pies secos.<\/p>\n\n\n\n<p>Con todo lo que tiene cansancio sordomudo<br>y mariposa ahogada en el tintero.<br>Tropezando con mi rostro distinto de cada d\u00eda.<br>\u00a1Asesinado por el cielo!<\/p>\n\n\n\n<h2 class=\"wp-block-heading\">Breve intermedio<\/h2>\n\n\n\n<p><strong>Leer es vivir dos veces<\/strong><\/p>\n\n\n\n<figure class=\"wp-block-embed is-type-wp-embed is-provider-experiencias-de-lectura-po-tica wp-block-embed-experiencias-de-lectura-po-tica\"><div class=\"wp-block-embed__wrapper\">\n<blockquote class=\"wp-embedded-content\" data-secret=\"BMcz9XaAMj\"><a href=\"https:\/\/urbinavolant.com\/lecturapoetica\/index.php\/2026\/02\/08\/leer-es-vivir-dos-veces\/\">Leer es vivir dos veces<\/a><\/blockquote><iframe loading=\"lazy\" class=\"wp-embedded-content\" sandbox=\"allow-scripts\" security=\"restricted\" style=\"position: absolute; visibility: hidden;\" title=\"\u00abLeer es vivir dos veces\u00bb \u2014 Experiencias de lectura po\u00e9tica\" src=\"https:\/\/urbinavolant.com\/lecturapoetica\/index.php\/2026\/02\/08\/leer-es-vivir-dos-veces\/embed\/#?secret=VePOVerH5a#?secret=BMcz9XaAMj\" data-secret=\"BMcz9XaAMj\" width=\"600\" height=\"338\" frameborder=\"0\" marginwidth=\"0\" marginheight=\"0\" scrolling=\"no\"><\/iframe>\n<\/div><\/figure>\n\n\n\n<h3 class=\"wp-block-heading\">Texto 7<\/h3>\n\n\n\n<p><strong>LIFE VEST UNDER YOUR SEAT<\/strong> (Luis Garc\u00eda Montero)<\/p>\n\n\n\n<p>Se\u00f1ores pasajeros, buenas tardes<br>y Nueva York al fondo todav\u00eda,<br>delicadas las torres de Manhattan<br>con la luz sumergida de una muchacha triste,<br>buenas tardes, se\u00f1ores pasajeros,<br>mantendremos en vuelo doce mil pies de altura,<br>altos como su cuerpo en el pasillo<br>de la Universidad, una pregunta,<br>podr\u00eda repetirme el t\u00edtulo del libro,<br>cumpliendo normas internacionales,<br>las cuatro ventanillas de emergencia,<br>pero habr\u00e1 que cenar, tal vez alguna copa,<br>casi vivir sin v\u00ednculo y sin l\u00edmites,<br>modos de ver la noche y estar en los cristales<br>del alba, regresando,<br>y muchas otras noches regresando<br>bajo edificios de temblor acu\u00e1tico,<br>a una velocidad de novecientos<br>kil\u00f3metros, te dije<br>que nunca resist\u00ed las despedidas,<br>al aeropuerto no,<br>prefiero tu recuerdo por mi casa,<br>apoyado en el piano del Bar Andaluc\u00eda,<br>bajo el cielo violeta<br>de los amaneceres en Manhattan,<br>igual que dos desnudos en la penumbra<br>con Nueva York al fondo, todav\u00eda<br>al aeropuerto no,<br>rogamos hagan uso<br>del cintur\u00f3n, no fumen<br>hasta que despeguemos,<br>cuiden que est\u00e9n derechos los respaldos,<br>me tienes que llamar, de sus asientos.&nbsp;<br><\/p>\n\n\n\n<h3 class=\"wp-block-heading\">Texto 8<\/h3>\n\n\n\n<p><strong>SOLEDAD<\/strong> (<em>Diario de un poeta reci\u00e9n casado<\/em>, Juan Ram\u00f3n Jim\u00e9nez)<\/p>\n\n\n\n<p>En ti est\u00e1s todo, mar, y sin embargo,<br>\u00a1qu\u00e9 sin ti est\u00e1s, qu\u00e9 solo,<br>qu\u00e9 lejos, siempre, de ti mismo!<br>Abierto en mil heridas, cada instante,<br>cual mi frente,<br>tus olas van, como mis pensamientos,<br>y vienen, van y vienen,<br>bes\u00e1ndose, apart\u00e1ndose,<br>con un eterno conocerse,<br>mar, y desconocerse.<br>Eres t\u00fa, y no lo sabes,<br>tu coraz\u00f3n te late y no lo sientes&#8230;<br>\u00a1Qu\u00e9 plenitud de soledad, mar solo!.<\/p>\n\n\n\n<h3 class=\"wp-block-heading\">Texto 9<\/h3>\n\n\n\n<p><strong>SEPTIEMBRE<\/strong> (Karmelo Iribarren)<\/p>\n\n\n\n<p>T\u00fa en la playa <br>\u2014recogiendo\u2014 <br>y el mar desesperado.<br><\/p>\n\n\n\n<h3 class=\"wp-block-heading\">Texto 10<\/h3>\n\n\n\n<p><strong>VESTIR A MI MADRE<\/strong> (Bego\u00f1a Abad)<\/p>\n\n\n\n<p>Un d\u00eda sucede, sin aviso,<br>que te agachas definitivamente,<br>a ras de suelo,<br>que tocas sus pies, los descalzas,<br>que comienzas a mirarla desde abajo,<br>sin verle los ojos,<br>comienzas a vestirla y ella se deja<br>apoyando sus manos en tus hombros.<br>Y no sucede nada m\u00e1s<br>y sin embargo t\u00fa percibes su derrota<br>y comienzas a amarla de otro modo,<br>vencida t\u00fa tambi\u00e9n, ambas vencidas<br>y el tiempo comienza la cuenta atr\u00e1s.<\/p>\n\n\n\n<h2 class=\"wp-block-heading\">TEXTO 11<\/h2>\n\n\n\n<p><strong>PERDONA LA PRIMAVERA<\/strong> (Elvira Sastre)<\/p>\n\n\n\n<p>Hay quinientos p\u00e1jaros<br>ladrando en la orilla de un charco:<br>el de hoy ha sido un despertar distinto.<br>Ajeno,<br>como la misma vida si no se encuentra<br>despertando a tu lado.<br>Incoherente,<br>como mi mano<br>si no encuentra tu mano<br>para escribir el sentido de las cosas que no lo piden.<br>Ininteligible,<br>como mi cara<br>si tachas los poemas que a\u00fan no te he escrito.<br>Aquel d\u00eda me besaste<br>y mi boca se volvi\u00f3 loca<br>y ametrall\u00f3 tu cara con un millar de amapolas.<br>Perdona la primavera.<br>Aquel d\u00eda supe<br>que jam\u00e1s terminar\u00eda de<br>quererte,<br>que nunca se acabar\u00eda este impulso animal de<br>quererte,<br>que de ning\u00fan modo dejar\u00eda olvidada en ning\u00fan sitio este ansia de<br>quererte.<br>No.<br>Si no est\u00e1s,<br>no tengo otra cosa que no sea esta soledad compartida,<br>este agravio a quien me mira y no te encuentra<br>y me reclama una atenci\u00f3n que yo llamo ruido.<br>Si no est\u00e1s,<br>se me quedan vac\u00edas las palmas de las manos:<br>no puedes sostenerme<br>y en otro lugar alguien que no soy yo aprende a volar.<br>Si no est\u00e1s,<br>este cuerpo me queda demasiado grande<br>y confundo los recuerdos con heridas.<br>Si no est\u00e1s,<br>no hay veleta que me encuentre<br>ni sudor que me desgaste<br>ni alegr\u00eda que me importe.<br>Hay quinientos p\u00e1jaros<br>ladrando en la orilla de un charco<br>mientras yo duermo.<br>Si no est\u00e1s,<br>no me sobra nada:<br>me falta todo.<\/p>\n\n\n\n<h2 class=\"wp-block-heading\">Texto 12<\/h2>\n\n\n\n<p><strong>EL PRESTIGIO DEL LLANTO<\/strong> (<em>Diciembre y nos besamos<\/em>, de Paula Bozalongo)<\/p>\n\n\n\n<p>\u00c9l sabe que lo intento,<br>procuro no llorar,<br>quiero levantar diques<br>dentro de mis pupilas<br>y detener el llanto delator<br>de los d\u00edas m\u00e1s tristes<br>detr\u00e1s de una muralla,<br>delante de mis ojos.<br>Si sigue la tormenta,<br>que no me vean llorar.<\/p>\n\n\n\n<h2 class=\"wp-block-heading\">Texto 13<\/h2>\n\n\n\n<p><strong>EL FONDO DE TUS OJOS<\/strong> (<em>Diciembre y nos besamos<\/em>, de Paula Bozalongo)<\/p>\n\n\n\n<p><br>Aunque el futuro arda<br>apostando el pasado que te acoge<br>no es un infierno el fondo de mis ojos.<br>Yo tambi\u00e9n tengo miedo<br>de haberte conocido,<br>yo tambi\u00e9n siento rabia<br>de no haberlo hecho antes.<\/p>\n\n\n\n<h2 class=\"wp-block-heading\">TEXTO 14<\/h2>\n\n\n\n<p><strong>NO QUISIERA QUE LLOVIERA<\/strong> (Cristina Peri Rossi)<\/p>\n\n\n\n<p>No quisiera que lloviera<br>te lo juro<br>que lloviera en esta ciudad<br>sin ti<br>y escuchar los ruidos del agua<br>al bajar<br>y pensar que all\u00ed donde est\u00e1s viviendo<br>sin m\u00ed<br>llueve sobre la misma ciudad<br>Quiz\u00e1 tengas el cabello mojado<br>el tel\u00e9fono a mano<br>que no usas<br>para llamarme<br>para decirme<br>esta noche te amo<br>me inundan los recuerdos de ti<br>disc\u00falpame,<br>la literatura me mat\u00f3<br>pero te le parec\u00edas tanto.<\/p>\n","protected":false},"excerpt":{"rendered":"<p>Texto 1 CAPERUCITA FEROZ (Luis Alberto de Cuenca) Hola, mi amor, yo soy el lobo.Quiero tenerte cerca para o\u00edrte mejor.Hola, mi amor, soy yo, tu lobo.Quiero tenerte cerca para verte mejor. Si con tus garras me quisieras t\u00fa abrazar,si con tus dientes me quisieras t\u00fa besar\u2026 Hola, mi amor, yo soy el lobo.Quiero tenerte cerca [&hellip;]<\/p>\n","protected":false},"author":1,"featured_media":0,"comment_status":"open","ping_status":"open","sticky":false,"template":"","format":"standard","meta":{"_jetpack_memberships_contains_paid_content":false,"footnotes":""},"categories":[1],"tags":[],"class_list":["post-54","post","type-post","status-publish","format-standard","hentry","category-uncategorized"],"yoast_head":"<!-- This site is optimized with the Yoast SEO plugin v27.2 - https:\/\/yoast.com\/product\/yoast-seo-wordpress\/ -->\n<title>Sesi\u00f3n 2 - Experiencias de lectura po\u00e9tica<\/title>\n<meta name=\"robots\" content=\"index, follow, max-snippet:-1, max-image-preview:large, max-video-preview:-1\" \/>\n<link rel=\"canonical\" href=\"https:\/\/urbinavolant.com\/lecturapoetica\/index.php\/2026\/01\/31\/sesion-2\/\" \/>\n<meta property=\"og:locale\" content=\"es_ES\" \/>\n<meta property=\"og:type\" content=\"article\" \/>\n<meta property=\"og:title\" content=\"Sesi\u00f3n 2 - Experiencias de lectura po\u00e9tica\" \/>\n<meta property=\"og:description\" content=\"Texto 1 CAPERUCITA FEROZ (Luis Alberto de Cuenca) Hola, mi amor, yo soy el lobo.Quiero tenerte cerca para o\u00edrte mejor.Hola, mi amor, soy yo, tu lobo.Quiero tenerte cerca para verte mejor. Si con tus garras me quisieras t\u00fa abrazar,si con tus dientes me quisieras t\u00fa besar\u2026 Hola, mi amor, yo soy el lobo.Quiero tenerte cerca [&hellip;]\" \/>\n<meta property=\"og:url\" content=\"https:\/\/urbinavolant.com\/lecturapoetica\/index.php\/2026\/01\/31\/sesion-2\/\" \/>\n<meta property=\"og:site_name\" content=\"Experiencias de lectura po\u00e9tica\" \/>\n<meta property=\"article:published_time\" content=\"2026-01-31T12:52:36+00:00\" \/>\n<meta property=\"article:modified_time\" content=\"2026-03-03T10:11:25+00:00\" \/>\n<meta name=\"author\" content=\"admin\" \/>\n<meta name=\"twitter:card\" content=\"summary_large_image\" \/>\n<meta name=\"twitter:label1\" content=\"Escrito por\" \/>\n\t<meta name=\"twitter:data1\" content=\"admin\" \/>\n\t<meta name=\"twitter:label2\" content=\"Tiempo de lectura\" \/>\n\t<meta name=\"twitter:data2\" content=\"13 minutos\" \/>\n<script type=\"application\/ld+json\" class=\"yoast-schema-graph\">{\"@context\":\"https:\/\/schema.org\",\"@graph\":[{\"@type\":\"Article\",\"@id\":\"https:\/\/urbinavolant.com\/lecturapoetica\/index.php\/2026\/01\/31\/sesion-2\/#article\",\"isPartOf\":{\"@id\":\"https:\/\/urbinavolant.com\/lecturapoetica\/index.php\/2026\/01\/31\/sesion-2\/\"},\"author\":{\"name\":\"admin\",\"@id\":\"https:\/\/urbinavolant.com\/lecturapoetica\/#\/schema\/person\/07486efa7706ad7e35909b766066247b\"},\"headline\":\"Sesi\u00f3n 2\",\"datePublished\":\"2026-01-31T12:52:36+00:00\",\"dateModified\":\"2026-03-03T10:11:25+00:00\",\"mainEntityOfPage\":{\"@id\":\"https:\/\/urbinavolant.com\/lecturapoetica\/index.php\/2026\/01\/31\/sesion-2\/\"},\"wordCount\":2619,\"commentCount\":0,\"articleSection\":[\"Uncategorized\"],\"inLanguage\":\"es\",\"potentialAction\":[{\"@type\":\"CommentAction\",\"name\":\"Comment\",\"target\":[\"https:\/\/urbinavolant.com\/lecturapoetica\/index.php\/2026\/01\/31\/sesion-2\/#respond\"]}]},{\"@type\":\"WebPage\",\"@id\":\"https:\/\/urbinavolant.com\/lecturapoetica\/index.php\/2026\/01\/31\/sesion-2\/\",\"url\":\"https:\/\/urbinavolant.com\/lecturapoetica\/index.php\/2026\/01\/31\/sesion-2\/\",\"name\":\"Sesi\u00f3n 2 - Experiencias de lectura po\u00e9tica\",\"isPartOf\":{\"@id\":\"https:\/\/urbinavolant.com\/lecturapoetica\/#website\"},\"datePublished\":\"2026-01-31T12:52:36+00:00\",\"dateModified\":\"2026-03-03T10:11:25+00:00\",\"author\":{\"@id\":\"https:\/\/urbinavolant.com\/lecturapoetica\/#\/schema\/person\/07486efa7706ad7e35909b766066247b\"},\"breadcrumb\":{\"@id\":\"https:\/\/urbinavolant.com\/lecturapoetica\/index.php\/2026\/01\/31\/sesion-2\/#breadcrumb\"},\"inLanguage\":\"es\",\"potentialAction\":[{\"@type\":\"ReadAction\",\"target\":[\"https:\/\/urbinavolant.com\/lecturapoetica\/index.php\/2026\/01\/31\/sesion-2\/\"]}]},{\"@type\":\"BreadcrumbList\",\"@id\":\"https:\/\/urbinavolant.com\/lecturapoetica\/index.php\/2026\/01\/31\/sesion-2\/#breadcrumb\",\"itemListElement\":[{\"@type\":\"ListItem\",\"position\":1,\"name\":\"Portada\",\"item\":\"https:\/\/urbinavolant.com\/lecturapoetica\/\"},{\"@type\":\"ListItem\",\"position\":2,\"name\":\"Sesi\u00f3n 2\"}]},{\"@type\":\"WebSite\",\"@id\":\"https:\/\/urbinavolant.com\/lecturapoetica\/#website\",\"url\":\"https:\/\/urbinavolant.com\/lecturapoetica\/\",\"name\":\"Experiencias de lectura po\u00e9tica\",\"description\":\"Sesiones de la Universidad de la Experiencia de la Universidad de Burgos\",\"potentialAction\":[{\"@type\":\"SearchAction\",\"target\":{\"@type\":\"EntryPoint\",\"urlTemplate\":\"https:\/\/urbinavolant.com\/lecturapoetica\/?s={search_term_string}\"},\"query-input\":{\"@type\":\"PropertyValueSpecification\",\"valueRequired\":true,\"valueName\":\"search_term_string\"}}],\"inLanguage\":\"es\"},{\"@type\":\"Person\",\"@id\":\"https:\/\/urbinavolant.com\/lecturapoetica\/#\/schema\/person\/07486efa7706ad7e35909b766066247b\",\"name\":\"admin\",\"image\":{\"@type\":\"ImageObject\",\"inLanguage\":\"es\",\"@id\":\"https:\/\/secure.gravatar.com\/avatar\/21d3e60c40d9543da4ac5e2ac1e82727d5dd42c851863dd1d7c08607dce7373a?s=96&d=mm&r=g\",\"url\":\"https:\/\/secure.gravatar.com\/avatar\/21d3e60c40d9543da4ac5e2ac1e82727d5dd42c851863dd1d7c08607dce7373a?s=96&d=mm&r=g\",\"contentUrl\":\"https:\/\/secure.gravatar.com\/avatar\/21d3e60c40d9543da4ac5e2ac1e82727d5dd42c851863dd1d7c08607dce7373a?s=96&d=mm&r=g\",\"caption\":\"admin\"},\"sameAs\":[\"https:\/\/urbinavolant.com\/lecturapoetica\"],\"url\":\"https:\/\/urbinavolant.com\/lecturapoetica\/index.php\/author\/rauf\/\"}]}<\/script>\n<!-- \/ Yoast SEO plugin. -->","yoast_head_json":{"title":"Sesi\u00f3n 2 - Experiencias de lectura po\u00e9tica","robots":{"index":"index","follow":"follow","max-snippet":"max-snippet:-1","max-image-preview":"max-image-preview:large","max-video-preview":"max-video-preview:-1"},"canonical":"https:\/\/urbinavolant.com\/lecturapoetica\/index.php\/2026\/01\/31\/sesion-2\/","og_locale":"es_ES","og_type":"article","og_title":"Sesi\u00f3n 2 - Experiencias de lectura po\u00e9tica","og_description":"Texto 1 CAPERUCITA FEROZ (Luis Alberto de Cuenca) Hola, mi amor, yo soy el lobo.Quiero tenerte cerca para o\u00edrte mejor.Hola, mi amor, soy yo, tu lobo.Quiero tenerte cerca para verte mejor. Si con tus garras me quisieras t\u00fa abrazar,si con tus dientes me quisieras t\u00fa besar\u2026 Hola, mi amor, yo soy el lobo.Quiero tenerte cerca [&hellip;]","og_url":"https:\/\/urbinavolant.com\/lecturapoetica\/index.php\/2026\/01\/31\/sesion-2\/","og_site_name":"Experiencias de lectura po\u00e9tica","article_published_time":"2026-01-31T12:52:36+00:00","article_modified_time":"2026-03-03T10:11:25+00:00","author":"admin","twitter_card":"summary_large_image","twitter_misc":{"Escrito por":"admin","Tiempo de lectura":"13 minutos"},"schema":{"@context":"https:\/\/schema.org","@graph":[{"@type":"Article","@id":"https:\/\/urbinavolant.com\/lecturapoetica\/index.php\/2026\/01\/31\/sesion-2\/#article","isPartOf":{"@id":"https:\/\/urbinavolant.com\/lecturapoetica\/index.php\/2026\/01\/31\/sesion-2\/"},"author":{"name":"admin","@id":"https:\/\/urbinavolant.com\/lecturapoetica\/#\/schema\/person\/07486efa7706ad7e35909b766066247b"},"headline":"Sesi\u00f3n 2","datePublished":"2026-01-31T12:52:36+00:00","dateModified":"2026-03-03T10:11:25+00:00","mainEntityOfPage":{"@id":"https:\/\/urbinavolant.com\/lecturapoetica\/index.php\/2026\/01\/31\/sesion-2\/"},"wordCount":2619,"commentCount":0,"articleSection":["Uncategorized"],"inLanguage":"es","potentialAction":[{"@type":"CommentAction","name":"Comment","target":["https:\/\/urbinavolant.com\/lecturapoetica\/index.php\/2026\/01\/31\/sesion-2\/#respond"]}]},{"@type":"WebPage","@id":"https:\/\/urbinavolant.com\/lecturapoetica\/index.php\/2026\/01\/31\/sesion-2\/","url":"https:\/\/urbinavolant.com\/lecturapoetica\/index.php\/2026\/01\/31\/sesion-2\/","name":"Sesi\u00f3n 2 - Experiencias de lectura po\u00e9tica","isPartOf":{"@id":"https:\/\/urbinavolant.com\/lecturapoetica\/#website"},"datePublished":"2026-01-31T12:52:36+00:00","dateModified":"2026-03-03T10:11:25+00:00","author":{"@id":"https:\/\/urbinavolant.com\/lecturapoetica\/#\/schema\/person\/07486efa7706ad7e35909b766066247b"},"breadcrumb":{"@id":"https:\/\/urbinavolant.com\/lecturapoetica\/index.php\/2026\/01\/31\/sesion-2\/#breadcrumb"},"inLanguage":"es","potentialAction":[{"@type":"ReadAction","target":["https:\/\/urbinavolant.com\/lecturapoetica\/index.php\/2026\/01\/31\/sesion-2\/"]}]},{"@type":"BreadcrumbList","@id":"https:\/\/urbinavolant.com\/lecturapoetica\/index.php\/2026\/01\/31\/sesion-2\/#breadcrumb","itemListElement":[{"@type":"ListItem","position":1,"name":"Portada","item":"https:\/\/urbinavolant.com\/lecturapoetica\/"},{"@type":"ListItem","position":2,"name":"Sesi\u00f3n 2"}]},{"@type":"WebSite","@id":"https:\/\/urbinavolant.com\/lecturapoetica\/#website","url":"https:\/\/urbinavolant.com\/lecturapoetica\/","name":"Experiencias de lectura po\u00e9tica","description":"Sesiones de la Universidad de la Experiencia de la Universidad de Burgos","potentialAction":[{"@type":"SearchAction","target":{"@type":"EntryPoint","urlTemplate":"https:\/\/urbinavolant.com\/lecturapoetica\/?s={search_term_string}"},"query-input":{"@type":"PropertyValueSpecification","valueRequired":true,"valueName":"search_term_string"}}],"inLanguage":"es"},{"@type":"Person","@id":"https:\/\/urbinavolant.com\/lecturapoetica\/#\/schema\/person\/07486efa7706ad7e35909b766066247b","name":"admin","image":{"@type":"ImageObject","inLanguage":"es","@id":"https:\/\/secure.gravatar.com\/avatar\/21d3e60c40d9543da4ac5e2ac1e82727d5dd42c851863dd1d7c08607dce7373a?s=96&d=mm&r=g","url":"https:\/\/secure.gravatar.com\/avatar\/21d3e60c40d9543da4ac5e2ac1e82727d5dd42c851863dd1d7c08607dce7373a?s=96&d=mm&r=g","contentUrl":"https:\/\/secure.gravatar.com\/avatar\/21d3e60c40d9543da4ac5e2ac1e82727d5dd42c851863dd1d7c08607dce7373a?s=96&d=mm&r=g","caption":"admin"},"sameAs":["https:\/\/urbinavolant.com\/lecturapoetica"],"url":"https:\/\/urbinavolant.com\/lecturapoetica\/index.php\/author\/rauf\/"}]}},"jetpack_featured_media_url":"","jetpack_sharing_enabled":true,"_links":{"self":[{"href":"https:\/\/urbinavolant.com\/lecturapoetica\/index.php\/wp-json\/wp\/v2\/posts\/54","targetHints":{"allow":["GET"]}}],"collection":[{"href":"https:\/\/urbinavolant.com\/lecturapoetica\/index.php\/wp-json\/wp\/v2\/posts"}],"about":[{"href":"https:\/\/urbinavolant.com\/lecturapoetica\/index.php\/wp-json\/wp\/v2\/types\/post"}],"author":[{"embeddable":true,"href":"https:\/\/urbinavolant.com\/lecturapoetica\/index.php\/wp-json\/wp\/v2\/users\/1"}],"replies":[{"embeddable":true,"href":"https:\/\/urbinavolant.com\/lecturapoetica\/index.php\/wp-json\/wp\/v2\/comments?post=54"}],"version-history":[{"count":11,"href":"https:\/\/urbinavolant.com\/lecturapoetica\/index.php\/wp-json\/wp\/v2\/posts\/54\/revisions"}],"predecessor-version":[{"id":151,"href":"https:\/\/urbinavolant.com\/lecturapoetica\/index.php\/wp-json\/wp\/v2\/posts\/54\/revisions\/151"}],"wp:attachment":[{"href":"https:\/\/urbinavolant.com\/lecturapoetica\/index.php\/wp-json\/wp\/v2\/media?parent=54"}],"wp:term":[{"taxonomy":"category","embeddable":true,"href":"https:\/\/urbinavolant.com\/lecturapoetica\/index.php\/wp-json\/wp\/v2\/categories?post=54"},{"taxonomy":"post_tag","embeddable":true,"href":"https:\/\/urbinavolant.com\/lecturapoetica\/index.php\/wp-json\/wp\/v2\/tags?post=54"}],"curies":[{"name":"wp","href":"https:\/\/api.w.org\/{rel}","templated":true}]}}