{"id":42,"date":"2026-01-31T12:34:02","date_gmt":"2026-01-31T12:34:02","guid":{"rendered":"https:\/\/urbinavolant.com\/lecturapoetica\/?p=42"},"modified":"2026-01-31T12:46:17","modified_gmt":"2026-01-31T12:46:17","slug":"fases-del-proceso-creativo","status":"publish","type":"post","link":"https:\/\/urbinavolant.com\/lecturapoetica\/index.php\/2026\/01\/31\/fases-del-proceso-creativo\/","title":{"rendered":"Fases del proceso creativo"},"content":{"rendered":"\n<figure class=\"wp-block-image size-large\"><img loading=\"lazy\" decoding=\"async\" width=\"1024\" height=\"443\" src=\"https:\/\/urbinavolant.com\/lecturapoetica\/wp-content\/uploads\/2026\/01\/fases-1024x443.png\" alt=\"\" class=\"wp-image-43\" srcset=\"https:\/\/urbinavolant.com\/lecturapoetica\/wp-content\/uploads\/2026\/01\/fases-1024x443.png 1024w, https:\/\/urbinavolant.com\/lecturapoetica\/wp-content\/uploads\/2026\/01\/fases-300x130.png 300w, https:\/\/urbinavolant.com\/lecturapoetica\/wp-content\/uploads\/2026\/01\/fases-768x332.png 768w, https:\/\/urbinavolant.com\/lecturapoetica\/wp-content\/uploads\/2026\/01\/fases-1536x664.png 1536w, https:\/\/urbinavolant.com\/lecturapoetica\/wp-content\/uploads\/2026\/01\/fases-624x270.png 624w, https:\/\/urbinavolant.com\/lecturapoetica\/wp-content\/uploads\/2026\/01\/fases.png 1877w\" sizes=\"auto, (max-width: 1024px) 100vw, 1024px\" \/><\/figure>\n\n\n\n<p>Estas fases no son necesariamente lineales: a menudo, se entrelazan y retroalimentan durante la creaci\u00f3n po\u00e9tica.<\/p>\n\n\n\n<h2 class=\"wp-block-heading\">Tener algo que decir&#8230; LA INSPIRACI\u00d3N<\/h2>\n\n\n\n<p>El punto de partida de todo poema es la existencia de una idea, emoci\u00f3n o experiencia significativa que el autor desea compartir.<\/p>\n\n\n\n<ul class=\"wp-block-list\">\n<li>La inspiraci\u00f3n puede surgir de vivencias, recuerdos, im\u00e1genes o sentimientos, lecturas, etc.<\/li>\n\n\n\n<li>Motivaciones posibles:<\/li>\n<\/ul>\n\n\n\n<p>Expresar sentimientos profundos (amor, dolor, alegr\u00eda, nostalgia).<br>Compartir una visi\u00f3n del mundo, una cr\u00edtica social o una inquietud existencial.<br>Retratar una escena, un paisaje, una persona o un recuerdo importante.<\/p>\n\n\n\n<ul class=\"wp-block-list\">\n<li>Importancia de la autenticidad: la poes\u00eda conecta con el lector cuando surge de una verdad interior del autor. No se trata solo de escribir por escribir, sino de tener un mensaje, aunque sea \u00edntimo o aparentemente sencillo.<\/li>\n<\/ul>\n\n\n\n<p>Todo poema nace de una experiencia o de una emoci\u00f3n que merece ser contada. A veces es un recuerdo, otras una alegr\u00eda, un miedo, una preocupaci\u00f3n social o una simple escena cotidiana que se nos queda grabada. Lo importante es que detr\u00e1s del poema haya una verdad interior, por peque\u00f1a que sea<\/p>\n\n\n\n<h2 class=\"wp-block-heading\">Tener imaginaci\u00f3n para decirlo<\/h2>\n\n\n\n<ul class=\"wp-block-list\">\n<li>La\u00a0creatividad\u00a0permite encontrar\u00a0formas\u00a0originales\u00a0y\u00a0sugerentes de\u00a0expresar\u00a0lo\u00a0que\u00a0se\u00a0siente\u00a0o\u00a0piensa.<\/li>\n\n\n\n<li>No basta con la idea:\u00a0el poeta\u00a0debe\u00a0encontrar una\u00a0forma original y\u00a0creativa\u00a0de\u00a0expresarla.<\/li>\n\n\n\n<li>La\u00a0imaginaci\u00f3n\u00a0es\u00a0el puente\u00a0entre la idea y\u00a0el poema.\u00a0Permite transformar\u00a0lo\u00a0cotidiano en\u00a0algo\u00a0extraordinario,\u00a0dotando\u00a0al\u00a0mensaje\u00a0de\u00a0fuerza\u00a0y\u00a0belleza.<\/li>\n\n\n\n<li>\u2022Perspectiva\u00a0original: la\u00a0imaginaci\u00f3n\u00a0ayuda\u00a0a\u00a0evitar\u00a0los\u00a0recursos\u00abf\u00e1ciles\u00bb y a\u00a0buscar\u00a0una voz\u00a0propia,\u00a0\u00fanica\u00a0y\u00a0reconocible.<\/li>\n<\/ul>\n\n\n\n<p>La creatividad consiste en buscar una mirada propia sobre lo que queremos contar. La imaginaci\u00f3n nos permite transformar lo cotidiano en algo sorprendente y sugerente, alejarnos de las frases hechas y encontrar im\u00e1genes que llamen la atenci\u00f3n del lector. Gracias a ella, una simple lavadora, un billete de avi\u00f3n o un perfil en redes sociales pueden convertirse en materia po\u00e9tica.<\/p>\n\n\n\n<h2 class=\"wp-block-heading\">Tener t\u00e9cnica para decirlo de la manera m\u00e1s perfecta posible<\/h2>\n\n\n\n<ul class=\"wp-block-list\">\n<li>La t\u00e9cnica abarca el dominio de todos los recursos que tiene la poes\u00eda: la m\u00e9trica, la rima, el ritmo, los recursos literarios expresivos\u2026<\/li>\n\n\n\n<li>El dominio del lenguaje po\u00e9tico y de las herramientas formales permite al autor transformar su inspiraci\u00f3n en un poema efectivo y conmovedor.<\/li>\n\n\n\n<li>Gracias a la inspiraci\u00f3n, la imaginaci\u00f3n y la t\u00e9cnica la poes\u00eda consigue expresar emociones profundas y vivencias compartidas que lo conectan con los lectores.<\/li>\n\n\n\n<li>La t\u00e9cnica es el conjunto de herramientas y conocimientos que permiten al poeta dar forma precisa a su mensaje.<\/li>\n\n\n\n<li>Dominar la t\u00e9cnica no significa limitar la creatividad, sino potenciarla, permitiendo que la emoci\u00f3n y la idea lleguen al lector de manera clara, bella y eficaz.<\/li>\n<\/ul>\n\n\n\n<p>La t\u00e9cnica re\u00fane todo aquello que hace que un poema \u201csuene bien\u201d: ritmo, pausas, repeticiones, elecci\u00f3n de palabras, figuras expresivas. Dominar estos recursos no es una c\u00e1rcel, sino una ayuda para que la emoci\u00f3n llegue de forma clara y bella al lector. Inspiraci\u00f3n, imaginaci\u00f3n y t\u00e9cnica se entrelazan y se corrigen entre s\u00ed durante el proceso de escritura.<\/p>\n","protected":false},"excerpt":{"rendered":"<p>Estas fases no son necesariamente lineales: a menudo, se entrelazan y retroalimentan durante la creaci\u00f3n po\u00e9tica. Tener algo que decir&#8230; LA INSPIRACI\u00d3N El punto de partida de todo poema es la existencia de una idea, emoci\u00f3n o experiencia significativa que el autor desea compartir. Expresar sentimientos profundos (amor, dolor, alegr\u00eda, nostalgia).Compartir una visi\u00f3n del mundo, [&hellip;]<\/p>\n","protected":false},"author":1,"featured_media":0,"comment_status":"open","ping_status":"open","sticky":false,"template":"","format":"standard","meta":{"_jetpack_memberships_contains_paid_content":false,"footnotes":""},"categories":[1],"tags":[],"class_list":["post-42","post","type-post","status-publish","format-standard","hentry","category-uncategorized"],"yoast_head":"<!-- This site is optimized with the Yoast SEO plugin v27.2 - https:\/\/yoast.com\/product\/yoast-seo-wordpress\/ -->\n<title>Fases del proceso creativo - Experiencias de lectura po\u00e9tica<\/title>\n<meta name=\"robots\" content=\"index, follow, max-snippet:-1, max-image-preview:large, max-video-preview:-1\" \/>\n<link rel=\"canonical\" href=\"https:\/\/urbinavolant.com\/lecturapoetica\/index.php\/2026\/01\/31\/fases-del-proceso-creativo\/\" \/>\n<meta property=\"og:locale\" content=\"es_ES\" \/>\n<meta property=\"og:type\" content=\"article\" \/>\n<meta property=\"og:title\" content=\"Fases del proceso creativo - Experiencias de lectura po\u00e9tica\" \/>\n<meta property=\"og:description\" content=\"Estas fases no son necesariamente lineales: a menudo, se entrelazan y retroalimentan durante la creaci\u00f3n po\u00e9tica. Tener algo que decir&#8230; LA INSPIRACI\u00d3N El punto de partida de todo poema es la existencia de una idea, emoci\u00f3n o experiencia significativa que el autor desea compartir. Expresar sentimientos profundos (amor, dolor, alegr\u00eda, nostalgia).Compartir una visi\u00f3n del mundo, [&hellip;]\" \/>\n<meta property=\"og:url\" content=\"https:\/\/urbinavolant.com\/lecturapoetica\/index.php\/2026\/01\/31\/fases-del-proceso-creativo\/\" \/>\n<meta property=\"og:site_name\" content=\"Experiencias de lectura po\u00e9tica\" \/>\n<meta property=\"article:published_time\" content=\"2026-01-31T12:34:02+00:00\" \/>\n<meta property=\"article:modified_time\" content=\"2026-01-31T12:46:17+00:00\" \/>\n<meta property=\"og:image\" content=\"https:\/\/urbinavolant.com\/lecturapoetica\/wp-content\/uploads\/2026\/01\/fases.png\" \/>\n\t<meta property=\"og:image:width\" content=\"1877\" \/>\n\t<meta property=\"og:image:height\" content=\"812\" \/>\n\t<meta property=\"og:image:type\" content=\"image\/png\" \/>\n<meta name=\"author\" content=\"admin\" \/>\n<meta name=\"twitter:card\" content=\"summary_large_image\" \/>\n<meta name=\"twitter:label1\" content=\"Escrito por\" \/>\n\t<meta name=\"twitter:data1\" content=\"admin\" \/>\n\t<meta name=\"twitter:label2\" content=\"Tiempo de lectura\" \/>\n\t<meta name=\"twitter:data2\" content=\"3 minutos\" \/>\n<script type=\"application\/ld+json\" class=\"yoast-schema-graph\">{\"@context\":\"https:\/\/schema.org\",\"@graph\":[{\"@type\":\"Article\",\"@id\":\"https:\/\/urbinavolant.com\/lecturapoetica\/index.php\/2026\/01\/31\/fases-del-proceso-creativo\/#article\",\"isPartOf\":{\"@id\":\"https:\/\/urbinavolant.com\/lecturapoetica\/index.php\/2026\/01\/31\/fases-del-proceso-creativo\/\"},\"author\":{\"name\":\"admin\",\"@id\":\"https:\/\/urbinavolant.com\/lecturapoetica\/#\/schema\/person\/07486efa7706ad7e35909b766066247b\"},\"headline\":\"Fases del proceso creativo\",\"datePublished\":\"2026-01-31T12:34:02+00:00\",\"dateModified\":\"2026-01-31T12:46:17+00:00\",\"mainEntityOfPage\":{\"@id\":\"https:\/\/urbinavolant.com\/lecturapoetica\/index.php\/2026\/01\/31\/fases-del-proceso-creativo\/\"},\"wordCount\":549,\"commentCount\":0,\"image\":{\"@id\":\"https:\/\/urbinavolant.com\/lecturapoetica\/index.php\/2026\/01\/31\/fases-del-proceso-creativo\/#primaryimage\"},\"thumbnailUrl\":\"https:\/\/urbinavolant.com\/lecturapoetica\/wp-content\/uploads\/2026\/01\/fases-1024x443.png\",\"articleSection\":[\"Uncategorized\"],\"inLanguage\":\"es\",\"potentialAction\":[{\"@type\":\"CommentAction\",\"name\":\"Comment\",\"target\":[\"https:\/\/urbinavolant.com\/lecturapoetica\/index.php\/2026\/01\/31\/fases-del-proceso-creativo\/#respond\"]}]},{\"@type\":\"WebPage\",\"@id\":\"https:\/\/urbinavolant.com\/lecturapoetica\/index.php\/2026\/01\/31\/fases-del-proceso-creativo\/\",\"url\":\"https:\/\/urbinavolant.com\/lecturapoetica\/index.php\/2026\/01\/31\/fases-del-proceso-creativo\/\",\"name\":\"Fases del proceso creativo - Experiencias de lectura po\u00e9tica\",\"isPartOf\":{\"@id\":\"https:\/\/urbinavolant.com\/lecturapoetica\/#website\"},\"primaryImageOfPage\":{\"@id\":\"https:\/\/urbinavolant.com\/lecturapoetica\/index.php\/2026\/01\/31\/fases-del-proceso-creativo\/#primaryimage\"},\"image\":{\"@id\":\"https:\/\/urbinavolant.com\/lecturapoetica\/index.php\/2026\/01\/31\/fases-del-proceso-creativo\/#primaryimage\"},\"thumbnailUrl\":\"https:\/\/urbinavolant.com\/lecturapoetica\/wp-content\/uploads\/2026\/01\/fases-1024x443.png\",\"datePublished\":\"2026-01-31T12:34:02+00:00\",\"dateModified\":\"2026-01-31T12:46:17+00:00\",\"author\":{\"@id\":\"https:\/\/urbinavolant.com\/lecturapoetica\/#\/schema\/person\/07486efa7706ad7e35909b766066247b\"},\"breadcrumb\":{\"@id\":\"https:\/\/urbinavolant.com\/lecturapoetica\/index.php\/2026\/01\/31\/fases-del-proceso-creativo\/#breadcrumb\"},\"inLanguage\":\"es\",\"potentialAction\":[{\"@type\":\"ReadAction\",\"target\":[\"https:\/\/urbinavolant.com\/lecturapoetica\/index.php\/2026\/01\/31\/fases-del-proceso-creativo\/\"]}]},{\"@type\":\"ImageObject\",\"inLanguage\":\"es\",\"@id\":\"https:\/\/urbinavolant.com\/lecturapoetica\/index.php\/2026\/01\/31\/fases-del-proceso-creativo\/#primaryimage\",\"url\":\"https:\/\/urbinavolant.com\/lecturapoetica\/wp-content\/uploads\/2026\/01\/fases.png\",\"contentUrl\":\"https:\/\/urbinavolant.com\/lecturapoetica\/wp-content\/uploads\/2026\/01\/fases.png\",\"width\":1877,\"height\":812},{\"@type\":\"BreadcrumbList\",\"@id\":\"https:\/\/urbinavolant.com\/lecturapoetica\/index.php\/2026\/01\/31\/fases-del-proceso-creativo\/#breadcrumb\",\"itemListElement\":[{\"@type\":\"ListItem\",\"position\":1,\"name\":\"Portada\",\"item\":\"https:\/\/urbinavolant.com\/lecturapoetica\/\"},{\"@type\":\"ListItem\",\"position\":2,\"name\":\"Fases del proceso creativo\"}]},{\"@type\":\"WebSite\",\"@id\":\"https:\/\/urbinavolant.com\/lecturapoetica\/#website\",\"url\":\"https:\/\/urbinavolant.com\/lecturapoetica\/\",\"name\":\"Experiencias de lectura po\u00e9tica\",\"description\":\"Sesiones de la Universidad de la Experiencia de la Universidad de Burgos\",\"potentialAction\":[{\"@type\":\"SearchAction\",\"target\":{\"@type\":\"EntryPoint\",\"urlTemplate\":\"https:\/\/urbinavolant.com\/lecturapoetica\/?s={search_term_string}\"},\"query-input\":{\"@type\":\"PropertyValueSpecification\",\"valueRequired\":true,\"valueName\":\"search_term_string\"}}],\"inLanguage\":\"es\"},{\"@type\":\"Person\",\"@id\":\"https:\/\/urbinavolant.com\/lecturapoetica\/#\/schema\/person\/07486efa7706ad7e35909b766066247b\",\"name\":\"admin\",\"image\":{\"@type\":\"ImageObject\",\"inLanguage\":\"es\",\"@id\":\"https:\/\/secure.gravatar.com\/avatar\/21d3e60c40d9543da4ac5e2ac1e82727d5dd42c851863dd1d7c08607dce7373a?s=96&d=mm&r=g\",\"url\":\"https:\/\/secure.gravatar.com\/avatar\/21d3e60c40d9543da4ac5e2ac1e82727d5dd42c851863dd1d7c08607dce7373a?s=96&d=mm&r=g\",\"contentUrl\":\"https:\/\/secure.gravatar.com\/avatar\/21d3e60c40d9543da4ac5e2ac1e82727d5dd42c851863dd1d7c08607dce7373a?s=96&d=mm&r=g\",\"caption\":\"admin\"},\"sameAs\":[\"https:\/\/urbinavolant.com\/lecturapoetica\"],\"url\":\"https:\/\/urbinavolant.com\/lecturapoetica\/index.php\/author\/rauf\/\"}]}<\/script>\n<!-- \/ Yoast SEO plugin. -->","yoast_head_json":{"title":"Fases del proceso creativo - Experiencias de lectura po\u00e9tica","robots":{"index":"index","follow":"follow","max-snippet":"max-snippet:-1","max-image-preview":"max-image-preview:large","max-video-preview":"max-video-preview:-1"},"canonical":"https:\/\/urbinavolant.com\/lecturapoetica\/index.php\/2026\/01\/31\/fases-del-proceso-creativo\/","og_locale":"es_ES","og_type":"article","og_title":"Fases del proceso creativo - Experiencias de lectura po\u00e9tica","og_description":"Estas fases no son necesariamente lineales: a menudo, se entrelazan y retroalimentan durante la creaci\u00f3n po\u00e9tica. Tener algo que decir&#8230; LA INSPIRACI\u00d3N El punto de partida de todo poema es la existencia de una idea, emoci\u00f3n o experiencia significativa que el autor desea compartir. Expresar sentimientos profundos (amor, dolor, alegr\u00eda, nostalgia).Compartir una visi\u00f3n del mundo, [&hellip;]","og_url":"https:\/\/urbinavolant.com\/lecturapoetica\/index.php\/2026\/01\/31\/fases-del-proceso-creativo\/","og_site_name":"Experiencias de lectura po\u00e9tica","article_published_time":"2026-01-31T12:34:02+00:00","article_modified_time":"2026-01-31T12:46:17+00:00","og_image":[{"width":1877,"height":812,"url":"https:\/\/urbinavolant.com\/lecturapoetica\/wp-content\/uploads\/2026\/01\/fases.png","type":"image\/png"}],"author":"admin","twitter_card":"summary_large_image","twitter_misc":{"Escrito por":"admin","Tiempo de lectura":"3 minutos"},"schema":{"@context":"https:\/\/schema.org","@graph":[{"@type":"Article","@id":"https:\/\/urbinavolant.com\/lecturapoetica\/index.php\/2026\/01\/31\/fases-del-proceso-creativo\/#article","isPartOf":{"@id":"https:\/\/urbinavolant.com\/lecturapoetica\/index.php\/2026\/01\/31\/fases-del-proceso-creativo\/"},"author":{"name":"admin","@id":"https:\/\/urbinavolant.com\/lecturapoetica\/#\/schema\/person\/07486efa7706ad7e35909b766066247b"},"headline":"Fases del proceso creativo","datePublished":"2026-01-31T12:34:02+00:00","dateModified":"2026-01-31T12:46:17+00:00","mainEntityOfPage":{"@id":"https:\/\/urbinavolant.com\/lecturapoetica\/index.php\/2026\/01\/31\/fases-del-proceso-creativo\/"},"wordCount":549,"commentCount":0,"image":{"@id":"https:\/\/urbinavolant.com\/lecturapoetica\/index.php\/2026\/01\/31\/fases-del-proceso-creativo\/#primaryimage"},"thumbnailUrl":"https:\/\/urbinavolant.com\/lecturapoetica\/wp-content\/uploads\/2026\/01\/fases-1024x443.png","articleSection":["Uncategorized"],"inLanguage":"es","potentialAction":[{"@type":"CommentAction","name":"Comment","target":["https:\/\/urbinavolant.com\/lecturapoetica\/index.php\/2026\/01\/31\/fases-del-proceso-creativo\/#respond"]}]},{"@type":"WebPage","@id":"https:\/\/urbinavolant.com\/lecturapoetica\/index.php\/2026\/01\/31\/fases-del-proceso-creativo\/","url":"https:\/\/urbinavolant.com\/lecturapoetica\/index.php\/2026\/01\/31\/fases-del-proceso-creativo\/","name":"Fases del proceso creativo - Experiencias de lectura po\u00e9tica","isPartOf":{"@id":"https:\/\/urbinavolant.com\/lecturapoetica\/#website"},"primaryImageOfPage":{"@id":"https:\/\/urbinavolant.com\/lecturapoetica\/index.php\/2026\/01\/31\/fases-del-proceso-creativo\/#primaryimage"},"image":{"@id":"https:\/\/urbinavolant.com\/lecturapoetica\/index.php\/2026\/01\/31\/fases-del-proceso-creativo\/#primaryimage"},"thumbnailUrl":"https:\/\/urbinavolant.com\/lecturapoetica\/wp-content\/uploads\/2026\/01\/fases-1024x443.png","datePublished":"2026-01-31T12:34:02+00:00","dateModified":"2026-01-31T12:46:17+00:00","author":{"@id":"https:\/\/urbinavolant.com\/lecturapoetica\/#\/schema\/person\/07486efa7706ad7e35909b766066247b"},"breadcrumb":{"@id":"https:\/\/urbinavolant.com\/lecturapoetica\/index.php\/2026\/01\/31\/fases-del-proceso-creativo\/#breadcrumb"},"inLanguage":"es","potentialAction":[{"@type":"ReadAction","target":["https:\/\/urbinavolant.com\/lecturapoetica\/index.php\/2026\/01\/31\/fases-del-proceso-creativo\/"]}]},{"@type":"ImageObject","inLanguage":"es","@id":"https:\/\/urbinavolant.com\/lecturapoetica\/index.php\/2026\/01\/31\/fases-del-proceso-creativo\/#primaryimage","url":"https:\/\/urbinavolant.com\/lecturapoetica\/wp-content\/uploads\/2026\/01\/fases.png","contentUrl":"https:\/\/urbinavolant.com\/lecturapoetica\/wp-content\/uploads\/2026\/01\/fases.png","width":1877,"height":812},{"@type":"BreadcrumbList","@id":"https:\/\/urbinavolant.com\/lecturapoetica\/index.php\/2026\/01\/31\/fases-del-proceso-creativo\/#breadcrumb","itemListElement":[{"@type":"ListItem","position":1,"name":"Portada","item":"https:\/\/urbinavolant.com\/lecturapoetica\/"},{"@type":"ListItem","position":2,"name":"Fases del proceso creativo"}]},{"@type":"WebSite","@id":"https:\/\/urbinavolant.com\/lecturapoetica\/#website","url":"https:\/\/urbinavolant.com\/lecturapoetica\/","name":"Experiencias de lectura po\u00e9tica","description":"Sesiones de la Universidad de la Experiencia de la Universidad de Burgos","potentialAction":[{"@type":"SearchAction","target":{"@type":"EntryPoint","urlTemplate":"https:\/\/urbinavolant.com\/lecturapoetica\/?s={search_term_string}"},"query-input":{"@type":"PropertyValueSpecification","valueRequired":true,"valueName":"search_term_string"}}],"inLanguage":"es"},{"@type":"Person","@id":"https:\/\/urbinavolant.com\/lecturapoetica\/#\/schema\/person\/07486efa7706ad7e35909b766066247b","name":"admin","image":{"@type":"ImageObject","inLanguage":"es","@id":"https:\/\/secure.gravatar.com\/avatar\/21d3e60c40d9543da4ac5e2ac1e82727d5dd42c851863dd1d7c08607dce7373a?s=96&d=mm&r=g","url":"https:\/\/secure.gravatar.com\/avatar\/21d3e60c40d9543da4ac5e2ac1e82727d5dd42c851863dd1d7c08607dce7373a?s=96&d=mm&r=g","contentUrl":"https:\/\/secure.gravatar.com\/avatar\/21d3e60c40d9543da4ac5e2ac1e82727d5dd42c851863dd1d7c08607dce7373a?s=96&d=mm&r=g","caption":"admin"},"sameAs":["https:\/\/urbinavolant.com\/lecturapoetica"],"url":"https:\/\/urbinavolant.com\/lecturapoetica\/index.php\/author\/rauf\/"}]}},"jetpack_featured_media_url":"","jetpack_sharing_enabled":true,"_links":{"self":[{"href":"https:\/\/urbinavolant.com\/lecturapoetica\/index.php\/wp-json\/wp\/v2\/posts\/42","targetHints":{"allow":["GET"]}}],"collection":[{"href":"https:\/\/urbinavolant.com\/lecturapoetica\/index.php\/wp-json\/wp\/v2\/posts"}],"about":[{"href":"https:\/\/urbinavolant.com\/lecturapoetica\/index.php\/wp-json\/wp\/v2\/types\/post"}],"author":[{"embeddable":true,"href":"https:\/\/urbinavolant.com\/lecturapoetica\/index.php\/wp-json\/wp\/v2\/users\/1"}],"replies":[{"embeddable":true,"href":"https:\/\/urbinavolant.com\/lecturapoetica\/index.php\/wp-json\/wp\/v2\/comments?post=42"}],"version-history":[{"count":3,"href":"https:\/\/urbinavolant.com\/lecturapoetica\/index.php\/wp-json\/wp\/v2\/posts\/42\/revisions"}],"predecessor-version":[{"id":50,"href":"https:\/\/urbinavolant.com\/lecturapoetica\/index.php\/wp-json\/wp\/v2\/posts\/42\/revisions\/50"}],"wp:attachment":[{"href":"https:\/\/urbinavolant.com\/lecturapoetica\/index.php\/wp-json\/wp\/v2\/media?parent=42"}],"wp:term":[{"taxonomy":"category","embeddable":true,"href":"https:\/\/urbinavolant.com\/lecturapoetica\/index.php\/wp-json\/wp\/v2\/categories?post=42"},{"taxonomy":"post_tag","embeddable":true,"href":"https:\/\/urbinavolant.com\/lecturapoetica\/index.php\/wp-json\/wp\/v2\/tags?post=42"}],"curies":[{"name":"wp","href":"https:\/\/api.w.org\/{rel}","templated":true}]}}