{"id":39,"date":"2026-01-31T12:29:46","date_gmt":"2026-01-31T12:29:46","guid":{"rendered":"https:\/\/urbinavolant.com\/lecturapoetica\/?p=39"},"modified":"2026-01-31T12:37:10","modified_gmt":"2026-01-31T12:37:10","slug":"empeza-tu-viaje-poetico","status":"publish","type":"post","link":"https:\/\/urbinavolant.com\/lecturapoetica\/index.php\/2026\/01\/31\/empeza-tu-viaje-poetico\/","title":{"rendered":"Empeza tu viaje po\u00e9tico"},"content":{"rendered":"<div class=\"wp-block-image\">\n<figure class=\"aligncenter size-medium is-resized\"><img loading=\"lazy\" decoding=\"async\" width=\"219\" height=\"300\" src=\"https:\/\/urbinavolant.com\/lecturapoetica\/wp-content\/uploads\/2026\/01\/maleta-219x300.jpg\" alt=\"\" class=\"wp-image-40\" style=\"width:400px\" srcset=\"https:\/\/urbinavolant.com\/lecturapoetica\/wp-content\/uploads\/2026\/01\/maleta-219x300.jpg 219w, https:\/\/urbinavolant.com\/lecturapoetica\/wp-content\/uploads\/2026\/01\/maleta-624x856.jpg 624w, https:\/\/urbinavolant.com\/lecturapoetica\/wp-content\/uploads\/2026\/01\/maleta.jpg 700w\" sizes=\"auto, (max-width: 219px) 100vw, 219px\" \/><\/figure>\n<\/div>\n\n\n<ul class=\"wp-block-list\">\n<li>Elige poemas que te emocionen o te inspiren.<\/li>\n\n\n\n<li>Reserva un momento tranquilo cada d\u00eda para leer.<\/li>\n\n\n\n<li>Comparte tus lecturas y sentimientos en grupo, si es posible.<\/li>\n\n\n\n<li>\u00a1Lee en voz alta!<\/li>\n<\/ul>\n\n\n\n<p>No hace falta ser \u201cespecialista\u201d para leer poes\u00eda. Basta con dejarse acompa\u00f1ar por las palabras, elegir un texto que nos diga algo y concederle unos minutos de atenci\u00f3n plena. A partir de ah\u00ed, la experiencia po\u00e9tica empieza a hacer su trabajo: aparecen recuerdos, im\u00e1genes, preguntas, incluso ganas de escribir.<\/p>\n","protected":false},"excerpt":{"rendered":"<p>No hace falta ser \u201cespecialista\u201d para leer poes\u00eda. Basta con dejarse acompa\u00f1ar por las palabras, elegir un texto que nos diga algo y concederle unos minutos de atenci\u00f3n plena. A partir de ah\u00ed, la experiencia po\u00e9tica empieza a hacer su trabajo: aparecen recuerdos, im\u00e1genes, preguntas, incluso ganas de escribir.<\/p>\n","protected":false},"author":1,"featured_media":0,"comment_status":"open","ping_status":"open","sticky":false,"template":"","format":"standard","meta":{"_jetpack_memberships_contains_paid_content":false,"footnotes":""},"categories":[1],"tags":[],"class_list":["post-39","post","type-post","status-publish","format-standard","hentry","category-uncategorized"],"yoast_head":"<!-- This site is optimized with the Yoast SEO plugin v27.2 - https:\/\/yoast.com\/product\/yoast-seo-wordpress\/ -->\n<title>Empeza tu viaje po\u00e9tico - Experiencias de lectura po\u00e9tica<\/title>\n<meta name=\"robots\" content=\"index, follow, max-snippet:-1, max-image-preview:large, max-video-preview:-1\" \/>\n<link rel=\"canonical\" href=\"https:\/\/urbinavolant.com\/lecturapoetica\/index.php\/2026\/01\/31\/empeza-tu-viaje-poetico\/\" \/>\n<meta property=\"og:locale\" content=\"es_ES\" \/>\n<meta property=\"og:type\" content=\"article\" \/>\n<meta property=\"og:title\" content=\"Empeza tu viaje po\u00e9tico - Experiencias de lectura po\u00e9tica\" \/>\n<meta property=\"og:description\" content=\"No hace falta ser \u201cespecialista\u201d para leer poes\u00eda. Basta con dejarse acompa\u00f1ar por las palabras, elegir un texto que nos diga algo y concederle unos minutos de atenci\u00f3n plena. A partir de ah\u00ed, la experiencia po\u00e9tica empieza a hacer su trabajo: aparecen recuerdos, im\u00e1genes, preguntas, incluso ganas de escribir.\" \/>\n<meta property=\"og:url\" content=\"https:\/\/urbinavolant.com\/lecturapoetica\/index.php\/2026\/01\/31\/empeza-tu-viaje-poetico\/\" \/>\n<meta property=\"og:site_name\" content=\"Experiencias de lectura po\u00e9tica\" \/>\n<meta property=\"article:published_time\" content=\"2026-01-31T12:29:46+00:00\" \/>\n<meta property=\"article:modified_time\" content=\"2026-01-31T12:37:10+00:00\" \/>\n<meta property=\"og:image\" content=\"https:\/\/urbinavolant.com\/lecturapoetica\/wp-content\/uploads\/2026\/01\/maleta.jpg\" \/>\n\t<meta property=\"og:image:width\" content=\"700\" \/>\n\t<meta property=\"og:image:height\" content=\"960\" \/>\n\t<meta property=\"og:image:type\" content=\"image\/jpeg\" \/>\n<meta name=\"author\" content=\"admin\" \/>\n<meta name=\"twitter:card\" content=\"summary_large_image\" \/>\n<meta name=\"twitter:label1\" content=\"Escrito por\" \/>\n\t<meta name=\"twitter:data1\" content=\"admin\" \/>\n\t<meta name=\"twitter:label2\" content=\"Tiempo de lectura\" \/>\n\t<meta name=\"twitter:data2\" content=\"1 minuto\" \/>\n<script type=\"application\/ld+json\" class=\"yoast-schema-graph\">{\"@context\":\"https:\/\/schema.org\",\"@graph\":[{\"@type\":\"Article\",\"@id\":\"https:\/\/urbinavolant.com\/lecturapoetica\/index.php\/2026\/01\/31\/empeza-tu-viaje-poetico\/#article\",\"isPartOf\":{\"@id\":\"https:\/\/urbinavolant.com\/lecturapoetica\/index.php\/2026\/01\/31\/empeza-tu-viaje-poetico\/\"},\"author\":{\"name\":\"admin\",\"@id\":\"https:\/\/urbinavolant.com\/lecturapoetica\/#\/schema\/person\/07486efa7706ad7e35909b766066247b\"},\"headline\":\"Empeza tu viaje po\u00e9tico\",\"datePublished\":\"2026-01-31T12:29:46+00:00\",\"dateModified\":\"2026-01-31T12:37:10+00:00\",\"mainEntityOfPage\":{\"@id\":\"https:\/\/urbinavolant.com\/lecturapoetica\/index.php\/2026\/01\/31\/empeza-tu-viaje-poetico\/\"},\"wordCount\":90,\"commentCount\":0,\"image\":{\"@id\":\"https:\/\/urbinavolant.com\/lecturapoetica\/index.php\/2026\/01\/31\/empeza-tu-viaje-poetico\/#primaryimage\"},\"thumbnailUrl\":\"https:\/\/urbinavolant.com\/lecturapoetica\/wp-content\/uploads\/2026\/01\/maleta-219x300.jpg\",\"articleSection\":[\"Uncategorized\"],\"inLanguage\":\"es\",\"potentialAction\":[{\"@type\":\"CommentAction\",\"name\":\"Comment\",\"target\":[\"https:\/\/urbinavolant.com\/lecturapoetica\/index.php\/2026\/01\/31\/empeza-tu-viaje-poetico\/#respond\"]}]},{\"@type\":\"WebPage\",\"@id\":\"https:\/\/urbinavolant.com\/lecturapoetica\/index.php\/2026\/01\/31\/empeza-tu-viaje-poetico\/\",\"url\":\"https:\/\/urbinavolant.com\/lecturapoetica\/index.php\/2026\/01\/31\/empeza-tu-viaje-poetico\/\",\"name\":\"Empeza tu viaje po\u00e9tico - Experiencias de lectura po\u00e9tica\",\"isPartOf\":{\"@id\":\"https:\/\/urbinavolant.com\/lecturapoetica\/#website\"},\"primaryImageOfPage\":{\"@id\":\"https:\/\/urbinavolant.com\/lecturapoetica\/index.php\/2026\/01\/31\/empeza-tu-viaje-poetico\/#primaryimage\"},\"image\":{\"@id\":\"https:\/\/urbinavolant.com\/lecturapoetica\/index.php\/2026\/01\/31\/empeza-tu-viaje-poetico\/#primaryimage\"},\"thumbnailUrl\":\"https:\/\/urbinavolant.com\/lecturapoetica\/wp-content\/uploads\/2026\/01\/maleta-219x300.jpg\",\"datePublished\":\"2026-01-31T12:29:46+00:00\",\"dateModified\":\"2026-01-31T12:37:10+00:00\",\"author\":{\"@id\":\"https:\/\/urbinavolant.com\/lecturapoetica\/#\/schema\/person\/07486efa7706ad7e35909b766066247b\"},\"breadcrumb\":{\"@id\":\"https:\/\/urbinavolant.com\/lecturapoetica\/index.php\/2026\/01\/31\/empeza-tu-viaje-poetico\/#breadcrumb\"},\"inLanguage\":\"es\",\"potentialAction\":[{\"@type\":\"ReadAction\",\"target\":[\"https:\/\/urbinavolant.com\/lecturapoetica\/index.php\/2026\/01\/31\/empeza-tu-viaje-poetico\/\"]}]},{\"@type\":\"ImageObject\",\"inLanguage\":\"es\",\"@id\":\"https:\/\/urbinavolant.com\/lecturapoetica\/index.php\/2026\/01\/31\/empeza-tu-viaje-poetico\/#primaryimage\",\"url\":\"https:\/\/urbinavolant.com\/lecturapoetica\/wp-content\/uploads\/2026\/01\/maleta.jpg\",\"contentUrl\":\"https:\/\/urbinavolant.com\/lecturapoetica\/wp-content\/uploads\/2026\/01\/maleta.jpg\",\"width\":700,\"height\":960},{\"@type\":\"BreadcrumbList\",\"@id\":\"https:\/\/urbinavolant.com\/lecturapoetica\/index.php\/2026\/01\/31\/empeza-tu-viaje-poetico\/#breadcrumb\",\"itemListElement\":[{\"@type\":\"ListItem\",\"position\":1,\"name\":\"Portada\",\"item\":\"https:\/\/urbinavolant.com\/lecturapoetica\/\"},{\"@type\":\"ListItem\",\"position\":2,\"name\":\"Empeza tu viaje po\u00e9tico\"}]},{\"@type\":\"WebSite\",\"@id\":\"https:\/\/urbinavolant.com\/lecturapoetica\/#website\",\"url\":\"https:\/\/urbinavolant.com\/lecturapoetica\/\",\"name\":\"Experiencias de lectura po\u00e9tica\",\"description\":\"Sesiones de la Universidad de la Experiencia de la Universidad de Burgos\",\"potentialAction\":[{\"@type\":\"SearchAction\",\"target\":{\"@type\":\"EntryPoint\",\"urlTemplate\":\"https:\/\/urbinavolant.com\/lecturapoetica\/?s={search_term_string}\"},\"query-input\":{\"@type\":\"PropertyValueSpecification\",\"valueRequired\":true,\"valueName\":\"search_term_string\"}}],\"inLanguage\":\"es\"},{\"@type\":\"Person\",\"@id\":\"https:\/\/urbinavolant.com\/lecturapoetica\/#\/schema\/person\/07486efa7706ad7e35909b766066247b\",\"name\":\"admin\",\"image\":{\"@type\":\"ImageObject\",\"inLanguage\":\"es\",\"@id\":\"https:\/\/secure.gravatar.com\/avatar\/21d3e60c40d9543da4ac5e2ac1e82727d5dd42c851863dd1d7c08607dce7373a?s=96&d=mm&r=g\",\"url\":\"https:\/\/secure.gravatar.com\/avatar\/21d3e60c40d9543da4ac5e2ac1e82727d5dd42c851863dd1d7c08607dce7373a?s=96&d=mm&r=g\",\"contentUrl\":\"https:\/\/secure.gravatar.com\/avatar\/21d3e60c40d9543da4ac5e2ac1e82727d5dd42c851863dd1d7c08607dce7373a?s=96&d=mm&r=g\",\"caption\":\"admin\"},\"sameAs\":[\"https:\/\/urbinavolant.com\/lecturapoetica\"],\"url\":\"https:\/\/urbinavolant.com\/lecturapoetica\/index.php\/author\/rauf\/\"}]}<\/script>\n<!-- \/ Yoast SEO plugin. -->","yoast_head_json":{"title":"Empeza tu viaje po\u00e9tico - Experiencias de lectura po\u00e9tica","robots":{"index":"index","follow":"follow","max-snippet":"max-snippet:-1","max-image-preview":"max-image-preview:large","max-video-preview":"max-video-preview:-1"},"canonical":"https:\/\/urbinavolant.com\/lecturapoetica\/index.php\/2026\/01\/31\/empeza-tu-viaje-poetico\/","og_locale":"es_ES","og_type":"article","og_title":"Empeza tu viaje po\u00e9tico - Experiencias de lectura po\u00e9tica","og_description":"No hace falta ser \u201cespecialista\u201d para leer poes\u00eda. Basta con dejarse acompa\u00f1ar por las palabras, elegir un texto que nos diga algo y concederle unos minutos de atenci\u00f3n plena. A partir de ah\u00ed, la experiencia po\u00e9tica empieza a hacer su trabajo: aparecen recuerdos, im\u00e1genes, preguntas, incluso ganas de escribir.","og_url":"https:\/\/urbinavolant.com\/lecturapoetica\/index.php\/2026\/01\/31\/empeza-tu-viaje-poetico\/","og_site_name":"Experiencias de lectura po\u00e9tica","article_published_time":"2026-01-31T12:29:46+00:00","article_modified_time":"2026-01-31T12:37:10+00:00","og_image":[{"width":700,"height":960,"url":"https:\/\/urbinavolant.com\/lecturapoetica\/wp-content\/uploads\/2026\/01\/maleta.jpg","type":"image\/jpeg"}],"author":"admin","twitter_card":"summary_large_image","twitter_misc":{"Escrito por":"admin","Tiempo de lectura":"1 minuto"},"schema":{"@context":"https:\/\/schema.org","@graph":[{"@type":"Article","@id":"https:\/\/urbinavolant.com\/lecturapoetica\/index.php\/2026\/01\/31\/empeza-tu-viaje-poetico\/#article","isPartOf":{"@id":"https:\/\/urbinavolant.com\/lecturapoetica\/index.php\/2026\/01\/31\/empeza-tu-viaje-poetico\/"},"author":{"name":"admin","@id":"https:\/\/urbinavolant.com\/lecturapoetica\/#\/schema\/person\/07486efa7706ad7e35909b766066247b"},"headline":"Empeza tu viaje po\u00e9tico","datePublished":"2026-01-31T12:29:46+00:00","dateModified":"2026-01-31T12:37:10+00:00","mainEntityOfPage":{"@id":"https:\/\/urbinavolant.com\/lecturapoetica\/index.php\/2026\/01\/31\/empeza-tu-viaje-poetico\/"},"wordCount":90,"commentCount":0,"image":{"@id":"https:\/\/urbinavolant.com\/lecturapoetica\/index.php\/2026\/01\/31\/empeza-tu-viaje-poetico\/#primaryimage"},"thumbnailUrl":"https:\/\/urbinavolant.com\/lecturapoetica\/wp-content\/uploads\/2026\/01\/maleta-219x300.jpg","articleSection":["Uncategorized"],"inLanguage":"es","potentialAction":[{"@type":"CommentAction","name":"Comment","target":["https:\/\/urbinavolant.com\/lecturapoetica\/index.php\/2026\/01\/31\/empeza-tu-viaje-poetico\/#respond"]}]},{"@type":"WebPage","@id":"https:\/\/urbinavolant.com\/lecturapoetica\/index.php\/2026\/01\/31\/empeza-tu-viaje-poetico\/","url":"https:\/\/urbinavolant.com\/lecturapoetica\/index.php\/2026\/01\/31\/empeza-tu-viaje-poetico\/","name":"Empeza tu viaje po\u00e9tico - Experiencias de lectura po\u00e9tica","isPartOf":{"@id":"https:\/\/urbinavolant.com\/lecturapoetica\/#website"},"primaryImageOfPage":{"@id":"https:\/\/urbinavolant.com\/lecturapoetica\/index.php\/2026\/01\/31\/empeza-tu-viaje-poetico\/#primaryimage"},"image":{"@id":"https:\/\/urbinavolant.com\/lecturapoetica\/index.php\/2026\/01\/31\/empeza-tu-viaje-poetico\/#primaryimage"},"thumbnailUrl":"https:\/\/urbinavolant.com\/lecturapoetica\/wp-content\/uploads\/2026\/01\/maleta-219x300.jpg","datePublished":"2026-01-31T12:29:46+00:00","dateModified":"2026-01-31T12:37:10+00:00","author":{"@id":"https:\/\/urbinavolant.com\/lecturapoetica\/#\/schema\/person\/07486efa7706ad7e35909b766066247b"},"breadcrumb":{"@id":"https:\/\/urbinavolant.com\/lecturapoetica\/index.php\/2026\/01\/31\/empeza-tu-viaje-poetico\/#breadcrumb"},"inLanguage":"es","potentialAction":[{"@type":"ReadAction","target":["https:\/\/urbinavolant.com\/lecturapoetica\/index.php\/2026\/01\/31\/empeza-tu-viaje-poetico\/"]}]},{"@type":"ImageObject","inLanguage":"es","@id":"https:\/\/urbinavolant.com\/lecturapoetica\/index.php\/2026\/01\/31\/empeza-tu-viaje-poetico\/#primaryimage","url":"https:\/\/urbinavolant.com\/lecturapoetica\/wp-content\/uploads\/2026\/01\/maleta.jpg","contentUrl":"https:\/\/urbinavolant.com\/lecturapoetica\/wp-content\/uploads\/2026\/01\/maleta.jpg","width":700,"height":960},{"@type":"BreadcrumbList","@id":"https:\/\/urbinavolant.com\/lecturapoetica\/index.php\/2026\/01\/31\/empeza-tu-viaje-poetico\/#breadcrumb","itemListElement":[{"@type":"ListItem","position":1,"name":"Portada","item":"https:\/\/urbinavolant.com\/lecturapoetica\/"},{"@type":"ListItem","position":2,"name":"Empeza tu viaje po\u00e9tico"}]},{"@type":"WebSite","@id":"https:\/\/urbinavolant.com\/lecturapoetica\/#website","url":"https:\/\/urbinavolant.com\/lecturapoetica\/","name":"Experiencias de lectura po\u00e9tica","description":"Sesiones de la Universidad de la Experiencia de la Universidad de Burgos","potentialAction":[{"@type":"SearchAction","target":{"@type":"EntryPoint","urlTemplate":"https:\/\/urbinavolant.com\/lecturapoetica\/?s={search_term_string}"},"query-input":{"@type":"PropertyValueSpecification","valueRequired":true,"valueName":"search_term_string"}}],"inLanguage":"es"},{"@type":"Person","@id":"https:\/\/urbinavolant.com\/lecturapoetica\/#\/schema\/person\/07486efa7706ad7e35909b766066247b","name":"admin","image":{"@type":"ImageObject","inLanguage":"es","@id":"https:\/\/secure.gravatar.com\/avatar\/21d3e60c40d9543da4ac5e2ac1e82727d5dd42c851863dd1d7c08607dce7373a?s=96&d=mm&r=g","url":"https:\/\/secure.gravatar.com\/avatar\/21d3e60c40d9543da4ac5e2ac1e82727d5dd42c851863dd1d7c08607dce7373a?s=96&d=mm&r=g","contentUrl":"https:\/\/secure.gravatar.com\/avatar\/21d3e60c40d9543da4ac5e2ac1e82727d5dd42c851863dd1d7c08607dce7373a?s=96&d=mm&r=g","caption":"admin"},"sameAs":["https:\/\/urbinavolant.com\/lecturapoetica"],"url":"https:\/\/urbinavolant.com\/lecturapoetica\/index.php\/author\/rauf\/"}]}},"jetpack_featured_media_url":"","jetpack_sharing_enabled":true,"_links":{"self":[{"href":"https:\/\/urbinavolant.com\/lecturapoetica\/index.php\/wp-json\/wp\/v2\/posts\/39","targetHints":{"allow":["GET"]}}],"collection":[{"href":"https:\/\/urbinavolant.com\/lecturapoetica\/index.php\/wp-json\/wp\/v2\/posts"}],"about":[{"href":"https:\/\/urbinavolant.com\/lecturapoetica\/index.php\/wp-json\/wp\/v2\/types\/post"}],"author":[{"embeddable":true,"href":"https:\/\/urbinavolant.com\/lecturapoetica\/index.php\/wp-json\/wp\/v2\/users\/1"}],"replies":[{"embeddable":true,"href":"https:\/\/urbinavolant.com\/lecturapoetica\/index.php\/wp-json\/wp\/v2\/comments?post=39"}],"version-history":[{"count":2,"href":"https:\/\/urbinavolant.com\/lecturapoetica\/index.php\/wp-json\/wp\/v2\/posts\/39\/revisions"}],"predecessor-version":[{"id":46,"href":"https:\/\/urbinavolant.com\/lecturapoetica\/index.php\/wp-json\/wp\/v2\/posts\/39\/revisions\/46"}],"wp:attachment":[{"href":"https:\/\/urbinavolant.com\/lecturapoetica\/index.php\/wp-json\/wp\/v2\/media?parent=39"}],"wp:term":[{"taxonomy":"category","embeddable":true,"href":"https:\/\/urbinavolant.com\/lecturapoetica\/index.php\/wp-json\/wp\/v2\/categories?post=39"},{"taxonomy":"post_tag","embeddable":true,"href":"https:\/\/urbinavolant.com\/lecturapoetica\/index.php\/wp-json\/wp\/v2\/tags?post=39"}],"curies":[{"name":"wp","href":"https:\/\/api.w.org\/{rel}","templated":true}]}}