{"id":33,"date":"2026-01-31T12:25:58","date_gmt":"2026-01-31T12:25:58","guid":{"rendered":"https:\/\/urbinavolant.com\/lecturapoetica\/?p=33"},"modified":"2026-01-31T12:35:20","modified_gmt":"2026-01-31T12:35:20","slug":"leer-para-sanar","status":"publish","type":"post","link":"https:\/\/urbinavolant.com\/lecturapoetica\/index.php\/2026\/01\/31\/leer-para-sanar\/","title":{"rendered":"Leer para sanar"},"content":{"rendered":"\n<figure class=\"wp-block-image size-large\"><img loading=\"lazy\" decoding=\"async\" width=\"1002\" height=\"1024\" src=\"https:\/\/urbinavolant.com\/lecturapoetica\/wp-content\/uploads\/2026\/01\/manopildorasjpg-1-1002x1024.jpg\" alt=\"\" class=\"wp-image-35\" srcset=\"https:\/\/urbinavolant.com\/lecturapoetica\/wp-content\/uploads\/2026\/01\/manopildorasjpg-1-1002x1024.jpg 1002w, https:\/\/urbinavolant.com\/lecturapoetica\/wp-content\/uploads\/2026\/01\/manopildorasjpg-1-293x300.jpg 293w, https:\/\/urbinavolant.com\/lecturapoetica\/wp-content\/uploads\/2026\/01\/manopildorasjpg-1-768x785.jpg 768w, https:\/\/urbinavolant.com\/lecturapoetica\/wp-content\/uploads\/2026\/01\/manopildorasjpg-1-1503x1536.jpg 1503w, https:\/\/urbinavolant.com\/lecturapoetica\/wp-content\/uploads\/2026\/01\/manopildorasjpg-1-2003x2048.jpg 2003w, https:\/\/urbinavolant.com\/lecturapoetica\/wp-content\/uploads\/2026\/01\/manopildorasjpg-1-624x638.jpg 624w\" sizes=\"auto, (max-width: 1002px) 100vw, 1002px\" \/><\/figure>\n\n\n\n<p><strong>La poes\u00eda es una medicina para el alma<\/strong><\/p>\n\n\n\n<p>La poes\u00eda puede funcionar como una medicina para el alma. Leer despacio un poema, sobre todo si nos toca de cerca, nos ayuda a ordenar emociones, a poner nombre a lo que sentimos y a sentirnos menos solos. En el curso trabajaremos poemas que hablan de heridas, p\u00e9rdidas y esperanzas, y veremos c\u00f3mo la lectura compartida abre espacios de consuelo y de comprensi\u00f3n mutua.<\/p>\n\n\n\n<ul class=\"wp-block-list\">\n<li>La lectura nos ayuda a sentirnos mejor.<\/li>\n\n\n\n<li>Leer poes\u00eda conecta con nuestras emociones y nos da esperanza.<\/li>\n<\/ul>\n\n\n\n<figure class=\"wp-block-image size-large\"><img loading=\"lazy\" decoding=\"async\" width=\"1024\" height=\"617\" src=\"https:\/\/urbinavolant.com\/lecturapoetica\/wp-content\/uploads\/2026\/01\/biblioterapia-1024x617.png\" alt=\"\" class=\"wp-image-36\" srcset=\"https:\/\/urbinavolant.com\/lecturapoetica\/wp-content\/uploads\/2026\/01\/biblioterapia-1024x617.png 1024w, https:\/\/urbinavolant.com\/lecturapoetica\/wp-content\/uploads\/2026\/01\/biblioterapia-300x181.png 300w, https:\/\/urbinavolant.com\/lecturapoetica\/wp-content\/uploads\/2026\/01\/biblioterapia-768x463.png 768w, https:\/\/urbinavolant.com\/lecturapoetica\/wp-content\/uploads\/2026\/01\/biblioterapia-624x376.png 624w, https:\/\/urbinavolant.com\/lecturapoetica\/wp-content\/uploads\/2026\/01\/biblioterapia.png 1222w\" sizes=\"auto, (max-width: 1024px) 100vw, 1024px\" \/><\/figure>\n","protected":false},"excerpt":{"rendered":"<p>La poes\u00eda es una medicina para el alma La poes\u00eda puede funcionar como una medicina para el alma. Leer despacio un poema, sobre todo si nos toca de cerca, nos ayuda a ordenar emociones, a poner nombre a lo que sentimos y a sentirnos menos solos. En el curso trabajaremos poemas que hablan de heridas, [&hellip;]<\/p>\n","protected":false},"author":1,"featured_media":0,"comment_status":"open","ping_status":"open","sticky":false,"template":"","format":"standard","meta":{"_jetpack_memberships_contains_paid_content":false,"footnotes":""},"categories":[1],"tags":[],"class_list":["post-33","post","type-post","status-publish","format-standard","hentry","category-uncategorized"],"yoast_head":"<!-- This site is optimized with the Yoast SEO plugin v27.2 - https:\/\/yoast.com\/product\/yoast-seo-wordpress\/ -->\n<title>Leer para sanar - Experiencias de lectura po\u00e9tica<\/title>\n<meta name=\"robots\" content=\"index, follow, max-snippet:-1, max-image-preview:large, max-video-preview:-1\" \/>\n<link rel=\"canonical\" href=\"https:\/\/urbinavolant.com\/lecturapoetica\/index.php\/2026\/01\/31\/leer-para-sanar\/\" \/>\n<meta property=\"og:locale\" content=\"es_ES\" \/>\n<meta property=\"og:type\" content=\"article\" \/>\n<meta property=\"og:title\" content=\"Leer para sanar - Experiencias de lectura po\u00e9tica\" \/>\n<meta property=\"og:description\" content=\"La poes\u00eda es una medicina para el alma La poes\u00eda puede funcionar como una medicina para el alma. Leer despacio un poema, sobre todo si nos toca de cerca, nos ayuda a ordenar emociones, a poner nombre a lo que sentimos y a sentirnos menos solos. En el curso trabajaremos poemas que hablan de heridas, [&hellip;]\" \/>\n<meta property=\"og:url\" content=\"https:\/\/urbinavolant.com\/lecturapoetica\/index.php\/2026\/01\/31\/leer-para-sanar\/\" \/>\n<meta property=\"og:site_name\" content=\"Experiencias de lectura po\u00e9tica\" \/>\n<meta property=\"article:published_time\" content=\"2026-01-31T12:25:58+00:00\" \/>\n<meta property=\"article:modified_time\" content=\"2026-01-31T12:35:20+00:00\" \/>\n<meta property=\"og:image\" content=\"https:\/\/urbinavolant.com\/lecturapoetica\/wp-content\/uploads\/2026\/01\/manopildorasjpg-1-scaled.jpg\" \/>\n\t<meta property=\"og:image:width\" content=\"2504\" \/>\n\t<meta property=\"og:image:height\" content=\"2560\" \/>\n\t<meta property=\"og:image:type\" content=\"image\/jpeg\" \/>\n<meta name=\"author\" content=\"admin\" \/>\n<meta name=\"twitter:card\" content=\"summary_large_image\" \/>\n<meta name=\"twitter:label1\" content=\"Escrito por\" \/>\n\t<meta name=\"twitter:data1\" content=\"admin\" \/>\n\t<meta name=\"twitter:label2\" content=\"Tiempo de lectura\" \/>\n\t<meta name=\"twitter:data2\" content=\"1 minuto\" \/>\n<script type=\"application\/ld+json\" class=\"yoast-schema-graph\">{\"@context\":\"https:\/\/schema.org\",\"@graph\":[{\"@type\":\"Article\",\"@id\":\"https:\/\/urbinavolant.com\/lecturapoetica\/index.php\/2026\/01\/31\/leer-para-sanar\/#article\",\"isPartOf\":{\"@id\":\"https:\/\/urbinavolant.com\/lecturapoetica\/index.php\/2026\/01\/31\/leer-para-sanar\/\"},\"author\":{\"name\":\"admin\",\"@id\":\"https:\/\/urbinavolant.com\/lecturapoetica\/#\/schema\/person\/07486efa7706ad7e35909b766066247b\"},\"headline\":\"Leer para sanar\",\"datePublished\":\"2026-01-31T12:25:58+00:00\",\"dateModified\":\"2026-01-31T12:35:20+00:00\",\"mainEntityOfPage\":{\"@id\":\"https:\/\/urbinavolant.com\/lecturapoetica\/index.php\/2026\/01\/31\/leer-para-sanar\/\"},\"wordCount\":98,\"commentCount\":0,\"image\":{\"@id\":\"https:\/\/urbinavolant.com\/lecturapoetica\/index.php\/2026\/01\/31\/leer-para-sanar\/#primaryimage\"},\"thumbnailUrl\":\"https:\/\/urbinavolant.com\/lecturapoetica\/wp-content\/uploads\/2026\/01\/manopildorasjpg-1-1002x1024.jpg\",\"articleSection\":[\"Uncategorized\"],\"inLanguage\":\"es\",\"potentialAction\":[{\"@type\":\"CommentAction\",\"name\":\"Comment\",\"target\":[\"https:\/\/urbinavolant.com\/lecturapoetica\/index.php\/2026\/01\/31\/leer-para-sanar\/#respond\"]}]},{\"@type\":\"WebPage\",\"@id\":\"https:\/\/urbinavolant.com\/lecturapoetica\/index.php\/2026\/01\/31\/leer-para-sanar\/\",\"url\":\"https:\/\/urbinavolant.com\/lecturapoetica\/index.php\/2026\/01\/31\/leer-para-sanar\/\",\"name\":\"Leer para sanar - Experiencias de lectura po\u00e9tica\",\"isPartOf\":{\"@id\":\"https:\/\/urbinavolant.com\/lecturapoetica\/#website\"},\"primaryImageOfPage\":{\"@id\":\"https:\/\/urbinavolant.com\/lecturapoetica\/index.php\/2026\/01\/31\/leer-para-sanar\/#primaryimage\"},\"image\":{\"@id\":\"https:\/\/urbinavolant.com\/lecturapoetica\/index.php\/2026\/01\/31\/leer-para-sanar\/#primaryimage\"},\"thumbnailUrl\":\"https:\/\/urbinavolant.com\/lecturapoetica\/wp-content\/uploads\/2026\/01\/manopildorasjpg-1-1002x1024.jpg\",\"datePublished\":\"2026-01-31T12:25:58+00:00\",\"dateModified\":\"2026-01-31T12:35:20+00:00\",\"author\":{\"@id\":\"https:\/\/urbinavolant.com\/lecturapoetica\/#\/schema\/person\/07486efa7706ad7e35909b766066247b\"},\"breadcrumb\":{\"@id\":\"https:\/\/urbinavolant.com\/lecturapoetica\/index.php\/2026\/01\/31\/leer-para-sanar\/#breadcrumb\"},\"inLanguage\":\"es\",\"potentialAction\":[{\"@type\":\"ReadAction\",\"target\":[\"https:\/\/urbinavolant.com\/lecturapoetica\/index.php\/2026\/01\/31\/leer-para-sanar\/\"]}]},{\"@type\":\"ImageObject\",\"inLanguage\":\"es\",\"@id\":\"https:\/\/urbinavolant.com\/lecturapoetica\/index.php\/2026\/01\/31\/leer-para-sanar\/#primaryimage\",\"url\":\"https:\/\/urbinavolant.com\/lecturapoetica\/wp-content\/uploads\/2026\/01\/manopildorasjpg-1-scaled.jpg\",\"contentUrl\":\"https:\/\/urbinavolant.com\/lecturapoetica\/wp-content\/uploads\/2026\/01\/manopildorasjpg-1-scaled.jpg\",\"width\":2504,\"height\":2560},{\"@type\":\"BreadcrumbList\",\"@id\":\"https:\/\/urbinavolant.com\/lecturapoetica\/index.php\/2026\/01\/31\/leer-para-sanar\/#breadcrumb\",\"itemListElement\":[{\"@type\":\"ListItem\",\"position\":1,\"name\":\"Portada\",\"item\":\"https:\/\/urbinavolant.com\/lecturapoetica\/\"},{\"@type\":\"ListItem\",\"position\":2,\"name\":\"Leer para sanar\"}]},{\"@type\":\"WebSite\",\"@id\":\"https:\/\/urbinavolant.com\/lecturapoetica\/#website\",\"url\":\"https:\/\/urbinavolant.com\/lecturapoetica\/\",\"name\":\"Experiencias de lectura po\u00e9tica\",\"description\":\"Sesiones de la Universidad de la Experiencia de la Universidad de Burgos\",\"potentialAction\":[{\"@type\":\"SearchAction\",\"target\":{\"@type\":\"EntryPoint\",\"urlTemplate\":\"https:\/\/urbinavolant.com\/lecturapoetica\/?s={search_term_string}\"},\"query-input\":{\"@type\":\"PropertyValueSpecification\",\"valueRequired\":true,\"valueName\":\"search_term_string\"}}],\"inLanguage\":\"es\"},{\"@type\":\"Person\",\"@id\":\"https:\/\/urbinavolant.com\/lecturapoetica\/#\/schema\/person\/07486efa7706ad7e35909b766066247b\",\"name\":\"admin\",\"image\":{\"@type\":\"ImageObject\",\"inLanguage\":\"es\",\"@id\":\"https:\/\/secure.gravatar.com\/avatar\/21d3e60c40d9543da4ac5e2ac1e82727d5dd42c851863dd1d7c08607dce7373a?s=96&d=mm&r=g\",\"url\":\"https:\/\/secure.gravatar.com\/avatar\/21d3e60c40d9543da4ac5e2ac1e82727d5dd42c851863dd1d7c08607dce7373a?s=96&d=mm&r=g\",\"contentUrl\":\"https:\/\/secure.gravatar.com\/avatar\/21d3e60c40d9543da4ac5e2ac1e82727d5dd42c851863dd1d7c08607dce7373a?s=96&d=mm&r=g\",\"caption\":\"admin\"},\"sameAs\":[\"https:\/\/urbinavolant.com\/lecturapoetica\"],\"url\":\"https:\/\/urbinavolant.com\/lecturapoetica\/index.php\/author\/rauf\/\"}]}<\/script>\n<!-- \/ Yoast SEO plugin. -->","yoast_head_json":{"title":"Leer para sanar - Experiencias de lectura po\u00e9tica","robots":{"index":"index","follow":"follow","max-snippet":"max-snippet:-1","max-image-preview":"max-image-preview:large","max-video-preview":"max-video-preview:-1"},"canonical":"https:\/\/urbinavolant.com\/lecturapoetica\/index.php\/2026\/01\/31\/leer-para-sanar\/","og_locale":"es_ES","og_type":"article","og_title":"Leer para sanar - Experiencias de lectura po\u00e9tica","og_description":"La poes\u00eda es una medicina para el alma La poes\u00eda puede funcionar como una medicina para el alma. Leer despacio un poema, sobre todo si nos toca de cerca, nos ayuda a ordenar emociones, a poner nombre a lo que sentimos y a sentirnos menos solos. En el curso trabajaremos poemas que hablan de heridas, [&hellip;]","og_url":"https:\/\/urbinavolant.com\/lecturapoetica\/index.php\/2026\/01\/31\/leer-para-sanar\/","og_site_name":"Experiencias de lectura po\u00e9tica","article_published_time":"2026-01-31T12:25:58+00:00","article_modified_time":"2026-01-31T12:35:20+00:00","og_image":[{"width":2504,"height":2560,"url":"https:\/\/urbinavolant.com\/lecturapoetica\/wp-content\/uploads\/2026\/01\/manopildorasjpg-1-scaled.jpg","type":"image\/jpeg"}],"author":"admin","twitter_card":"summary_large_image","twitter_misc":{"Escrito por":"admin","Tiempo de lectura":"1 minuto"},"schema":{"@context":"https:\/\/schema.org","@graph":[{"@type":"Article","@id":"https:\/\/urbinavolant.com\/lecturapoetica\/index.php\/2026\/01\/31\/leer-para-sanar\/#article","isPartOf":{"@id":"https:\/\/urbinavolant.com\/lecturapoetica\/index.php\/2026\/01\/31\/leer-para-sanar\/"},"author":{"name":"admin","@id":"https:\/\/urbinavolant.com\/lecturapoetica\/#\/schema\/person\/07486efa7706ad7e35909b766066247b"},"headline":"Leer para sanar","datePublished":"2026-01-31T12:25:58+00:00","dateModified":"2026-01-31T12:35:20+00:00","mainEntityOfPage":{"@id":"https:\/\/urbinavolant.com\/lecturapoetica\/index.php\/2026\/01\/31\/leer-para-sanar\/"},"wordCount":98,"commentCount":0,"image":{"@id":"https:\/\/urbinavolant.com\/lecturapoetica\/index.php\/2026\/01\/31\/leer-para-sanar\/#primaryimage"},"thumbnailUrl":"https:\/\/urbinavolant.com\/lecturapoetica\/wp-content\/uploads\/2026\/01\/manopildorasjpg-1-1002x1024.jpg","articleSection":["Uncategorized"],"inLanguage":"es","potentialAction":[{"@type":"CommentAction","name":"Comment","target":["https:\/\/urbinavolant.com\/lecturapoetica\/index.php\/2026\/01\/31\/leer-para-sanar\/#respond"]}]},{"@type":"WebPage","@id":"https:\/\/urbinavolant.com\/lecturapoetica\/index.php\/2026\/01\/31\/leer-para-sanar\/","url":"https:\/\/urbinavolant.com\/lecturapoetica\/index.php\/2026\/01\/31\/leer-para-sanar\/","name":"Leer para sanar - Experiencias de lectura po\u00e9tica","isPartOf":{"@id":"https:\/\/urbinavolant.com\/lecturapoetica\/#website"},"primaryImageOfPage":{"@id":"https:\/\/urbinavolant.com\/lecturapoetica\/index.php\/2026\/01\/31\/leer-para-sanar\/#primaryimage"},"image":{"@id":"https:\/\/urbinavolant.com\/lecturapoetica\/index.php\/2026\/01\/31\/leer-para-sanar\/#primaryimage"},"thumbnailUrl":"https:\/\/urbinavolant.com\/lecturapoetica\/wp-content\/uploads\/2026\/01\/manopildorasjpg-1-1002x1024.jpg","datePublished":"2026-01-31T12:25:58+00:00","dateModified":"2026-01-31T12:35:20+00:00","author":{"@id":"https:\/\/urbinavolant.com\/lecturapoetica\/#\/schema\/person\/07486efa7706ad7e35909b766066247b"},"breadcrumb":{"@id":"https:\/\/urbinavolant.com\/lecturapoetica\/index.php\/2026\/01\/31\/leer-para-sanar\/#breadcrumb"},"inLanguage":"es","potentialAction":[{"@type":"ReadAction","target":["https:\/\/urbinavolant.com\/lecturapoetica\/index.php\/2026\/01\/31\/leer-para-sanar\/"]}]},{"@type":"ImageObject","inLanguage":"es","@id":"https:\/\/urbinavolant.com\/lecturapoetica\/index.php\/2026\/01\/31\/leer-para-sanar\/#primaryimage","url":"https:\/\/urbinavolant.com\/lecturapoetica\/wp-content\/uploads\/2026\/01\/manopildorasjpg-1-scaled.jpg","contentUrl":"https:\/\/urbinavolant.com\/lecturapoetica\/wp-content\/uploads\/2026\/01\/manopildorasjpg-1-scaled.jpg","width":2504,"height":2560},{"@type":"BreadcrumbList","@id":"https:\/\/urbinavolant.com\/lecturapoetica\/index.php\/2026\/01\/31\/leer-para-sanar\/#breadcrumb","itemListElement":[{"@type":"ListItem","position":1,"name":"Portada","item":"https:\/\/urbinavolant.com\/lecturapoetica\/"},{"@type":"ListItem","position":2,"name":"Leer para sanar"}]},{"@type":"WebSite","@id":"https:\/\/urbinavolant.com\/lecturapoetica\/#website","url":"https:\/\/urbinavolant.com\/lecturapoetica\/","name":"Experiencias de lectura po\u00e9tica","description":"Sesiones de la Universidad de la Experiencia de la Universidad de Burgos","potentialAction":[{"@type":"SearchAction","target":{"@type":"EntryPoint","urlTemplate":"https:\/\/urbinavolant.com\/lecturapoetica\/?s={search_term_string}"},"query-input":{"@type":"PropertyValueSpecification","valueRequired":true,"valueName":"search_term_string"}}],"inLanguage":"es"},{"@type":"Person","@id":"https:\/\/urbinavolant.com\/lecturapoetica\/#\/schema\/person\/07486efa7706ad7e35909b766066247b","name":"admin","image":{"@type":"ImageObject","inLanguage":"es","@id":"https:\/\/secure.gravatar.com\/avatar\/21d3e60c40d9543da4ac5e2ac1e82727d5dd42c851863dd1d7c08607dce7373a?s=96&d=mm&r=g","url":"https:\/\/secure.gravatar.com\/avatar\/21d3e60c40d9543da4ac5e2ac1e82727d5dd42c851863dd1d7c08607dce7373a?s=96&d=mm&r=g","contentUrl":"https:\/\/secure.gravatar.com\/avatar\/21d3e60c40d9543da4ac5e2ac1e82727d5dd42c851863dd1d7c08607dce7373a?s=96&d=mm&r=g","caption":"admin"},"sameAs":["https:\/\/urbinavolant.com\/lecturapoetica"],"url":"https:\/\/urbinavolant.com\/lecturapoetica\/index.php\/author\/rauf\/"}]}},"jetpack_featured_media_url":"","jetpack_sharing_enabled":true,"_links":{"self":[{"href":"https:\/\/urbinavolant.com\/lecturapoetica\/index.php\/wp-json\/wp\/v2\/posts\/33","targetHints":{"allow":["GET"]}}],"collection":[{"href":"https:\/\/urbinavolant.com\/lecturapoetica\/index.php\/wp-json\/wp\/v2\/posts"}],"about":[{"href":"https:\/\/urbinavolant.com\/lecturapoetica\/index.php\/wp-json\/wp\/v2\/types\/post"}],"author":[{"embeddable":true,"href":"https:\/\/urbinavolant.com\/lecturapoetica\/index.php\/wp-json\/wp\/v2\/users\/1"}],"replies":[{"embeddable":true,"href":"https:\/\/urbinavolant.com\/lecturapoetica\/index.php\/wp-json\/wp\/v2\/comments?post=33"}],"version-history":[{"count":2,"href":"https:\/\/urbinavolant.com\/lecturapoetica\/index.php\/wp-json\/wp\/v2\/posts\/33\/revisions"}],"predecessor-version":[{"id":45,"href":"https:\/\/urbinavolant.com\/lecturapoetica\/index.php\/wp-json\/wp\/v2\/posts\/33\/revisions\/45"}],"wp:attachment":[{"href":"https:\/\/urbinavolant.com\/lecturapoetica\/index.php\/wp-json\/wp\/v2\/media?parent=33"}],"wp:term":[{"taxonomy":"category","embeddable":true,"href":"https:\/\/urbinavolant.com\/lecturapoetica\/index.php\/wp-json\/wp\/v2\/categories?post=33"},{"taxonomy":"post_tag","embeddable":true,"href":"https:\/\/urbinavolant.com\/lecturapoetica\/index.php\/wp-json\/wp\/v2\/tags?post=33"}],"curies":[{"name":"wp","href":"https:\/\/api.w.org\/{rel}","templated":true}]}}