{"id":20,"date":"2026-01-31T11:51:21","date_gmt":"2026-01-31T11:51:21","guid":{"rendered":"https:\/\/urbinavolant.com\/lecturapoetica\/?p=20"},"modified":"2026-02-02T10:26:05","modified_gmt":"2026-02-02T10:26:05","slug":"sesion-1","status":"publish","type":"post","link":"https:\/\/urbinavolant.com\/lecturapoetica\/index.php\/2026\/01\/31\/sesion-1\/","title":{"rendered":"Sesi\u00f3n 1"},"content":{"rendered":"\n<h2 class=\"wp-block-heading\">Texto 1<\/h2>\n\n\n\n<p><strong>CUENTAS PENDIENTES<\/strong> (Alfredo P\u00e9rez Berciano)<br><br>El mismo Federico, el cuatro ojos al que cort\u00e1bamos el pelo en el recreo y pint\u00e1bamos las u\u00f1as de rosa, el mismo al que encerr\u00e1bamos desnudo en los vestuarios y mol\u00edamos a patadas en las excursiones, el gordo al que escup\u00edamos desde el aula de dibujo y que ve\u00edamos lloriquear en silencio, el que se rompi\u00f3 el brazo cuando lo empujamos por las escaleras del gimnasio, Federico Santos del Valle, Fede, Ob\u00e9lix, el Ballena, Carap\u00e1n. Aqu\u00ed est\u00e1, treinta a\u00f1os despu\u00e9s, mir\u00e1ndome a la cara con una bata blanca y agarrando mi mano con cierta ternura.<br>Me dice que cierre los ojos y que intente estar tranquilo, que har\u00e1 todo lo posible por salvarme el h\u00edgado.<\/p>\n\n\n\n<h2 class=\"wp-block-heading\">Texto 2<\/h2>\n\n\n\n<p><strong>AUTORRETRATO<\/strong> (V\u00edctor Pe\u00f1a Dacosta)<\/p>\n\n\n\n<p>Tengo 1400&nbsp;seguidores<br>en&nbsp;Instagram, 1214<br>en&nbsp;Twitter, 3813<br>amigos&nbsp;en&nbsp;Facebook y&nbsp;nadie<br>que&nbsp;me&nbsp;acompa\u00f1e&nbsp;esta madrugada<br>a&nbsp;lanzar&nbsp;ebrio&nbsp;por&nbsp;las&nbsp;calles<br>absurdas&nbsp;proclamas trasnochadas<br>o a&nbsp;gritar&nbsp;que&nbsp;todav\u00eda&nbsp;te quiero.<\/p>\n\n\n\n<h2 class=\"wp-block-heading\">Texto 3<\/h2>\n\n\n\n<p><strong>COROLARIO<\/strong> (V\u00edctor Pe\u00f1a Dacosta)<\/p>\n\n\n\n<p>Te quise desde el principio;<br>no me di cuenta hasta el final.<\/p>\n\n\n\n<h2 class=\"wp-block-heading\">Texto 4<\/h2>\n\n\n\n<p><strong>DIX\u00c1N<\/strong> (Pablo Garc\u00eda Casado)<\/p>\n\n\n\n<p>por qu\u00e9 se secar\u00e1 tan lenta la ropa<br>por qu\u00e9 persisten<br>las manchas de grasa de fruta y de tus labios<br>si dix\u00e1n borra las manchas de una vez por todas<\/p>\n\n\n\n<p>por qu\u00e9 la aspereza de las prendas la sequedad de su tacto<br>si pienso en tus manos en tu modo de mirarme de decirme<br>que por culpa del amor habr\u00e1 que lavar las s\u00e1banas de nuevo<\/p>\n\n\n\n<p>preguntas tristes tristes como todos los anuncios de detergente<br>y es que no encuentro mejor suavizante que tus manos<br>en esos bares supermercados desnudos de la noche<\/p>\n\n\n\n<h2 class=\"wp-block-heading\">Texto 5<\/h2>\n\n\n\n<p><strong>ECO<\/strong> (Pablo Garc\u00eda Casado)<\/p>\n\n\n\n<p>No pides mucho a la vida, solo que sea ben\u00e9vola con ella. Verla c\u00f3mo crece, d\u00eda a d\u00eda, verla caminar sola hacia el colegio. Y despu\u00e9s, su propio m\u00f3vil, las llaves de casa. Sus primeros secretos, t\u00fa es que no lo entiendes, piercings, tatuajes. Las fiestas y la noche, mam\u00e1, solo es un amigo, los fantasmas. Cuando la veas llegar derrotada y sola. Abrazarla y decirle yo estar\u00e9 aqu\u00ed, siempre a tu lado. Y que crees en ella, en esta mancha gris de ecograf\u00eda. Que ahora tiembla entre tus manos.<\/p>\n\n\n\n<h2 class=\"wp-block-heading\">Texto 6<\/h2>\n\n\n\n<p><strong>QUIEN LO HA VIVIDO LO SABE <\/strong>(Anuncio de la Comunitat Valenciana)<\/p>\n\n\n\n<figure class=\"wp-block-embed is-type-video is-provider-youtube wp-block-embed-youtube wp-embed-aspect-16-9 wp-has-aspect-ratio\"><div class=\"wp-block-embed__wrapper\">\n<iframe loading=\"lazy\" title=\"Quien lo ha vivido lo sabe | Turismo Comunitat Valenciana 2021\" width=\"625\" height=\"352\" src=\"https:\/\/www.youtube.com\/embed\/AugS1JNx_bw?feature=oembed\" frameborder=\"0\" allow=\"accelerometer; autoplay; clipboard-write; encrypted-media; gyroscope; picture-in-picture; web-share\" referrerpolicy=\"strict-origin-when-cross-origin\" allowfullscreen><\/iframe>\n<\/div><\/figure>\n\n\n\n<h2 class=\"wp-block-heading\">Breve intermedio<\/h2>\n\n\n\n<p><strong>Leer para sanar<\/strong><\/p>\n\n\n\n<figure class=\"wp-block-embed is-type-wp-embed is-provider-experiencias-de-lectura-po-tica wp-block-embed-experiencias-de-lectura-po-tica\"><div class=\"wp-block-embed__wrapper\">\n<blockquote class=\"wp-embedded-content\" data-secret=\"5BIeklJdix\"><a href=\"https:\/\/urbinavolant.com\/lecturapoetica\/index.php\/2026\/01\/31\/leer-para-sanar\/\">Leer para sanar<\/a><\/blockquote><iframe loading=\"lazy\" class=\"wp-embedded-content\" sandbox=\"allow-scripts\" security=\"restricted\" style=\"position: absolute; visibility: hidden;\" title=\"\u00abLeer para sanar\u00bb \u2014 Experiencias de lectura po\u00e9tica\" src=\"https:\/\/urbinavolant.com\/lecturapoetica\/index.php\/2026\/01\/31\/leer-para-sanar\/embed\/#?secret=rCtAvW9JPS#?secret=5BIeklJdix\" data-secret=\"5BIeklJdix\" width=\"600\" height=\"338\" frameborder=\"0\" marginwidth=\"0\" marginheight=\"0\" scrolling=\"no\"><\/iframe>\n<\/div><\/figure>\n\n\n\n<p><strong>Empieza tu viaje po\u00e9tico<\/strong><\/p>\n\n\n\n<figure class=\"wp-block-embed is-type-wp-embed is-provider-experiencias-de-lectura-po-tica wp-block-embed-experiencias-de-lectura-po-tica\"><div class=\"wp-block-embed__wrapper\">\n<blockquote class=\"wp-embedded-content\" data-secret=\"N40sKYinh2\"><a href=\"https:\/\/urbinavolant.com\/lecturapoetica\/index.php\/2026\/01\/31\/empeza-tu-viaje-poetico\/\">Empeza tu viaje po\u00e9tico<\/a><\/blockquote><iframe loading=\"lazy\" class=\"wp-embedded-content\" sandbox=\"allow-scripts\" security=\"restricted\" style=\"position: absolute; visibility: hidden;\" title=\"\u00abEmpeza tu viaje po\u00e9tico\u00bb \u2014 Experiencias de lectura po\u00e9tica\" src=\"https:\/\/urbinavolant.com\/lecturapoetica\/index.php\/2026\/01\/31\/empeza-tu-viaje-poetico\/embed\/#?secret=P3YVBoosj2#?secret=N40sKYinh2\" data-secret=\"N40sKYinh2\" width=\"600\" height=\"338\" frameborder=\"0\" marginwidth=\"0\" marginheight=\"0\" scrolling=\"no\"><\/iframe>\n<\/div><\/figure>\n\n\n\n<p><strong>Fases del proceso creativo<\/strong><\/p>\n\n\n\n<figure class=\"wp-block-embed is-type-wp-embed is-provider-experiencias-de-lectura-po-tica wp-block-embed-experiencias-de-lectura-po-tica\"><div class=\"wp-block-embed__wrapper\">\n<blockquote class=\"wp-embedded-content\" data-secret=\"TXJVpU2UlY\"><a href=\"https:\/\/urbinavolant.com\/lecturapoetica\/index.php\/2026\/01\/31\/fases-del-proceso-creativo\/\">Fases del proceso creativo<\/a><\/blockquote><iframe loading=\"lazy\" class=\"wp-embedded-content\" sandbox=\"allow-scripts\" security=\"restricted\" style=\"position: absolute; visibility: hidden;\" title=\"\u00abFases del proceso creativo\u00bb \u2014 Experiencias de lectura po\u00e9tica\" src=\"https:\/\/urbinavolant.com\/lecturapoetica\/index.php\/2026\/01\/31\/fases-del-proceso-creativo\/embed\/#?secret=qkKOELalfF#?secret=TXJVpU2UlY\" data-secret=\"TXJVpU2UlY\" width=\"600\" height=\"338\" frameborder=\"0\" marginwidth=\"0\" marginheight=\"0\" scrolling=\"no\"><\/iframe>\n<\/div><\/figure>\n\n\n\n<h2 class=\"wp-block-heading\">Texto 7<\/h2>\n\n\n\n<p><strong>CANTAR DE MIO CID <\/strong>(fragmento)<\/p>\n\n\n\n<p>De los sos ojos    tan fuertemientre llorando,<br>tornaba la cabe\u00e7a    i est\u00e1balos catando.<br>Vio puertas abiertas    e u\u00e7os sin ca\u00f1ados,<br>alc\u00e1ndaras vazias    sin pielles e sin mantos<br>e sin falcones    e sin adtores mudados.<br>Sospir\u00f3 mio Cid,    ca mucho habi\u00e9 grandes cuidados.<br>Fabl\u00f3 mio Cid    bien e tan mesurado:<br>\u2014\u00ab\u00a1Grado a ti, Se\u00f1or Padre, que est\u00e1s en alto!<br>Esto me han vuelto    mios enemigos malos.\u00bb<\/p>\n\n\n\n<p><strong>CANTAR DE MIO CID<\/strong> (fragmento)<\/p>\n\n\n\n<p>Se ponen los escudos&nbsp;&nbsp;&nbsp;ante sus corazones,<br>y bajan las lanzas&nbsp;&nbsp;&nbsp;envueltas en pendones,<br>inclinan las caras&nbsp;&nbsp;&nbsp;encima de los arzones,<br>y cabalgan a herirlos&nbsp;&nbsp;&nbsp;con fuertes corazones.<\/p>\n\n\n\n<p>A grandes voces grita&nbsp;&nbsp;&nbsp;el que en buena hora naci\u00f3:<br>\u2014\u00ab\u00a1Heridlos, caballeros,&nbsp;&nbsp;&nbsp;por amor del Criador!<br>\u00a1Yo soy Ruiz D\u00edaz, el Cid,&nbsp;&nbsp;&nbsp;de Vivar Campeador!\u00bb [\u2026]<\/p>\n\n\n\n<p>All\u00ed vierais tantas lanzas&nbsp;&nbsp;&nbsp;hundirse y alzar,<br>tantas adargas&nbsp;&nbsp;&nbsp;hundir y traspasar,<br>tanta loriga&nbsp;&nbsp;&nbsp;abollar y desmallar,<br>tantos pendones blancos&nbsp;&nbsp;&nbsp;de roja sangre brillar,<br>tantos buenos caballos&nbsp;&nbsp;&nbsp;sin sus due\u00f1os andar.<br>Gritan los moros: \u00ab\u00a1Mahoma!\u00bb&nbsp;&nbsp;&nbsp;\u00ab\u00a1Santiago!\u00bb la cristiandad. [\u2026]<\/p>\n\n\n\n<p>A Minaya Alvar F\u00e1\u00f1ez&nbsp;&nbsp;&nbsp;mat\u00e1ronle el caballo,<br>pero bien le socorren&nbsp;&nbsp;&nbsp;mesnadas de cristianos.<br>Tiene rota la lanza,&nbsp;&nbsp;&nbsp;mete a la espada mano,<br>y, aunque a pie,&nbsp;&nbsp;&nbsp;buenos golpes va dando.<\/p>\n\n\n\n<p>Vi\u00f3lo mio Cid Ruy D\u00edaz&nbsp;&nbsp;&nbsp;el Castellano,<br>se fij\u00f3 en un visir&nbsp;&nbsp;&nbsp;que iba en buen caballo,<br>y d\u00e1ndole un mandoble,&nbsp;&nbsp;&nbsp;con su potente brazo,<br>parti\u00f3le por la cintura,&nbsp;&nbsp;&nbsp;y en dos cay\u00f3 al campo.<\/p>\n\n\n\n<p>A Minaya Alvar F\u00e1\u00f1ez&nbsp;&nbsp;&nbsp;le entreg\u00f3 aquel caballo:<br>\u2014\u00abCabalgad, Minaya:&nbsp;&nbsp;&nbsp;vos sois mi diestro brazo.\u00bb<\/p>\n\n\n\n<h2 class=\"wp-block-heading\">Texto 8<\/h2>\n\n\n\n<p><strong>EL MENDIGO<\/strong> (Karmelo Iribarren)<\/p>\n\n\n\n<p>Parec\u00eda<br>mirarme<br>desde\u00a0muy\u00a0lejos,<\/p>\n\n\n\n<p>pero\u00a0est\u00e1bamos\u00a0a un metro<br>escaso<br>de\u00a0distancia;<br>yo\u00a0de pie.<\/p>\n\n\n\n<h2 class=\"wp-block-heading\">Texto 9<\/h2>\n\n\n\n<p><strong>COPLAS A LA MUERTE DE SU PADRE<\/strong> &#8211; Fragmento (Jorge Manrique)<\/p>\n\n\n\n<p>Recuerde el alma dormida,<br>avive el seso y despierte,<br>contemplando<br>c\u00f3mo se pasa la vida,<br>c\u00f3mo se viene la muerte<br>tan callando;<\/p>\n\n\n\n<p>cu\u00e1n presto se va el placer,<br>c\u00f3mo despu\u00e9s de acordado<br>da dolor;<br>c\u00f3mo, a nuestro parecer,<br>cualquiera tiempo pasado<br>fue mejor.<\/p>\n\n\n\n<p><strong>COPLAS A LA MUERTE DE SU PADRE<\/strong> &#8211; Fragmento (Jorge Manrique)<\/p>\n\n\n\n<p>As\u00ed, con tal entender<br>todos sentidos humanos<br>conservados,<br>cercado de su mujer,<br>de sus hijos y hermanos<br>y criados,<\/p>\n\n\n\n<p>dio el alma a quien se la dio,<br>el cual la ponga en el cielo<br>en su gloria,<br>y aunque la vida muri\u00f3,<br>nos dej\u00f3 harto consuelo<br>su memoria.<\/p>\n\n\n\n<h2 class=\"wp-block-heading\">Texto 10<\/h2>\n\n\n\n<p><strong>TODO ASUSTA<\/strong> (Gloria Fuertes)<\/p>\n\n\n\n<p>Hago versos se\u00f1ores, hago versos,<br>pero no me gusta que me llamen poetisa,<br>me gusta el vino como a los alba\u00f1iles<br>y tengo una asistenta que habla sola.<\/p>\n\n\n\n<p>Este mundo resulta divertido,<br>pasan cosas se\u00f1ores que no expongo,<br>se dan casos, aunque nunca se dan casas<br>a los pobres que no pueden dar traspaso.<\/p>\n\n\n\n<p>Sigue habiendo solteras con su perro,<br>sigue habiendo casados con querida,<br>a los d\u00e9spotas duros nadie les dice nada,<br>y leemos que hay muertos y pasamos la hoja,<br>y nos pisan el cuello y nadie se levanta,<br>y nos odia la gente y decimos: \u00a1la vida!<\/p>\n\n\n\n<p>Esto pasa, se\u00f1ores, y yo debo decirlo.<\/p>\n\n\n\n<h2 class=\"wp-block-heading\">Texto 11<\/h2>\n\n\n\n<p><strong>EL DESAYUNO<\/strong> (Luis Alberto de Cuenca)<\/p>\n\n\n\n<p>Me gustas cuando dices tonter\u00edas,<br>cuando metes la pata, cuando mientes,<br>cuando te vas de compras con tu madre<br>y llego tarde al cine por tu culpa.<\/p>\n\n\n\n<p>Me gustas m\u00e1s cuando es mi cumplea\u00f1os<br>y me cubres de besos y de tartas,<br>o cuando eres feliz y se te nota,<br>o cuando eres genial con una frase<br>que lo resume todo, o cuando r\u00edes<br>(tu risa es una ducha en el infierno),<br>o cuando me perdonas un olvido.<\/p>\n\n\n\n<p>Pero a\u00fan me gustas m\u00e1s, tanto que casi<br>no puedo resistir lo que me gustas,<br>cuando, llena de vida, te despiertas<br>y lo primero que haces es decirme:<br>\u00abTengo un hambre feroz esta ma\u00f1ana.<br>Voy a empezar contigo el desayuno\u00bb.<\/p>\n\n\n\n<h2 class=\"wp-block-heading\">Texto 12<\/h2>\n\n\n\n<p><br><strong>PLATERO Y YO <\/strong>&#8211; Prosa n\u00famero 10 (Juan Ram\u00f3n Jim\u00e9nez)<\/p>\n\n\n\n<p>Mira, Platero, qu\u00e9 de rosas caen por todas partes: rosas azules, rosas blancas, sin color&#8230; Dir\u00edase que el cielo se deshace en rosas. Mira c\u00f3mo se me llenan de rosas la frente, los hombros, las manos&#8230; \u00bfQu\u00e9 har\u00e9 yo con tantas rosas?<\/p>\n\n\n\n<p>\u00bfSabes t\u00fa, quiz\u00e1s, de d\u00f3nde es esta blanda flora, que yo no s\u00e9 de d\u00f3nde es, que enternece, cada d\u00eda, el paisaje, y lo deja dulcemente rosado, blanco y celeste \u2013m\u00e1s rosas, m\u00e1s rosas\u2013, como un cuadro de Fray Ang\u00e9lico, el que pintaba la gloria de rodillas?<\/p>\n\n\n\n<p>De las siete galer\u00edas del Para\u00edso se creyera que tiran rosas a la tierra. Cual en una nevada tibia y vagamente colorida, se quedan las rosas en la torre, en el tejado, en los \u00e1rboles. Mira: todo lo fuerte se hace, con su adorno, delicado. M\u00e1s rosas, m\u00e1s rosas, m\u00e1s rosas&#8230;<\/p>\n\n\n\n<p>Parece, Platero, mientras suena el \u00c1ngelus, que esta vida nuestra pierde su fuerza cotidiana, y que otra fuerza de adentro, m\u00e1s altiva, m\u00e1s constante y m\u00e1s pura, hace que todo, como en surtidores de gracia, suba a las estrellas, que se encienden ya entre las rosas&#8230; M\u00e1s rosas&#8230; Tus ojos, que t\u00fa no ves, Platero, y que alzas mansamente al cielo, son dos bellas rosas.<\/p>\n\n\n\n<p><\/p>\n\n\n\n<h2 class=\"wp-block-heading\">Texto 13<\/h2>\n\n\n\n<p><strong>LIFE VEST UNDER YOUR SEAT<\/strong> (Luis Garc\u00eda Montero)<\/p>\n\n\n\n<p>Se\u00f1ores pasajeros buenas tardes<br>y Nueva York al fondo todav\u00eda,<br>delicadas las torres de Manhattan<br>con la luz sumergida de una muchacha triste,<br>buenas tardes se\u00f1ores pasajeros,<br>mantendremos en vuelo doce mil pies de altura,<br>altos como su cuerpo en el pasillo<br>de la Universidad, una pregunta,<br>podr\u00eda repetirme el t\u00edtulo del libro,<br>cumpliendo normas internacionales,<br>las cuatro ventanillas de emergencia,<br>pero habr\u00e1 que cenar, tal vez alguna copa,<br>casi vivir sin v\u00ednculo y sin l\u00edmites,<br>modos de ver la noche y estar en los cristales<br>del alba, regresando,<br>y muchas otras noches regresando<br>bajo edificios de temblor acu\u00e1tico,<br>a una velocidad de novecientos<br>kil\u00f3metros, te dije<br>que nunca resist\u00ed las despedidas,<br>al aeropuerto no,<br>prefiero tu recuerdo por mi casa,<br>apoyado en el piano del Bar Andaluc\u00eda,<br>bajo el cielo violeta<br>de los amaneceres en Manhattan,<br>igual que dos desnudos en penumbra<br>con Nueva York al fondo, todav\u00eda<br>al aeropuerto no,<br>rogamos hagan uso<br>del cintur\u00f3n, no fumen<br>hasta que despeguemos,<br>cuiden que est\u00e9n derechos los respaldos,<br>me tienes que llamar, de sus asientos.<\/p>\n\n\n\n<p><\/p>\n","protected":false},"excerpt":{"rendered":"<p>Texto 1 CUENTAS PENDIENTES (Alfredo P\u00e9rez Berciano) El mismo Federico, el cuatro ojos al que cort\u00e1bamos el pelo en el recreo y pint\u00e1bamos las u\u00f1as de rosa, el mismo al que encerr\u00e1bamos desnudo en los vestuarios y mol\u00edamos a patadas en las excursiones, el gordo al que escup\u00edamos desde el aula de dibujo y que [&hellip;]<\/p>\n","protected":false},"author":1,"featured_media":0,"comment_status":"open","ping_status":"open","sticky":false,"template":"","format":"standard","meta":{"_jetpack_memberships_contains_paid_content":false,"footnotes":""},"categories":[1],"tags":[],"class_list":["post-20","post","type-post","status-publish","format-standard","hentry","category-uncategorized"],"yoast_head":"<!-- This site is optimized with the Yoast SEO plugin v27.2 - https:\/\/yoast.com\/product\/yoast-seo-wordpress\/ -->\n<title>Sesi\u00f3n 1 - Experiencias de lectura po\u00e9tica<\/title>\n<meta name=\"robots\" content=\"index, follow, max-snippet:-1, max-image-preview:large, max-video-preview:-1\" \/>\n<link rel=\"canonical\" href=\"https:\/\/urbinavolant.com\/lecturapoetica\/index.php\/2026\/01\/31\/sesion-1\/\" \/>\n<meta property=\"og:locale\" content=\"es_ES\" \/>\n<meta property=\"og:type\" content=\"article\" \/>\n<meta property=\"og:title\" content=\"Sesi\u00f3n 1 - Experiencias de lectura po\u00e9tica\" \/>\n<meta property=\"og:description\" content=\"Texto 1 CUENTAS PENDIENTES (Alfredo P\u00e9rez Berciano) El mismo Federico, el cuatro ojos al que cort\u00e1bamos el pelo en el recreo y pint\u00e1bamos las u\u00f1as de rosa, el mismo al que encerr\u00e1bamos desnudo en los vestuarios y mol\u00edamos a patadas en las excursiones, el gordo al que escup\u00edamos desde el aula de dibujo y que [&hellip;]\" \/>\n<meta property=\"og:url\" content=\"https:\/\/urbinavolant.com\/lecturapoetica\/index.php\/2026\/01\/31\/sesion-1\/\" \/>\n<meta property=\"og:site_name\" content=\"Experiencias de lectura po\u00e9tica\" \/>\n<meta property=\"article:published_time\" content=\"2026-01-31T11:51:21+00:00\" \/>\n<meta property=\"article:modified_time\" content=\"2026-02-02T10:26:05+00:00\" \/>\n<meta name=\"author\" content=\"admin\" \/>\n<meta name=\"twitter:card\" content=\"summary_large_image\" \/>\n<meta name=\"twitter:label1\" content=\"Escrito por\" \/>\n\t<meta name=\"twitter:data1\" content=\"admin\" \/>\n\t<meta name=\"twitter:label2\" content=\"Tiempo de lectura\" \/>\n\t<meta name=\"twitter:data2\" content=\"7 minutos\" \/>\n<script type=\"application\/ld+json\" class=\"yoast-schema-graph\">{\"@context\":\"https:\/\/schema.org\",\"@graph\":[{\"@type\":\"Article\",\"@id\":\"https:\/\/urbinavolant.com\/lecturapoetica\/index.php\/2026\/01\/31\/sesion-1\/#article\",\"isPartOf\":{\"@id\":\"https:\/\/urbinavolant.com\/lecturapoetica\/index.php\/2026\/01\/31\/sesion-1\/\"},\"author\":{\"name\":\"admin\",\"@id\":\"https:\/\/urbinavolant.com\/lecturapoetica\/#\/schema\/person\/07486efa7706ad7e35909b766066247b\"},\"headline\":\"Sesi\u00f3n 1\",\"datePublished\":\"2026-01-31T11:51:21+00:00\",\"dateModified\":\"2026-02-02T10:26:05+00:00\",\"mainEntityOfPage\":{\"@id\":\"https:\/\/urbinavolant.com\/lecturapoetica\/index.php\/2026\/01\/31\/sesion-1\/\"},\"wordCount\":1592,\"commentCount\":0,\"articleSection\":[\"Uncategorized\"],\"inLanguage\":\"es\",\"potentialAction\":[{\"@type\":\"CommentAction\",\"name\":\"Comment\",\"target\":[\"https:\/\/urbinavolant.com\/lecturapoetica\/index.php\/2026\/01\/31\/sesion-1\/#respond\"]}]},{\"@type\":\"WebPage\",\"@id\":\"https:\/\/urbinavolant.com\/lecturapoetica\/index.php\/2026\/01\/31\/sesion-1\/\",\"url\":\"https:\/\/urbinavolant.com\/lecturapoetica\/index.php\/2026\/01\/31\/sesion-1\/\",\"name\":\"Sesi\u00f3n 1 - Experiencias de lectura po\u00e9tica\",\"isPartOf\":{\"@id\":\"https:\/\/urbinavolant.com\/lecturapoetica\/#website\"},\"datePublished\":\"2026-01-31T11:51:21+00:00\",\"dateModified\":\"2026-02-02T10:26:05+00:00\",\"author\":{\"@id\":\"https:\/\/urbinavolant.com\/lecturapoetica\/#\/schema\/person\/07486efa7706ad7e35909b766066247b\"},\"breadcrumb\":{\"@id\":\"https:\/\/urbinavolant.com\/lecturapoetica\/index.php\/2026\/01\/31\/sesion-1\/#breadcrumb\"},\"inLanguage\":\"es\",\"potentialAction\":[{\"@type\":\"ReadAction\",\"target\":[\"https:\/\/urbinavolant.com\/lecturapoetica\/index.php\/2026\/01\/31\/sesion-1\/\"]}]},{\"@type\":\"BreadcrumbList\",\"@id\":\"https:\/\/urbinavolant.com\/lecturapoetica\/index.php\/2026\/01\/31\/sesion-1\/#breadcrumb\",\"itemListElement\":[{\"@type\":\"ListItem\",\"position\":1,\"name\":\"Portada\",\"item\":\"https:\/\/urbinavolant.com\/lecturapoetica\/\"},{\"@type\":\"ListItem\",\"position\":2,\"name\":\"Sesi\u00f3n 1\"}]},{\"@type\":\"WebSite\",\"@id\":\"https:\/\/urbinavolant.com\/lecturapoetica\/#website\",\"url\":\"https:\/\/urbinavolant.com\/lecturapoetica\/\",\"name\":\"Experiencias de lectura po\u00e9tica\",\"description\":\"Sesiones de la Universidad de la Experiencia de la Universidad de Burgos\",\"potentialAction\":[{\"@type\":\"SearchAction\",\"target\":{\"@type\":\"EntryPoint\",\"urlTemplate\":\"https:\/\/urbinavolant.com\/lecturapoetica\/?s={search_term_string}\"},\"query-input\":{\"@type\":\"PropertyValueSpecification\",\"valueRequired\":true,\"valueName\":\"search_term_string\"}}],\"inLanguage\":\"es\"},{\"@type\":\"Person\",\"@id\":\"https:\/\/urbinavolant.com\/lecturapoetica\/#\/schema\/person\/07486efa7706ad7e35909b766066247b\",\"name\":\"admin\",\"image\":{\"@type\":\"ImageObject\",\"inLanguage\":\"es\",\"@id\":\"https:\/\/secure.gravatar.com\/avatar\/21d3e60c40d9543da4ac5e2ac1e82727d5dd42c851863dd1d7c08607dce7373a?s=96&d=mm&r=g\",\"url\":\"https:\/\/secure.gravatar.com\/avatar\/21d3e60c40d9543da4ac5e2ac1e82727d5dd42c851863dd1d7c08607dce7373a?s=96&d=mm&r=g\",\"contentUrl\":\"https:\/\/secure.gravatar.com\/avatar\/21d3e60c40d9543da4ac5e2ac1e82727d5dd42c851863dd1d7c08607dce7373a?s=96&d=mm&r=g\",\"caption\":\"admin\"},\"sameAs\":[\"https:\/\/urbinavolant.com\/lecturapoetica\"],\"url\":\"https:\/\/urbinavolant.com\/lecturapoetica\/index.php\/author\/rauf\/\"}]}<\/script>\n<!-- \/ Yoast SEO plugin. -->","yoast_head_json":{"title":"Sesi\u00f3n 1 - Experiencias de lectura po\u00e9tica","robots":{"index":"index","follow":"follow","max-snippet":"max-snippet:-1","max-image-preview":"max-image-preview:large","max-video-preview":"max-video-preview:-1"},"canonical":"https:\/\/urbinavolant.com\/lecturapoetica\/index.php\/2026\/01\/31\/sesion-1\/","og_locale":"es_ES","og_type":"article","og_title":"Sesi\u00f3n 1 - Experiencias de lectura po\u00e9tica","og_description":"Texto 1 CUENTAS PENDIENTES (Alfredo P\u00e9rez Berciano) El mismo Federico, el cuatro ojos al que cort\u00e1bamos el pelo en el recreo y pint\u00e1bamos las u\u00f1as de rosa, el mismo al que encerr\u00e1bamos desnudo en los vestuarios y mol\u00edamos a patadas en las excursiones, el gordo al que escup\u00edamos desde el aula de dibujo y que [&hellip;]","og_url":"https:\/\/urbinavolant.com\/lecturapoetica\/index.php\/2026\/01\/31\/sesion-1\/","og_site_name":"Experiencias de lectura po\u00e9tica","article_published_time":"2026-01-31T11:51:21+00:00","article_modified_time":"2026-02-02T10:26:05+00:00","author":"admin","twitter_card":"summary_large_image","twitter_misc":{"Escrito por":"admin","Tiempo de lectura":"7 minutos"},"schema":{"@context":"https:\/\/schema.org","@graph":[{"@type":"Article","@id":"https:\/\/urbinavolant.com\/lecturapoetica\/index.php\/2026\/01\/31\/sesion-1\/#article","isPartOf":{"@id":"https:\/\/urbinavolant.com\/lecturapoetica\/index.php\/2026\/01\/31\/sesion-1\/"},"author":{"name":"admin","@id":"https:\/\/urbinavolant.com\/lecturapoetica\/#\/schema\/person\/07486efa7706ad7e35909b766066247b"},"headline":"Sesi\u00f3n 1","datePublished":"2026-01-31T11:51:21+00:00","dateModified":"2026-02-02T10:26:05+00:00","mainEntityOfPage":{"@id":"https:\/\/urbinavolant.com\/lecturapoetica\/index.php\/2026\/01\/31\/sesion-1\/"},"wordCount":1592,"commentCount":0,"articleSection":["Uncategorized"],"inLanguage":"es","potentialAction":[{"@type":"CommentAction","name":"Comment","target":["https:\/\/urbinavolant.com\/lecturapoetica\/index.php\/2026\/01\/31\/sesion-1\/#respond"]}]},{"@type":"WebPage","@id":"https:\/\/urbinavolant.com\/lecturapoetica\/index.php\/2026\/01\/31\/sesion-1\/","url":"https:\/\/urbinavolant.com\/lecturapoetica\/index.php\/2026\/01\/31\/sesion-1\/","name":"Sesi\u00f3n 1 - Experiencias de lectura po\u00e9tica","isPartOf":{"@id":"https:\/\/urbinavolant.com\/lecturapoetica\/#website"},"datePublished":"2026-01-31T11:51:21+00:00","dateModified":"2026-02-02T10:26:05+00:00","author":{"@id":"https:\/\/urbinavolant.com\/lecturapoetica\/#\/schema\/person\/07486efa7706ad7e35909b766066247b"},"breadcrumb":{"@id":"https:\/\/urbinavolant.com\/lecturapoetica\/index.php\/2026\/01\/31\/sesion-1\/#breadcrumb"},"inLanguage":"es","potentialAction":[{"@type":"ReadAction","target":["https:\/\/urbinavolant.com\/lecturapoetica\/index.php\/2026\/01\/31\/sesion-1\/"]}]},{"@type":"BreadcrumbList","@id":"https:\/\/urbinavolant.com\/lecturapoetica\/index.php\/2026\/01\/31\/sesion-1\/#breadcrumb","itemListElement":[{"@type":"ListItem","position":1,"name":"Portada","item":"https:\/\/urbinavolant.com\/lecturapoetica\/"},{"@type":"ListItem","position":2,"name":"Sesi\u00f3n 1"}]},{"@type":"WebSite","@id":"https:\/\/urbinavolant.com\/lecturapoetica\/#website","url":"https:\/\/urbinavolant.com\/lecturapoetica\/","name":"Experiencias de lectura po\u00e9tica","description":"Sesiones de la Universidad de la Experiencia de la Universidad de Burgos","potentialAction":[{"@type":"SearchAction","target":{"@type":"EntryPoint","urlTemplate":"https:\/\/urbinavolant.com\/lecturapoetica\/?s={search_term_string}"},"query-input":{"@type":"PropertyValueSpecification","valueRequired":true,"valueName":"search_term_string"}}],"inLanguage":"es"},{"@type":"Person","@id":"https:\/\/urbinavolant.com\/lecturapoetica\/#\/schema\/person\/07486efa7706ad7e35909b766066247b","name":"admin","image":{"@type":"ImageObject","inLanguage":"es","@id":"https:\/\/secure.gravatar.com\/avatar\/21d3e60c40d9543da4ac5e2ac1e82727d5dd42c851863dd1d7c08607dce7373a?s=96&d=mm&r=g","url":"https:\/\/secure.gravatar.com\/avatar\/21d3e60c40d9543da4ac5e2ac1e82727d5dd42c851863dd1d7c08607dce7373a?s=96&d=mm&r=g","contentUrl":"https:\/\/secure.gravatar.com\/avatar\/21d3e60c40d9543da4ac5e2ac1e82727d5dd42c851863dd1d7c08607dce7373a?s=96&d=mm&r=g","caption":"admin"},"sameAs":["https:\/\/urbinavolant.com\/lecturapoetica"],"url":"https:\/\/urbinavolant.com\/lecturapoetica\/index.php\/author\/rauf\/"}]}},"jetpack_featured_media_url":"","jetpack_sharing_enabled":true,"_links":{"self":[{"href":"https:\/\/urbinavolant.com\/lecturapoetica\/index.php\/wp-json\/wp\/v2\/posts\/20","targetHints":{"allow":["GET"]}}],"collection":[{"href":"https:\/\/urbinavolant.com\/lecturapoetica\/index.php\/wp-json\/wp\/v2\/posts"}],"about":[{"href":"https:\/\/urbinavolant.com\/lecturapoetica\/index.php\/wp-json\/wp\/v2\/types\/post"}],"author":[{"embeddable":true,"href":"https:\/\/urbinavolant.com\/lecturapoetica\/index.php\/wp-json\/wp\/v2\/users\/1"}],"replies":[{"embeddable":true,"href":"https:\/\/urbinavolant.com\/lecturapoetica\/index.php\/wp-json\/wp\/v2\/comments?post=20"}],"version-history":[{"count":18,"href":"https:\/\/urbinavolant.com\/lecturapoetica\/index.php\/wp-json\/wp\/v2\/posts\/20\/revisions"}],"predecessor-version":[{"id":77,"href":"https:\/\/urbinavolant.com\/lecturapoetica\/index.php\/wp-json\/wp\/v2\/posts\/20\/revisions\/77"}],"wp:attachment":[{"href":"https:\/\/urbinavolant.com\/lecturapoetica\/index.php\/wp-json\/wp\/v2\/media?parent=20"}],"wp:term":[{"taxonomy":"category","embeddable":true,"href":"https:\/\/urbinavolant.com\/lecturapoetica\/index.php\/wp-json\/wp\/v2\/categories?post=20"},{"taxonomy":"post_tag","embeddable":true,"href":"https:\/\/urbinavolant.com\/lecturapoetica\/index.php\/wp-json\/wp\/v2\/tags?post=20"}],"curies":[{"name":"wp","href":"https:\/\/api.w.org\/{rel}","templated":true}]}}